{"id":269812,"date":"2025-07-24T06:16:16","date_gmt":"2025-07-24T06:16:16","guid":{"rendered":"https:\/\/www.europesays.com\/fr\/269812\/"},"modified":"2025-07-24T06:16:16","modified_gmt":"2025-07-24T06:16:16","slug":"tout-est-parti-de-polynesie-francaise","status":"publish","type":"post","link":"https:\/\/www.europesays.com\/fr\/269812\/","title":{"rendered":"tout est parti de Polyn\u00e9sie fran\u00e7aise"},"content":{"rendered":"<p>Il s\u2019agit des premiers cas autochtones de dengue dans la Loire. Des cas jamais observ\u00e9s dans le d\u00e9partement jusqu\u2019\u00e0 cet \u00e9t\u00e9.<\/p>\n<p>Deux personnes, \u00e0 ce jour, r\u00e9sidant \u00e0 Saint-Chamond, l\u2019une dans le quartier de Saint-Julien, l\u2019autre dans celui de Fonsala, ont contract\u00e9 cette maladie tropicale sans avoir voyag\u00e9 dans des contr\u00e9es intertropicales. Elles l\u2019ont attrap\u00e9e simplement apr\u00e8s avoir \u00e9t\u00e9 piqu\u00e9es par un moustique-tigre contamin\u00e9, \u00e0 Saint-Chamond, par l\u2019homme.<\/p>\n<p>Cet Aedes albopictus, de son vrai nom, avait choisi, auparavant, de faire son repas de sang sur un Lig\u00e9rien qui avait rapport\u00e9 la dengue de son voyage en Polyn\u00e9sie fran\u00e7aise, il y a quelques semaines. La personne en question, cas de dengue import\u00e9, avait alors fait l\u2019objet d\u2019un signalement, le 29\u00a0juin, comme c\u2019est la&#8230;<\/p>\n","protected":false},"excerpt":{"rendered":"Il s\u2019agit des premiers cas autochtones de dengue dans la Loire. Des cas jamais observ\u00e9s dans le d\u00e9partement&hellip;\n","protected":false},"author":2,"featured_media":269813,"comment_status":"","ping_status":"","sticky":false,"template":"","format":"standard","meta":{"footnotes":""},"categories":[9653],"tags":[1111,11,2430,7539,1777,674,107,1011,27,3367,12,25,9669,9670,4001,71],"class_list":{"0":"post-269812","1":"post","2":"type-post","3":"status-publish","4":"format-standard","5":"has-post-thumbnail","7":"category-saint-etienne","8":"tag-actu","9":"tag-actualites","10":"tag-auvergne-rhone-alpes","11":"tag-edition-loire-sud","12":"tag-eu","13":"tag-europe","14":"tag-fil-info","15":"tag-fr","16":"tag-france","17":"tag-loire","18":"tag-news","19":"tag-republique-francaise","20":"tag-saint-chamond","21":"tag-saint-chamond-ville","22":"tag-saint-etienne","23":"tag-sante"},"share_on_mastodon":{"url":"https:\/\/pubeurope.com\/@fr\/114906751666279357","error":""},"_links":{"self":[{"href":"https:\/\/www.europesays.com\/fr\/wp-json\/wp\/v2\/posts\/269812","targetHints":{"allow":["GET"]}}],"collection":[{"href":"https:\/\/www.europesays.com\/fr\/wp-json\/wp\/v2\/posts"}],"about":[{"href":"https:\/\/www.europesays.com\/fr\/wp-json\/wp\/v2\/types\/post"}],"author":[{"embeddable":true,"href":"https:\/\/www.europesays.com\/fr\/wp-json\/wp\/v2\/users\/2"}],"replies":[{"embeddable":true,"href":"https:\/\/www.europesays.com\/fr\/wp-json\/wp\/v2\/comments?post=269812"}],"version-history":[{"count":0,"href":"https:\/\/www.europesays.com\/fr\/wp-json\/wp\/v2\/posts\/269812\/revisions"}],"wp:featuredmedia":[{"embeddable":true,"href":"https:\/\/www.europesays.com\/fr\/wp-json\/wp\/v2\/media\/269813"}],"wp:attachment":[{"href":"https:\/\/www.europesays.com\/fr\/wp-json\/wp\/v2\/media?parent=269812"}],"wp:term":[{"taxonomy":"category","embeddable":true,"href":"https:\/\/www.europesays.com\/fr\/wp-json\/wp\/v2\/categories?post=269812"},{"taxonomy":"post_tag","embeddable":true,"href":"https:\/\/www.europesays.com\/fr\/wp-json\/wp\/v2\/tags?post=269812"}],"curies":[{"name":"wp","href":"https:\/\/api.w.org\/{rel}","templated":true}]}}