{"id":269816,"date":"2025-07-24T06:18:08","date_gmt":"2025-07-24T06:18:08","guid":{"rendered":"https:\/\/www.europesays.com\/fr\/269816\/"},"modified":"2025-07-24T06:18:08","modified_gmt":"2025-07-24T06:18:08","slug":"cet-arbre-vieux-de-150-ans-risque-de-tomber-a-tout-moment","status":"publish","type":"post","link":"https:\/\/www.europesays.com\/fr\/269816\/","title":{"rendered":"cet arbre vieux de 150 ans risque de tomber \u00e0 tout moment"},"content":{"rendered":"<p>            Par<br \/>\n        <strong><br \/>\n            <a href=\"https:\/\/actu.fr\/auteur\/pierre-emile-bouchy-actu-fr\" title=\"Consulter tous les articles de Paul-Emile Bouchy\" target=\"_blank\" rel=\"noopener\">Paul-Emile Bouchy<\/a><br \/>\n        <\/strong><\/p>\n<p>        Publi\u00e9 le<\/p>\n<p>            24 juil. 2025 \u00e0 7h02        <\/p>\n<p>Dans les ann\u00e9es \u00e0 venir, le <a href=\"https:\/\/actu.fr\/tag\/parc-de-la-pepiniere\" target=\"_blank\" rel=\"noopener\">parc de la P\u00e9pini\u00e8re<\/a> va subir de <a href=\"https:\/\/static.actu.fr\/uploads\/2025\/06\/parc-de-la-pepiniere-nancy-500x334.jpg\" target=\"_blank\" rel=\"noopener\">nombreux travaux<\/a> avec une <a href=\"https:\/\/actu.fr\/grand-est\/nancy_54395\/nancy-l-aire-de-jeux-du-parc-de-la-pepiniere-va-demenager-voici-ce-qu-il-faut-savoir_62818610.html\" target=\"_blank\" rel=\"noopener\">nouvelle aire de jeux<\/a>, les transformations de l\u2019<a href=\"https:\/\/static.actu.fr\/uploads\/2025\/06\/espace-animalier-parc-de-la-pepiniere-nancy-500x334.jpg\" target=\"_blank\" rel=\"noopener\">espace animalier<\/a> ou encore de <a href=\"https:\/\/actu.fr\/grand-est\/nancy_54395\/nancy-ce-coin-tres-apprecie-du-parc-de-la-pepiniere-va-etre-totalement-renove_62823468.html\" target=\"_blank\" rel=\"noopener\">la roseraie<\/a>.<\/p>\n<p class=\" wall-content\">En revanche, un pan de son histoire est en passe de dispara\u00eetre. <a href=\"https:\/\/actu.fr\/grand-est\/nancy_54395\/nancy-pourquoi-des-barrieres-bloquent-l-acces-a-une-partie-du-parc-de-la-pepiniere_56850847.html\" target=\"_blank\" rel=\"noopener\">Prot\u00e9g\u00e9 par des barri\u00e8res, depuis 2017<\/a> pour cr\u00e9er un p\u00e9rim\u00e8tre de s\u00e9curit\u00e9, <strong>un h\u00eatre pourpre risque de tomber<\/strong> \u00e0 tout moment.<\/p>\n<p>L\u2019arbre attaqu\u00e9 par des champignons<\/p>\n<p class=\" wall-content\">Mesurant <strong>30\u00a0m\u00e8tres de haut et d\u2019envergure<\/strong>, cet arbre est suivi depuis 1996 par des experts ind\u00e9pendants. D\u2019apr\u00e8s le service \u00c9cologie et Nature de la Ville de Nancy, cet arbre est malade, \u00ab\u2009attaqu\u00e9 par l\u2019haplopore et l\u2019ustuline, <strong>deux champignons lignivores qui compromettent sa sant\u00e9<\/strong>\u2009\u00bb.<\/p>\n<p class=\" wall-content\">Depuis 2023, la fissure entre les deux troncs s\u2019accentue. \u00ab\u2009Un des troncs est en train de se casser petit \u00e0 petit. On ne sait pas quand il va tomber. <strong>Cela peut \u00eatre la semaine prochaine, comme dans plusieurs mois<\/strong>\u2009\u00bb, explique Yannick Andr\u00e9s, chef du service patrimoine arbor\u00e9.<\/p>\n<p class=\" wall-content\">La municipalit\u00e9 a pris <strong>la d\u00e9cision de laisser le temps faire son travail<\/strong>\u2009: \u00ab\u2009Il n\u2019y a pas de risque pour les visiteurs du parc, car ils ne peuvent pas approcher l\u2019arbre et l\u2019arbre abrite toujours des esp\u00e8ces et de la biodiversit\u00e9.\u2009\u00bb<\/p>\n<p>Labellis\u00e9 \u00ab\u2009Arbre remarquable de France\u2009\u00bb<\/p>\n<p class=\" wall-content\">D\u2019apr\u00e8s les expertises, cet arbre a \u00e9t\u00e9 plant\u00e9 \u00ab\u2009vers 1875-1877\u2009\u00bb et aurait donc <strong>pr\u00e8s de 150\u00a0ans<\/strong>. Il fait aussi partie des rares feuillus nanc\u00e9iens \u00e0 \u00eatre <strong>labellis\u00e9s \u00ab\u2009Arbres remarquables de France\u2009\u00bb<\/strong>.<\/p>\n<p class=\" wall-content\">L\u2019histoire raconte que deux h\u00eatres pourpres auraient \u00e9t\u00e9 plant\u00e9s c\u00f4te \u00e0 c\u00f4te et qu\u2019au fil du temps, les troncs se seraient soud\u00e9s, donnant l\u2019impression d\u2019un arbre unique.<\/p>\n<p class=\" wall-content\">\u00ab\u2009Cet arbre a aussi <strong>une forte valeur affective<\/strong> pour des g\u00e9n\u00e9rations d\u2019habitants\u2009: certains venaient devant pour faire leurs photos de mariage\u2009\u00bb, ajoute M. Andr\u00e8s.<\/p>\n<p class=\" wall-content\">Suivez toute l\u2019actualit\u00e9 de vos villes et m\u00e9dias favoris en vous inscrivant \u00e0 <a href=\"https:\/\/moncompte.actu.fr\" title=\"D\u00e9couvez Mon Actu\" rel=\"nofollow noopener\" data-trk=\"{&quot;cta&quot;:{&quot;action&quot;:&quot;https:\\\/\\\/moncompte.actu.fr&quot;,&quot;category&quot;:&quot;mon compte&quot;,&quot;from&quot;:&quot;article footer&quot;,&quot;name&quot;:&quot;Mon actu&quot;,&quot;type&quot;:&quot;cta&quot;}}\" target=\"_blank\">Mon Actu<\/a>.<\/p>\n","protected":false},"excerpt":{"rendered":"Par Paul-Emile Bouchy Publi\u00e9 le 24 juil. 2025 \u00e0 7h02 Dans les ann\u00e9es \u00e0 venir, le parc de&hellip;\n","protected":false},"author":2,"featured_media":269817,"comment_status":"","ping_status":"","sticky":false,"template":"","format":"standard","meta":{"footnotes":""},"categories":[9635],"tags":[1111,11,1777,674,1011,27,775,1702,12,11014,25,104],"class_list":{"0":"post-269816","1":"post","2":"type-post","3":"status-publish","4":"format-standard","5":"has-post-thumbnail","7":"category-nancy","8":"tag-actu","9":"tag-actualites","10":"tag-eu","11":"tag-europe","12":"tag-fr","13":"tag-france","14":"tag-grand-est","15":"tag-nancy","16":"tag-news","17":"tag-parc-de-la-pepiniere","18":"tag-republique-francaise","19":"tag-societe"},"share_on_mastodon":{"url":"https:\/\/pubeurope.com\/@fr\/114906759331887814","error":""},"_links":{"self":[{"href":"https:\/\/www.europesays.com\/fr\/wp-json\/wp\/v2\/posts\/269816","targetHints":{"allow":["GET"]}}],"collection":[{"href":"https:\/\/www.europesays.com\/fr\/wp-json\/wp\/v2\/posts"}],"about":[{"href":"https:\/\/www.europesays.com\/fr\/wp-json\/wp\/v2\/types\/post"}],"author":[{"embeddable":true,"href":"https:\/\/www.europesays.com\/fr\/wp-json\/wp\/v2\/users\/2"}],"replies":[{"embeddable":true,"href":"https:\/\/www.europesays.com\/fr\/wp-json\/wp\/v2\/comments?post=269816"}],"version-history":[{"count":0,"href":"https:\/\/www.europesays.com\/fr\/wp-json\/wp\/v2\/posts\/269816\/revisions"}],"wp:featuredmedia":[{"embeddable":true,"href":"https:\/\/www.europesays.com\/fr\/wp-json\/wp\/v2\/media\/269817"}],"wp:attachment":[{"href":"https:\/\/www.europesays.com\/fr\/wp-json\/wp\/v2\/media?parent=269816"}],"wp:term":[{"taxonomy":"category","embeddable":true,"href":"https:\/\/www.europesays.com\/fr\/wp-json\/wp\/v2\/categories?post=269816"},{"taxonomy":"post_tag","embeddable":true,"href":"https:\/\/www.europesays.com\/fr\/wp-json\/wp\/v2\/tags?post=269816"}],"curies":[{"name":"wp","href":"https:\/\/api.w.org\/{rel}","templated":true}]}}