{"id":269823,"date":"2025-07-24T06:25:11","date_gmt":"2025-07-24T06:25:11","guid":{"rendered":"https:\/\/www.europesays.com\/fr\/269823\/"},"modified":"2025-07-24T06:25:11","modified_gmt":"2025-07-24T06:25:11","slug":"saveurs-et-secrets-du-languedoc-avec-montpellier-wine-tours","status":"publish","type":"post","link":"https:\/\/www.europesays.com\/fr\/269823\/","title":{"rendered":"Saveurs et secrets du Languedoc, avec Montpellier Wine Tours"},"content":{"rendered":"<p>\t\t\t\t\t <b>TourMaG &#8211; Quel est l&rsquo;atout n\u00b01 de votre r\u00e9gion, l&rsquo;endroit qui cr\u00e9e un effet \u00ab\u00a0waouh\u00a0\u00bb ou la raison qui donne envie d\u2019y passer un s\u00e9jour ?<\/b><\/p>\n<p><a class=\"liens\" href=\"https:\/\/fr.linkedin.com\/in\/carine-ageneau-6b10046\" target=\"_blank\" rel=\"nofollow noopener\">Carine Ageneau<\/a> :  La r\u00e9gion Languedoc offre une diversit\u00e9 spectaculaire de paysages et d&rsquo; exp\u00e9riences, c\u2019est un concentr\u00e9 de M\u00e9diterran\u00e9e entre mer, vignes, montagnes et patrimoine.&#13;\t\t\t\t\t <\/p>\n<p>Le v\u00e9ritable effet \u00ab\u00a0waouh\u00a0\u00bb pour la majorit\u00e9 des visiteurs, c\u2019est cette combinaison unique :&#13;\t\t\t\t\t <\/p>\n<p>&#8211; la mer M\u00e9diterran\u00e9e, avec ses longues plages de sable fin (par exemple celle de l&rsquo;Espiguette, au Cap d\u2019Agde, \u00e0 Gruissan) ;&#13;\t\t\t\t\t <\/p>\n<p>&#8211; les vignobles \u00e0 perte de vue, souvent nich\u00e9s dans des paysages sauvages (Pic Saint-Loup, <a class=\"liens\" href=\"https:\/\/www.tourmag.com\/Le-Minervois-une-alternative-originale-a-la-Provence-ou-au-Roussillon_a110242.html\" target=\"_blank\" rel=\"nofollow noopener\">Minervois,<\/a> La Clape) ;&#13;\t\t\t\t\t <\/p>\n<p>&#8211; des villages et cit\u00e9s historiques spectaculaires, comme Carcassonne, Aigues-Mortes, Saint-Guilhem-le-D\u00e9sert ou P\u00e9zenas ;&#13;\t\t\t\t\t <\/p>\n<p>&#8211; des sites naturels impressionnants, comme le Cirque de Navacelles, les gorges de l\u2019H\u00e9rault, le Canal du Midi, etc. ;&#13;\t\t\t\t\t <\/p>\n<p>&#8211; et le soleil qui brille 300 jours par an !&#13;\t\t\t\t\t <\/p>\n<p>C\u2019est une r\u00e9gion encore authentique, moins satur\u00e9e que la C\u00f4te d\u2019Azur, mais tout aussi riche. On y mange bien, on y boit des vins de caract\u00e8re, on y randonne, on s\u2019y baigne, on s\u2019y cultive &#8211; le tout dans une atmosph\u00e8re chaleureuse et simple. &#13;\t\t\t\t\t <\/p>\n<p><b>Lire aussi :<\/b> <a class=\"liens\" href=\"https:\/\/www.tourmag.com\/Le-Grand-Pic-Saint-Loup-terre-de-cocagne-languedocienne_a123665.html\" target=\"_blank\" rel=\"nofollow noopener\">Le Grand Pic Saint-Loup, terre de cocagne languedocienne<\/a>&#13;\t\t\t\t\t <\/p>\n<p><b>TourMaG &#8211; Quel est, selon vous, le meilleur moment pour visiter le Languedoc, et pourquoi ?&#13;\t\t\t\t\t <\/b><\/p>\n<p>Carine Ageneau :  Je recommande souvent le mois de juin, lorsque la nature est encore luxuriante apr\u00e8s les pluies du printemps, que le soleil brille et instaure d\u00e9j\u00e0 une ambiance estivale, sans pour autant subir la foule des mois de juillet et ao\u00fbt.&#13;\t\t\t\t\t <\/p>\n<p>Le mois de septembre est aussi id\u00e9al pour visiter les vignobles : c\u2019est la p\u00e9riode des vendanges, o\u00f9 les caves s\u2019animent avec une effervescence palpable. C\u2019est fascinant d\u2019observer la naissance du nouveau mill\u00e9sime sous nos yeux ! &#13;\t\t\t\t\t <\/p>\n<p>\u00c0 la fin septembre, le vignoble se pare de ses magnifiques couleurs automnales.&#13;\t\t\t\t\t <\/p>\n<p><b>TourMaG &#8211; Quelle p\u00e9pite m\u00e9connue de votre territoire recommanderiez-vous aux voyageurs ?&#13;\t\t\t\t\t <\/b><\/p>\n<p>Carine Ageneau :  Je recommande le village de Saint-Guilhem-le-D\u00e9sert et les gorges de l\u2019H\u00e9rault. &#13;\t\t\t\t\t <\/p>\n<p>C\u2019est un tr\u00e8s joli village, nich\u00e9 entre falaises et rivi\u00e8re, qui offre \u00e0 la fois un patrimoine exceptionnel (class\u00e9 UNESCO), des ruelles m\u00e9di\u00e9vales pleines de charme, et la possibilit\u00e9 de se baigner ou faire du cano\u00eb dans un d\u00e9cor naturel \u00e9poustouflant. &#13;\t\t\t\t\t <\/p>\n<p>Il est \u00e9galement situ\u00e9 au c\u0153ur de l&rsquo;appellation Terrasses du Larzac qui a gagn\u00e9 ses lettres de noblesses chez les aficionados du vin et produit certains des meilleurs crus de la r\u00e9gion.\n\t\t\t\t <\/p>\n","protected":false},"excerpt":{"rendered":"TourMaG &#8211; Quel est l&rsquo;atout n\u00b01 de votre r\u00e9gion, l&rsquo;endroit qui cr\u00e9e un effet \u00ab\u00a0waouh\u00a0\u00bb ou la raison&hellip;\n","protected":false},"author":2,"featured_media":269824,"comment_status":"","ping_status":"","sticky":false,"template":"","format":"standard","meta":{"footnotes":""},"categories":[9599],"tags":[1111,11,1777,674,1011,27,2650,2208,40910,12,2680,25,40911],"class_list":{"0":"post-269823","1":"post","2":"type-post","3":"status-publish","4":"format-standard","5":"has-post-thumbnail","7":"category-montpellier","8":"tag-actu","9":"tag-actualites","10":"tag-eu","11":"tag-europe","12":"tag-fr","13":"tag-france","14":"tag-languedoc","15":"tag-montpellier","16":"tag-montpellier-wine-tours","17":"tag-news","18":"tag-occitanie","19":"tag-republique-francaise","20":"tag-seriefranceete2025"},"share_on_mastodon":{"url":"https:\/\/pubeurope.com\/@fr\/114906786772203092","error":""},"_links":{"self":[{"href":"https:\/\/www.europesays.com\/fr\/wp-json\/wp\/v2\/posts\/269823","targetHints":{"allow":["GET"]}}],"collection":[{"href":"https:\/\/www.europesays.com\/fr\/wp-json\/wp\/v2\/posts"}],"about":[{"href":"https:\/\/www.europesays.com\/fr\/wp-json\/wp\/v2\/types\/post"}],"author":[{"embeddable":true,"href":"https:\/\/www.europesays.com\/fr\/wp-json\/wp\/v2\/users\/2"}],"replies":[{"embeddable":true,"href":"https:\/\/www.europesays.com\/fr\/wp-json\/wp\/v2\/comments?post=269823"}],"version-history":[{"count":0,"href":"https:\/\/www.europesays.com\/fr\/wp-json\/wp\/v2\/posts\/269823\/revisions"}],"wp:featuredmedia":[{"embeddable":true,"href":"https:\/\/www.europesays.com\/fr\/wp-json\/wp\/v2\/media\/269824"}],"wp:attachment":[{"href":"https:\/\/www.europesays.com\/fr\/wp-json\/wp\/v2\/media?parent=269823"}],"wp:term":[{"taxonomy":"category","embeddable":true,"href":"https:\/\/www.europesays.com\/fr\/wp-json\/wp\/v2\/categories?post=269823"},{"taxonomy":"post_tag","embeddable":true,"href":"https:\/\/www.europesays.com\/fr\/wp-json\/wp\/v2\/tags?post=269823"}],"curies":[{"name":"wp","href":"https:\/\/api.w.org\/{rel}","templated":true}]}}