{"id":269831,"date":"2025-07-24T06:32:28","date_gmt":"2025-07-24T06:32:28","guid":{"rendered":"https:\/\/www.europesays.com\/fr\/269831\/"},"modified":"2025-07-24T06:32:28","modified_gmt":"2025-07-24T06:32:28","slug":"un-homme-blesse-au-visage-avec-un-couteau-au-gros-chene-retrouve-a-italie","status":"publish","type":"post","link":"https:\/\/www.europesays.com\/fr\/269831\/","title":{"rendered":"un homme bless\u00e9 au visage avec un couteau au Gros Ch\u00eane, retrouv\u00e9 \u00e0 Italie"},"content":{"rendered":"<p>            Par<br \/>\n        <strong><br \/>\n            <a href=\"https:\/\/actu.fr\/auteur\/brian-legoff\" title=\"Consulter tous les articles de Brian Le Goff\" rel=\"nofollow noopener\" target=\"_blank\">Brian Le Goff<\/a><br \/>\n        <\/strong><\/p>\n<p>        Publi\u00e9 le<\/p>\n<p>            23 juil. 2025 \u00e0 12h53<br \/>\n        ; mis \u00e0 jour le 23 juil. 2025 \u00e0 12h55    <\/p>\n<p><strong>Mardi 22 juillet, \u00e0 23h10,<\/strong> les policiers ont \u00e9t\u00e9 appel\u00e9s par le <a href=\"https:\/\/actu.fr\/tag\/chu-de-rennes\" rel=\"nofollow noopener\" target=\"_blank\">CHU de Rennes<\/a>. Quelques instants plus t\u00f4t, les \u00e9quipes m\u00e9dicales ont pris en charge un<strong> jeune homme de 24 ans,<\/strong> d\u00e9pos\u00e9 par deux personnes, <strong>bless\u00e9 au visage par un coup de couteau,<\/strong> indique \u00e0 <a href=\"https:\/\/actu.fr\/rennes\/\" rel=\"nofollow noopener\" target=\"_blank\">actu Rennes<\/a> la police, confirmant <a href=\"https:\/\/www.rennes-infos-autrement.fr\/un-homme-blesse-au-couteau-a-maurepas\/\" rel=\"nofollow noopener\" target=\"_blank\">Rennes Infos Autrement<\/a>.<\/p>\n<p class=\" wall-content\">Les deux personnes seraient des <strong>passants qui auraient retrouv\u00e9 l\u2019homme par hasard<\/strong> allong\u00e9 au sol pr\u00e8s du centre commercial Italie, dans le quartier du <a href=\"https:\/\/actu.fr\/tag\/le-blosne\" rel=\"nofollow noopener\" target=\"_blank\">Blosne<\/a>, au sud de Rennes.<\/p>\n<p>Bless\u00e9, il s\u2019enfuit de Maurepas au Blosne<\/p>\n<p class=\" wall-content\">Selon les t\u00e9moignages recueillis par les forces de l\u2019ordre, le vingtenaire a \u00e9t\u00e9 <strong>agress\u00e9 de dos<\/strong> au niveau de la<strong> station <\/strong>de m\u00e9tro<strong> Gros Ch\u00eane<\/strong>, dans le quartier de <a href=\"https:\/\/actu.fr\/tag\/maurepas\" rel=\"nofollow noopener\" target=\"_blank\">Maurepas<\/a>, au nord de la capitale bretonne. Il\u00a0s\u2019en sort avec une <strong>estafilade au visage<\/strong>. Il aurait ensuite pris la fuite jusqu\u2019\u00e0 \u00ab\u00a0Italie\u00a0\u00bb, sans que l\u2019on sache de mani\u00e8re s\u00fbre avec quel mode de transport.<\/p>\n<p class=\" wall-content\">Son pronostic vital n\u2019est pas engag\u00e9.<strong> \u00ab\u00a0Il va s\u2019en sortir avec une belle balafre.\u00a0\u00bb\u00a0<\/strong><\/p>\n<p>Un lien avec le narcotrafic ?<\/p>\n<p class=\" wall-content\">Une enqu\u00eate a \u00e9t\u00e9 ouverte par la <a href=\"https:\/\/actu.fr\/tag\/police\" rel=\"nofollow noopener\" target=\"_blank\">police<\/a>.<strong> Au vu des deux lieux<\/strong> dans lesquels la victime se trouvait et <strong>du mode op\u00e9ratoire<\/strong> de l\u2019agression, <strong>le lien avec le trafic<\/strong> de <a href=\"https:\/\/actu.fr\/tag\/drogue\" rel=\"nofollow noopener\" target=\"_blank\">stup\u00e9fiants<\/a> dans ces deux quartiers est \u00e9tudi\u00e9.\u00a0<\/p>\n<p class=\" wall-content\">Selon les informations rapport\u00e9es \u00e0 notre r\u00e9daction par une autre source polici\u00e8re, le jeune homme <strong>ne compte pas porter plainte<\/strong>.<\/p>\n<p class=\" wall-content\"><strong>Cette nouvelle agression rappelle<\/strong> <a href=\"https:\/\/actu.fr\/bretagne\/rennes_35238\/narcotrafic-temoins-autopsie-ce-que-l-on-sait-apres-la-mort-d-un-jeune-homme-poignarde-a-rennes_62939464.html\" rel=\"nofollow noopener\" target=\"_blank\">celle d\u2019un autre jeune homme, survenu samedi 19 juillet, dans le quartier de Cleunay. Ce dernier n\u2019a pas surv\u00e9cu \u00e0 ses blessures<\/a>.<\/p>\n<p class=\" wall-content\">Suivez toute l\u2019actualit\u00e9 de vos villes et m\u00e9dias favoris en vous inscrivant \u00e0 <a href=\"https:\/\/moncompte.actu.fr\" title=\"D\u00e9couvez Mon Actu\" rel=\"nofollow noopener\" data-trk=\"{&quot;cta&quot;:{&quot;action&quot;:&quot;https:\\\/\\\/moncompte.actu.fr&quot;,&quot;category&quot;:&quot;mon compte&quot;,&quot;from&quot;:&quot;article footer&quot;,&quot;name&quot;:&quot;Mon actu&quot;,&quot;type&quot;:&quot;cta&quot;}}\" target=\"_blank\">Mon Actu<\/a>.<\/p>\n","protected":false},"excerpt":{"rendered":"Par Brian Le Goff Publi\u00e9 le 23 juil. 2025 \u00e0 12h53 ; mis \u00e0 jour le 23 juil.&hellip;\n","protected":false},"author":2,"featured_media":269832,"comment_status":"","ping_status":"","sticky":false,"template":"","format":"standard","meta":{"footnotes":""},"categories":[2821],"tags":[1111,11,829,1052,1777,674,118,1011,27,22320,813,12,584,25],"class_list":{"0":"post-269831","1":"post","2":"type-post","3":"status-publish","4":"format-standard","5":"has-post-thumbnail","7":"category-rennes","8":"tag-actu","9":"tag-actualites","10":"tag-bretagne","11":"tag-drogue","12":"tag-eu","13":"tag-europe","14":"tag-faits-divers","15":"tag-fr","16":"tag-france","17":"tag-maurepas","18":"tag-narcotrafiquants","19":"tag-news","20":"tag-rennes","21":"tag-republique-francaise"},"share_on_mastodon":{"url":"https:\/\/pubeurope.com\/@fr\/114906814531840925","error":""},"_links":{"self":[{"href":"https:\/\/www.europesays.com\/fr\/wp-json\/wp\/v2\/posts\/269831","targetHints":{"allow":["GET"]}}],"collection":[{"href":"https:\/\/www.europesays.com\/fr\/wp-json\/wp\/v2\/posts"}],"about":[{"href":"https:\/\/www.europesays.com\/fr\/wp-json\/wp\/v2\/types\/post"}],"author":[{"embeddable":true,"href":"https:\/\/www.europesays.com\/fr\/wp-json\/wp\/v2\/users\/2"}],"replies":[{"embeddable":true,"href":"https:\/\/www.europesays.com\/fr\/wp-json\/wp\/v2\/comments?post=269831"}],"version-history":[{"count":0,"href":"https:\/\/www.europesays.com\/fr\/wp-json\/wp\/v2\/posts\/269831\/revisions"}],"wp:featuredmedia":[{"embeddable":true,"href":"https:\/\/www.europesays.com\/fr\/wp-json\/wp\/v2\/media\/269832"}],"wp:attachment":[{"href":"https:\/\/www.europesays.com\/fr\/wp-json\/wp\/v2\/media?parent=269831"}],"wp:term":[{"taxonomy":"category","embeddable":true,"href":"https:\/\/www.europesays.com\/fr\/wp-json\/wp\/v2\/categories?post=269831"},{"taxonomy":"post_tag","embeddable":true,"href":"https:\/\/www.europesays.com\/fr\/wp-json\/wp\/v2\/tags?post=269831"}],"curies":[{"name":"wp","href":"https:\/\/api.w.org\/{rel}","templated":true}]}}