{"id":269837,"date":"2025-07-24T06:35:10","date_gmt":"2025-07-24T06:35:10","guid":{"rendered":"https:\/\/www.europesays.com\/fr\/269837\/"},"modified":"2025-07-24T06:35:10","modified_gmt":"2025-07-24T06:35:10","slug":"la-nouvelle-a-ete-dure-a-encaisser-de-devoir-quitter-notre-centre-de-la-rue-fodere-a-nice-le-secours-populaire-emmenage-aux-moulins","status":"publish","type":"post","link":"https:\/\/www.europesays.com\/fr\/269837\/","title":{"rendered":"\u00ab\u00a0La nouvelle a \u00e9t\u00e9 dure \u00e0 encaisser de devoir quitter notre centre de la rue Fod\u00e9r\u00e9\u00a0\u00bb: \u00e0 Nice, le Secours populaire emm\u00e9nage aux Moulins"},"content":{"rendered":"<p>\u00ab\u00a0Il n\u2019y aura pas de rupture d\u2019accueil\u00a0\u00bb, se f\u00e9licite Jean Stellittano, responsable du Secours populaire des Alpes-Maritimes. Depuis plusieurs ann\u00e9es rue Fod\u00e9r\u00e9, au port, l\u2019association occupait un local municipal sous bail pr\u00e9caire. La mairie ayant d\u00e9cid\u00e9 de r\u00e9cup\u00e9rer les lieux, l\u2019organisation s\u2019est retrouv\u00e9e contrainte de chercher une solution d\u2019urgence.<\/p>\n<p>Une situation tendue r\u00e9gl\u00e9e ce mercredi matin, selon une information d\u2019Ici Azur. La nouvelle adresse, situ\u00e9e dans l\u2019ancienne pharmacie des Moulins, offre 200m\u00b2, d\u00e9di\u00e9s \u00e0 l\u2019association. Mais avant d\u2019y emm\u00e9nager, d\u2019importants travaux sont n\u00e9cessaires, notamment pour les espaces d\u2019hygi\u00e8ne.<\/p>\n<p>Ce nouveau site gardera le nom qu\u2019il portait, rue Fod\u00e9r\u00e9, Terra Amata, et abritera le centre d\u2019accueil de jour. Un service indispensable pour une cinquantaine de b\u00e9n\u00e9ficiaires quotidiens.<\/p>\n<p>\u00ab\u00a0Nous voulons rester positifs. La nouvelle a \u00e9t\u00e9 dure \u00e0 encaisser de devoir quitter notre centre de la rue Fod\u00e9r\u00e9. Mais gr\u00e2ce \u00e0 un accord avec la Ville, nous pourrons continuer \u00e0 accueillir les gens dans notre ancien local jusqu\u2019au d\u00e9m\u00e9nagement\u00a0\u00bb, positive Jean Stellittano.<\/p>\n<p>\u00ab\u00a0Un heureux hasard\u00a0\u00bb<\/p>\n<p>\u00ab\u00a0La vraie difficult\u00e9 va \u00eatre de trouver des artisans en plein mois d\u2019ao\u00fbt, ce qui retarde le chantier\u00a0\u00bb, temporise le Secours populaire. L\u2019ouverture est pr\u00e9vue en septembre. En attendant, le centre d\u2019accueil de Fod\u00e9r\u00e9 reste ouvert du lundi au vendredi, de 9 \u00e0 17 heures.<\/p>\n<p>Longtemps, l\u2019association a \u00e9chou\u00e9 \u00e0 s\u2019implanter dans l\u2019Ouest ni\u00e7ois, faute de local adapt\u00e9. \u00ab\u00a0C\u2019est un heureux hasard que nous ayons visit\u00e9 ce local aux Moulins. Nous avons toujours voulu \u00eatre pr\u00e9sents dans ce quartier o\u00f9 nous travaillons d\u00e9j\u00e0 avec de nombreuses associations\u00a0\u00bb, poursuit le b\u00e9n\u00e9vole. Ce site a l\u2019ambition de devenir un v\u00e9ritable lieu de vie et d\u2019espoir pour les plus d\u00e9munis.<\/p>\n","protected":false},"excerpt":{"rendered":"\u00ab\u00a0Il n\u2019y aura pas de rupture d\u2019accueil\u00a0\u00bb, se f\u00e9licite Jean Stellittano, responsable du Secours populaire des Alpes-Maritimes. Depuis&hellip;\n","protected":false},"author":2,"featured_media":269838,"comment_status":"","ping_status":"","sticky":false,"template":"","format":"standard","meta":{"footnotes":""},"categories":[2819],"tags":[1111,11,1777,674,1011,27,12,2401,882,25,1631],"class_list":{"0":"post-269837","1":"post","2":"type-post","3":"status-publish","4":"format-standard","5":"has-post-thumbnail","7":"category-nice","8":"tag-actu","9":"tag-actualites","10":"tag-eu","11":"tag-europe","12":"tag-fr","13":"tag-france","14":"tag-news","15":"tag-nice","16":"tag-provence-alpes-cote-dazur","17":"tag-republique-francaise","18":"tag-vie-associative"},"share_on_mastodon":{"url":"https:\/\/pubeurope.com\/@fr\/114906826201296077","error":""},"_links":{"self":[{"href":"https:\/\/www.europesays.com\/fr\/wp-json\/wp\/v2\/posts\/269837","targetHints":{"allow":["GET"]}}],"collection":[{"href":"https:\/\/www.europesays.com\/fr\/wp-json\/wp\/v2\/posts"}],"about":[{"href":"https:\/\/www.europesays.com\/fr\/wp-json\/wp\/v2\/types\/post"}],"author":[{"embeddable":true,"href":"https:\/\/www.europesays.com\/fr\/wp-json\/wp\/v2\/users\/2"}],"replies":[{"embeddable":true,"href":"https:\/\/www.europesays.com\/fr\/wp-json\/wp\/v2\/comments?post=269837"}],"version-history":[{"count":0,"href":"https:\/\/www.europesays.com\/fr\/wp-json\/wp\/v2\/posts\/269837\/revisions"}],"wp:featuredmedia":[{"embeddable":true,"href":"https:\/\/www.europesays.com\/fr\/wp-json\/wp\/v2\/media\/269838"}],"wp:attachment":[{"href":"https:\/\/www.europesays.com\/fr\/wp-json\/wp\/v2\/media?parent=269837"}],"wp:term":[{"taxonomy":"category","embeddable":true,"href":"https:\/\/www.europesays.com\/fr\/wp-json\/wp\/v2\/categories?post=269837"},{"taxonomy":"post_tag","embeddable":true,"href":"https:\/\/www.europesays.com\/fr\/wp-json\/wp\/v2\/tags?post=269837"}],"curies":[{"name":"wp","href":"https:\/\/api.w.org\/{rel}","templated":true}]}}