{"id":269840,"date":"2025-07-24T06:37:08","date_gmt":"2025-07-24T06:37:08","guid":{"rendered":"https:\/\/www.europesays.com\/fr\/269840\/"},"modified":"2025-07-24T06:37:08","modified_gmt":"2025-07-24T06:37:08","slug":"a-la-rentree-2025-cette-ligne-de-bus-sera-transformee-en-chronobus","status":"publish","type":"post","link":"https:\/\/www.europesays.com\/fr\/269840\/","title":{"rendered":"\u00e0 la rentr\u00e9e 2025, cette ligne de bus sera transform\u00e9e en chronobus"},"content":{"rendered":"<p>            Par<br \/>\n        <strong><br \/>\n            <a href=\"https:\/\/actu.fr\/auteur\/clemence-pays02-actu-fr\" title=\"Consulter tous les articles de Cl\u00e9mence Pays\" rel=\"nofollow noopener\" target=\"_blank\">Cl\u00e9mence Pays<\/a><br \/>\n        <\/strong><\/p>\n<p>        Publi\u00e9 le<\/p>\n<p>            24 juil. 2025 \u00e0 7h40        <\/p>\n<p>\u00c0 partir de la rentr\u00e9e 2025, une <strong>nouvelle ligne chronobus<\/strong> va faire son apparition sur le r\u00e9seau de transport en commun de Nantes. Cette ligne, baptis\u00e9e <strong>C8,<\/strong> \u00ab\u2009avec un itin\u00e9raire performant\u2009\u00bb reliera le centre-ville de la cit\u00e9 des ducs de Bretagne, \u00e0 la gare et au quartier nord de <a href=\"https:\/\/actu.fr\/pays-de-la-loire\/saint-herblain_44162\" rel=\"nofollow noopener\" target=\"_blank\">Saint-Herblain<\/a>, a expliqu\u00e9 la Semitan dans un communiqu\u00e9 de presse.<\/p>\n<p class=\" wall-content\">Ce nouveau chronobus <strong>remplacera l\u2019actuel bus 54<\/strong> qui dispara\u00eetra donc une fois la C8 en circulation, <strong>le 1er\u00a0septembre. <\/strong>Son itin\u00e9raire ira de Marcel Saupin \u00e0 Marcel Paul.<\/p>\n<p>Une plus grande amplitude horaire<\/p>\n<p class=\" wall-content\">La ligne C8 circulera tous les jours de la semaine avec une fr\u00e9quence \u00e0 <strong>8\u00a0minutes en heures pleines<\/strong> et 11\u00a0minutes en heures creuses.<\/p>\n<p class=\" wall-content\">L\u2019amplitude horaire sera \u00e9galement \u00e9tendue puisque le service commencera <strong>d\u00e8s 5h<\/strong> (au lieu de 6h) et fonctionnera en service de nuit <strong>jusqu\u2019\u00e0 0h30,<\/strong> du dimanche au jeudi et <strong>jusqu\u2019\u00e0 2h30<\/strong> les vendredis et samedis (au lieu de 21h).<\/p>\n<p>Des am\u00e9nagements de voiries pour optimiser le trajet<\/p>\n<p class=\" wall-content\">Afin d\u2019assurer une circulation fluide au nouveau chronobus, des <strong>travaux<\/strong> ont d\u00e9j\u00e0 \u00e9t\u00e9 r\u00e9alis\u00e9es ou sont en cours sur le trajet du futur C8.<\/p>\n<p>13 arr\u00eats PMR<\/p>\n<p>Une partie des travaux d&rsquo;am\u00e9nagement de la ligne consiste \u00e0 mettre en accessibilit\u00e9 13 arr\u00eats pour personnes \u00e0 mobilit\u00e9 r\u00e9duite entre Marcem Saupin et Marcel Paul.<\/p>\n<p class=\" wall-content\">Ainsi, la rue Pierre-de-Coubertin, entre la rue des Primev\u00e8res et le boulevard des Anglais, est remani\u00e9 pour permettre la cr\u00e9ation d\u2019une <strong>voie suppl\u00e9mentaire<\/strong> \u00ab\u2009permettant aux bus d\u2019acc\u00e9der plus rapidement au giratoire du boulevard des Anglais\u2009\u00bb, d\u00e9taille la Semitan.<\/p>\n<p class=\" wall-content\">Au niveau du boulevard du Massacre, un syst\u00e8me de <strong>r\u00e9gulation de la circulation<\/strong> va \u00eatre install\u00e9 \u00ab\u2009pour permettre, le matin et le soir, aux bus de la ligne chronobus de s\u2019approcher avec moins de contraintes du giratoire\u2009\u00bb.<\/p>\n<p class=\" wall-content\">Pour ce faire, un <strong>sens interdit temporel<\/strong> \u00ab\u2009sauf bus\u2009\u00bb va \u00eatre mis en place du c\u00f4t\u00e9 de Saint-Herblain, entre l\u2019avenue Sully-Prudhomme et l\u2019avenue de la Baraudi\u00e8re.<\/p>\n<blockquote class=\"ac-article-quote wall-content\">\n<p>En semaine, entre 7h et 9h le matin et entre 16h et 19h le soir, ce tron\u00e7on sera interdit \u00e0 la circulation dans le sens de circulation vers Nantes uniquement.<\/p>\n<p>    <strong>Semitan<\/strong>\n            <\/p><\/blockquote>\n<p class=\" wall-content\">Un panneau de signalisation lumineux indiquera aux automobilistes la fermeture de la voie. La <strong>d\u00e9viation<\/strong> se fera par les rues adjacentes pour rejoindre le boulevard du Massacre.<\/p>\n<p class=\" wall-content\">\u00c0 noter\u2009: <strong>l\u2019arr\u00eat Sageran est supprim\u00e9.<\/strong><\/p>\n<p class=\" wall-content\">Naolib communiquera des informations suppl\u00e9mentaires et les horaires fin ao\u00fbt.<\/p>\n<p class=\" wall-content\">Suivez toute l\u2019actualit\u00e9 de vos villes et m\u00e9dias favoris en vous inscrivant \u00e0 <a href=\"https:\/\/moncompte.actu.fr\" title=\"D\u00e9couvez Mon Actu\" rel=\"nofollow noopener\" data-trk=\"{&quot;cta&quot;:{&quot;action&quot;:&quot;https:\\\/\\\/moncompte.actu.fr&quot;,&quot;category&quot;:&quot;mon compte&quot;,&quot;from&quot;:&quot;article footer&quot;,&quot;name&quot;:&quot;Mon actu&quot;,&quot;type&quot;:&quot;cta&quot;}}\" target=\"_blank\">Mon Actu<\/a>.<\/p>\n","protected":false},"excerpt":{"rendered":"Par Cl\u00e9mence Pays Publi\u00e9 le 24 juil. 2025 \u00e0 7h40 \u00c0 partir de la rentr\u00e9e 2025, une nouvelle&hellip;\n","protected":false},"author":2,"featured_media":247347,"comment_status":"","ping_status":"","sticky":false,"template":"","format":"standard","meta":{"footnotes":""},"categories":[2818],"tags":[1111,11,3542,1777,674,1011,27,766,12,2636,25,104,2803],"class_list":{"0":"post-269840","1":"post","2":"type-post","3":"status-publish","4":"format-standard","5":"has-post-thumbnail","7":"category-nantes","8":"tag-actu","9":"tag-actualites","10":"tag-circulation","11":"tag-eu","12":"tag-europe","13":"tag-fr","14":"tag-france","15":"tag-nantes","16":"tag-news","17":"tag-pays-de-la-loire","18":"tag-republique-francaise","19":"tag-societe","20":"tag-transport"},"share_on_mastodon":{"url":"https:\/\/pubeurope.com\/@fr\/114906834199224929","error":""},"_links":{"self":[{"href":"https:\/\/www.europesays.com\/fr\/wp-json\/wp\/v2\/posts\/269840","targetHints":{"allow":["GET"]}}],"collection":[{"href":"https:\/\/www.europesays.com\/fr\/wp-json\/wp\/v2\/posts"}],"about":[{"href":"https:\/\/www.europesays.com\/fr\/wp-json\/wp\/v2\/types\/post"}],"author":[{"embeddable":true,"href":"https:\/\/www.europesays.com\/fr\/wp-json\/wp\/v2\/users\/2"}],"replies":[{"embeddable":true,"href":"https:\/\/www.europesays.com\/fr\/wp-json\/wp\/v2\/comments?post=269840"}],"version-history":[{"count":0,"href":"https:\/\/www.europesays.com\/fr\/wp-json\/wp\/v2\/posts\/269840\/revisions"}],"wp:featuredmedia":[{"embeddable":true,"href":"https:\/\/www.europesays.com\/fr\/wp-json\/wp\/v2\/media\/247347"}],"wp:attachment":[{"href":"https:\/\/www.europesays.com\/fr\/wp-json\/wp\/v2\/media?parent=269840"}],"wp:term":[{"taxonomy":"category","embeddable":true,"href":"https:\/\/www.europesays.com\/fr\/wp-json\/wp\/v2\/categories?post=269840"},{"taxonomy":"post_tag","embeddable":true,"href":"https:\/\/www.europesays.com\/fr\/wp-json\/wp\/v2\/tags?post=269840"}],"curies":[{"name":"wp","href":"https:\/\/api.w.org\/{rel}","templated":true}]}}