{"id":269856,"date":"2025-07-24T06:47:09","date_gmt":"2025-07-24T06:47:09","guid":{"rendered":"https:\/\/www.europesays.com\/fr\/269856\/"},"modified":"2025-07-24T06:47:09","modified_gmt":"2025-07-24T06:47:09","slug":"a-quel-age-avoir-son-premier-enfant-ce-quen-pensent-les-lyonnaises","status":"publish","type":"post","link":"https:\/\/www.europesays.com\/fr\/269856\/","title":{"rendered":"A quel \u00e2ge avoir son premier enfant ? Ce qu&rsquo;en pensent les Lyonnaises"},"content":{"rendered":"<p class=\"MsoNormal\">Une r\u00e9cente \u00e9tude de l\u2019Insee s\u2019est pench\u00e9e sur l\u2019\u00e2ge moyen des m\u00e8res lors de la naissance de leur premier enfant. R\u00e9sultat : en France, les femmes deviennent m\u00e8res pour la premi\u00e8re fois en moyenne \u00e0 29 ans, et les Lyonnaises ne font pas exception.<\/p>\n<p class=\"MsoNormal\">Un \u00e2ge qui refl\u00e8te les transformations soci\u00e9tales, \u00e9conomiques et personnelles des derni\u00e8res d\u00e9cennies.<\/p>\n<p class=\"MsoNormal\">\u00ab\u00a0Je pense que c\u2019est une bonne chose, car, en g\u00e9n\u00e9ral, dans sa vingtaine, on est plus dans la recherche de l\u2019accomplissement professionnel, la recherche de travail\u2026 et on m\u00fbrit aussi. Alors que dans la trentaine, on a beaucoup d\u2019\u00e9nergie, on est bien install\u00e9 dans sa vie, donc ce sont les conditions optimales pour \u00e9lever un enfant.\u00a0\u00bb, nous confie une Lyonnaise interrog\u00e9e dans la rue.\u00a0<\/p>\n<p class=\"MsoNormal\">Plusieurs raisons expliquent cette tendance. D\u2019abord, l\u2019allongement des \u00e9tudes et l\u2019entr\u00e9e plus tardive sur le march\u00e9 du travail. Ensuite, des attentes nouvelles : voyages, \u00e9panouissement personnel, carri\u00e8re\u2026<\/p>\n<p class=\"MsoNormal\">\u00ab\u00a0Je pense qu\u2019autour de 30 ans, c\u2019est bien. Aujourd\u2019hui, les \u00e9tudes sont plus longues, on a d\u2019autres ambitions\u2026 C\u2019est mon cas. J\u2019ai bien profit\u00e9 pendant une dizaine d\u2019ann\u00e9es et, arriv\u00e9e \u00e0 30 ans, j\u2019ai eu d\u2019autres envies\u00a0\u00bb, explique L\u00e9a, 32 ans qui attend son premier enfant.<\/p>\n<p class=\"MsoNormal\">\u00ab\u00a0Il n\u2019y a pas forc\u00e9ment d\u2019\u00e2ge tant qu\u2019on a une stabilit\u00e9 financi\u00e8re et qu\u2019on est heureux dans la vie. On \u00e9volue avec notre soci\u00e9t\u00e9, on se met en couple s\u00e9rieusement plus tard\u2026 Ce ne sont plus les m\u00eames mentalit\u00e9s\u00a0\u00bb, ajoute une autre Lyonnaise.<\/p>\n<p class=\"MsoNormal\">\u00ab\u00a0Je pense que maintenant, c\u2019est plus compliqu\u00e9. Il faut avoir un bon travail, un bon logement. Il faut pouvoir assumer des enfants. C\u2019\u00e9tait plus facile avant : on trouvait du travail plus rapidement\u00a0\u00bb, ajoute Jeanne, 20 ans.<\/p>\n<blockquote class=\"instagram-media\" style=\"background: #FFF; border: 0; border-radius: 3px; box-shadow: 0 0 1px 0 rgba(0,0,0,0.5),0 1px 10px 0 rgba(0,0,0,0.15); margin: 1px; max-width: 540px; min-width: 326px; padding: 0; width: calc(100% - 2px);\" data-instgrm-captioned=\"\" data-instgrm-permalink=\"https:\/\/www.instagram.com\/reel\/DMdFyoao6wY\/?utm_source=ig_embed&amp;utm_campaign=loading\" data-instgrm-version=\"14\"><p>&#13;<br \/>\n&#13;\n<\/p><\/blockquote>\n<p>  \t\t\t\t\t<script async src=\"\/\/www.instagram.com\/embed.js\"><\/script><\/p>\n","protected":false},"excerpt":{"rendered":"Une r\u00e9cente \u00e9tude de l\u2019Insee s\u2019est pench\u00e9e sur l\u2019\u00e2ge moyen des m\u00e8res lors de la naissance de leur&hellip;\n","protected":false},"author":2,"featured_media":269857,"comment_status":"","ping_status":"","sticky":false,"template":"","format":"standard","meta":{"footnotes":""},"categories":[1889],"tags":[1111,11,2813,2190,2430,1109,251,1112,2811,1777,674,118,1294,4651,1011,27,1922,1110,1114,2428,4903,4902,12,241,316,25,2812,517,800],"class_list":{"0":"post-269856","1":"post","2":"type-post","3":"status-publish","4":"format-standard","5":"has-post-thumbnail","7":"category-lyon","8":"tag-actu","9":"tag-actualites","10":"tag-article","11":"tag-asvel","12":"tag-auvergne-rhone-alpes","13":"tag-breves","14":"tag-culture","15":"tag-depeches","16":"tag-economique","17":"tag-eu","18":"tag-europe","19":"tag-faits-divers","20":"tag-femme","21":"tag-femmes","22":"tag-fr","23":"tag-france","24":"tag-info","25":"tag-informations","26":"tag-infos","27":"tag-lyon","28":"tag-lyonfemme","29":"tag-lyonfemmes","30":"tag-news","31":"tag-ol","32":"tag-politique","33":"tag-republique-francaise","34":"tag-sociale","35":"tag-sport","36":"tag-transports"},"share_on_mastodon":{"url":"https:\/\/pubeurope.com\/@fr\/114906873416153502","error":""},"_links":{"self":[{"href":"https:\/\/www.europesays.com\/fr\/wp-json\/wp\/v2\/posts\/269856","targetHints":{"allow":["GET"]}}],"collection":[{"href":"https:\/\/www.europesays.com\/fr\/wp-json\/wp\/v2\/posts"}],"about":[{"href":"https:\/\/www.europesays.com\/fr\/wp-json\/wp\/v2\/types\/post"}],"author":[{"embeddable":true,"href":"https:\/\/www.europesays.com\/fr\/wp-json\/wp\/v2\/users\/2"}],"replies":[{"embeddable":true,"href":"https:\/\/www.europesays.com\/fr\/wp-json\/wp\/v2\/comments?post=269856"}],"version-history":[{"count":0,"href":"https:\/\/www.europesays.com\/fr\/wp-json\/wp\/v2\/posts\/269856\/revisions"}],"wp:featuredmedia":[{"embeddable":true,"href":"https:\/\/www.europesays.com\/fr\/wp-json\/wp\/v2\/media\/269857"}],"wp:attachment":[{"href":"https:\/\/www.europesays.com\/fr\/wp-json\/wp\/v2\/media?parent=269856"}],"wp:term":[{"taxonomy":"category","embeddable":true,"href":"https:\/\/www.europesays.com\/fr\/wp-json\/wp\/v2\/categories?post=269856"},{"taxonomy":"post_tag","embeddable":true,"href":"https:\/\/www.europesays.com\/fr\/wp-json\/wp\/v2\/tags?post=269856"}],"curies":[{"name":"wp","href":"https:\/\/api.w.org\/{rel}","templated":true}]}}