{"id":269858,"date":"2025-07-24T06:48:12","date_gmt":"2025-07-24T06:48:12","guid":{"rendered":"https:\/\/www.europesays.com\/fr\/269858\/"},"modified":"2025-07-24T06:48:12","modified_gmt":"2025-07-24T06:48:12","slug":"lyon-attention-a-ce-mail-frauduleux-pour-les-usagers-des-tcl","status":"publish","type":"post","link":"https:\/\/www.europesays.com\/fr\/269858\/","title":{"rendered":"Lyon : attention \u00e0 ce mail frauduleux pour les usagers des TCL"},"content":{"rendered":"<p>En pleine p\u00e9riode de renouvellement d&rsquo;abonnement, des malfaiteurs ont d\u00e9ploy\u00e9 une arnaque sur le r\u00e9seau TCL, avec un mail frauduleux envoy\u00e9 aux usagers.<\/p>\n<p>Attention \u00e0 cette arnaque !<\/p>\n<p>Un mail frauduleux, usurpant l&rsquo;identit\u00e9 graphique des <b>TCL<\/b>, circule actuellement.<\/p>\n<p>Dans ce courriel, des malfaiteurs vous informent que votre abonnement TCL arrive \u00e0 expiration et vous demandent de proc\u00e9der \u00e0 son renouvellement en remplissant un formulaire et <b>en renseignant vos donn\u00e9es bancaires<\/b>.<\/p>\n<p>Une arnaque en pleine campagne de r\u00e9abonnement<\/p>\n<p>\u00ab\u00a0Cette arnaque en ligne est organis\u00e9e au moment m\u00eame o\u00f9 des communications officielles TCL sont envoy\u00e9es \u00e0 l&rsquo;approche de la rentr\u00e9e\u00a0\u00bb, pr\u00e9cise TCL, qui rappelle <b>la marche \u00e0 suivre<\/b> sur son site internet.<\/p>\n<p>Si vous avez re\u00e7u ce mail,<b> d\u00e9clarez-le en SPAM et supprimez-le<\/b>. Si vous avez cliqu\u00e9 sur le lien et renseign\u00e9 vos identifiants et mot de passe, modifiez ce dernier sur tous vos comptes.<\/p>\n<p>Enfin, si vous avez effectu\u00e9 un paiement, \u00ab\u00a0nous vous recommandons dans les plus brefs d\u00e9lais de <b>contacter votre banque<\/b> afin de faire une opposition bancaire en sp\u00e9cifiant qu&rsquo;il s&rsquo;agit d&rsquo;une arnaque en ligne. Votre banque vous indiquera la d\u00e9marche \u00e0 suivre\u00a0\u00bb, d\u00e9taille TCL.<\/p>\n<p>Avant de conclure : \u00ab\u00a0pour vous assurer qu&rsquo;il s&rsquo;agit d&rsquo;une communication officielle TCL, v\u00e9rifiez l&#8217;email de l&rsquo;exp\u00e9diteur : les emails envoy\u00e9s par nos \u00e9quipes ont tous une adresse se terminant par <b>@tcl.fr<\/b>\u00ab\u00a0.<\/p>\n<p><img loading=\"lazy\" decoding=\"async\" src=\"https:\/\/www.europesays.com\/fr\/wp-content\/uploads\/2025\/07\/1753339692_271_img\" width=\"350\" height=\"200\" border=\"0\" title=\"Ordinateur - Illustration\"\/><\/p>\n<p>\u25baSoci\u00e9t\u00e9<\/p>\n<p style=\"font-size: 22px;\"><b>France Travail pirat\u00e9 : 340.000 demandeurs d&#8217;emploi potentiellement impact\u00e9s<\/b><\/p>\n<p>France Travail annonce, ce mercredi 23 juillet,&#8230;<\/p>\n<p><\/p>\n","protected":false},"excerpt":{"rendered":"En pleine p\u00e9riode de renouvellement d&rsquo;abonnement, des malfaiteurs ont d\u00e9ploy\u00e9 une arnaque sur le r\u00e9seau TCL, avec un&hellip;\n","protected":false},"author":2,"featured_media":269859,"comment_status":"","ping_status":"","sticky":false,"template":"","format":"standard","meta":{"footnotes":""},"categories":[1889],"tags":[10720,1111,11,3514,2430,1777,674,1011,27,1006,40919,2428,9557,12,25,10213,2803,40918],"class_list":{"0":"post-269858","1":"post","2":"type-post","3":"status-publish","4":"format-standard","5":"has-post-thumbnail","7":"category-lyon","8":"tag-abonnement","9":"tag-actu","10":"tag-actualites","11":"tag-arnaque","12":"tag-auvergne-rhone-alpes","13":"tag-eu","14":"tag-europe","15":"tag-fr","16":"tag-france","17":"tag-fraude","18":"tag-identit","19":"tag-lyon","20":"tag-mail","21":"tag-news","22":"tag-republique-francaise","23":"tag-tcl","24":"tag-transport","25":"tag-usurpation"},"share_on_mastodon":{"url":"https:\/\/pubeurope.com\/@fr\/114906877395802587","error":""},"_links":{"self":[{"href":"https:\/\/www.europesays.com\/fr\/wp-json\/wp\/v2\/posts\/269858","targetHints":{"allow":["GET"]}}],"collection":[{"href":"https:\/\/www.europesays.com\/fr\/wp-json\/wp\/v2\/posts"}],"about":[{"href":"https:\/\/www.europesays.com\/fr\/wp-json\/wp\/v2\/types\/post"}],"author":[{"embeddable":true,"href":"https:\/\/www.europesays.com\/fr\/wp-json\/wp\/v2\/users\/2"}],"replies":[{"embeddable":true,"href":"https:\/\/www.europesays.com\/fr\/wp-json\/wp\/v2\/comments?post=269858"}],"version-history":[{"count":0,"href":"https:\/\/www.europesays.com\/fr\/wp-json\/wp\/v2\/posts\/269858\/revisions"}],"wp:featuredmedia":[{"embeddable":true,"href":"https:\/\/www.europesays.com\/fr\/wp-json\/wp\/v2\/media\/269859"}],"wp:attachment":[{"href":"https:\/\/www.europesays.com\/fr\/wp-json\/wp\/v2\/media?parent=269858"}],"wp:term":[{"taxonomy":"category","embeddable":true,"href":"https:\/\/www.europesays.com\/fr\/wp-json\/wp\/v2\/categories?post=269858"},{"taxonomy":"post_tag","embeddable":true,"href":"https:\/\/www.europesays.com\/fr\/wp-json\/wp\/v2\/tags?post=269858"}],"curies":[{"name":"wp","href":"https:\/\/api.w.org\/{rel}","templated":true}]}}