{"id":269862,"date":"2025-07-24T06:50:20","date_gmt":"2025-07-24T06:50:20","guid":{"rendered":"https:\/\/www.europesays.com\/fr\/269862\/"},"modified":"2025-07-24T06:50:20","modified_gmt":"2025-07-24T06:50:20","slug":"fortes-pluies-a-paris-et-en-ile-de-france-avec-jusqua-80-l-m%c2%b2-attendus-nos-cartes-laissent-craindre-des-inondations","status":"publish","type":"post","link":"https:\/\/www.europesays.com\/fr\/269862\/","title":{"rendered":"Fortes pluies \u00e0 Paris et en \u00cele-de-France, avec jusqu\u2019\u00e0 80 L\/m\u00b2 attendus. Nos cartes laissent craindre des inondations !"},"content":{"rendered":"<p> <img decoding=\"async\" fetchpriority=\"high\" src=\"https:\/\/www.europesays.com\/fr\/wp-content\/uploads\/2025\/07\/dailymotion-x9ngewa_1024.jpg\"  width=\"768\" height=\"432\" id=\"x9ngewa\"\/>  <\/p>\n<p>Alerte aux inondations dans les prochaines heures \u00e0 Paris et en \u00cele-de-France. Toute la r\u00e9gion a \u00e9t\u00e9 plac\u00e9e en vigilance orange en raison des fortes pluies, parfois orageuses, attendues au cours des 24 prochaines heures. \u00c0 quoi faut-il s\u2019attendre ? Nos toutes derni\u00e8res pr\u00e9visions.<\/p>\n<p>    <img decoding=\"async\" fetchpriority=\"high\" src=\"https:\/\/www.europesays.com\/fr\/wp-content\/uploads\/2025\/04\/marc-hay.jpg\" alt=\"Marc Hay\" width=\"40\" height=\"40\"\/>    <a class=\"nombre text-hv\" href=\"https:\/\/www.tameteo.com\/auteur\/marc-hay\/\" title=\"Marc Hay\" target=\"_blank\" rel=\"noopener\">Marc Hay<\/a>         24\/07\/2025 06:02   4 min   <\/p>\n<p>La goutte froide \u00e0 l\u2019origine des violents orages qui touchent de nombreuses r\u00e9gions fran\u00e7aises depuis plus de 24 heures <strong>continue de progresser lentement sur le pays. <\/strong><\/p>\n<p>En se d\u00e9pla\u00e7ant, <strong>elle entra\u00eene avec elle des pluies orageuses parfois soutenues,<\/strong> qui s\u2019enroulent autour du syst\u00e8me d\u00e9pressionnaire. Cette \u00e9volution lente favorise la r\u00e9p\u00e9tition des passages pluvieux sur les m\u00eames zones, <strong>provoquant localement des cumuls de pluie importants.<\/strong><\/p>\n<p>Sur la r\u00e9gion parisienne, ces pr\u00e9cipitations abondantes attendues d\u2019ici ce soir <strong>ont conduit M\u00e9t\u00e9o-France \u00e0 placer d\u00e8s hier l\u2019ensemble de l\u2019<a href=\"https:\/\/www.tameteo.com\/meteo-Europe-France-Ile+de+France-1-1-135-29.html\" data-mrf-recirculation=\"cuerpo_intext\" target=\"_blank\" rel=\"noopener\">\u00cele-de-France<\/a> en vigilance orange<\/strong> pour fortes pluies et risque d\u2019inondations. En effet, les cumuls s\u2019annoncent suffisamment importants <strong>pour provoquer d\u2019intenses ruissellements et des inondations localis\u00e9es.<\/strong><\/p>\n<p><strong>\u00c0 quoi faut-il s\u2019attendre dans les prochaines heures ? <\/strong>Une am\u00e9lioration est-elle en vue \u00e0 <a href=\"https:\/\/www.tameteo.com\/meteo-Europe-France-Ile+de+France-Paris-1-1-135-29-5461.html\" data-mrf-recirculation=\"cuerpo_intext\" target=\"_blank\" rel=\"noopener\">Paris<\/a> et en \u00cele-de-France ? Toutes nos pr\u00e9visions d\u00e9taill\u00e9es \u00e0 d\u00e9couvrir dans notre article.<\/p>\n<p>Toute la r\u00e9gion en vigilance orange <\/p>\n<p><strong>C\u2019est donc toute la r\u00e9gion parisienne qui est plac\u00e9e en vigilance orange<\/strong> depuis hier soir, 22h. Cette vigilance devrait se maintenir une bonne partie de la journ\u00e9e, <strong>avec encore de fortes pluies orageuses attendues sur la r\u00e9gion.<\/strong><\/p>\n<p><img loading=\"lazy\" decoding=\"async\" fetchpriority=\"low\" class=\"lazy \" src=\"https:\/\/www.europesays.com\/fr\/wp-content\/uploads\/2025\/07\/fortes-pluies-a-paris-et-en-ile-de-france-avec-jusqu-a-80-l-m-attendus-nos-cartes-laissent-craindre-.png\"  width=\"768\" height=\"432\" alt=\"Tr\u00e8s fortes pluies orageuses attendues sur l'\u00cele-de-France d'ici ce soir.\" title=\"Tr\u00e8s fortes pluies orageuses attendues sur l'\u00cele-de-France d'ici ce soir.\" data-image=\"s569e6mifhd7\"\/>Tr\u00e8s fortes pluies orageuses attendues sur l&rsquo;\u00cele-de-France d&rsquo;ici ce soir. <\/p>\n<p>Comme le montre la carte ci-dessus, les cumuls de pluie s\u2019annoncent localement importants. En l\u2019espace de 24 heures, <strong>il pourrait tomber plus de 50 litres d\u2019eau par m\u00e8tre carr\u00e9.<\/strong> Si ces pr\u00e9visions se confirment, les fortes pluies pourraient provoquer d\u2019importants ruissellements et des inondations.<\/p>\n<p><a class=\"imagen \" href=\"https:\/\/www.tameteo.com\/actualites\/previsions\/a-quand-une-hausse-des-temperatures-en-france-decouvrez-les-previsions-et-tendances-meteo-ete-chaleur.html\" title=\"M\u00e9t\u00e9o : vers un retour de la chaleur en France d\u00e9but ao\u00fbt ou bien fra\u00eecheur ? Que montrent nos cartes ?\" target=\"_blank\" rel=\"noopener\"><img loading=\"lazy\" decoding=\"async\" fetchpriority=\"low\" class=\"lazy img-body non-editable\" src=\"https:\/\/www.europesays.com\/fr\/wp-content\/uploads\/2025\/07\/a-quand-une-hausse-des-temperatures-en-france-decouvrez-les-previsions-et-tendances-meteo-1753262523.png\"  width=\"320\" height=\"225\" alt=\"M\u00e9t\u00e9o : vers un retour de la chaleur en France d\u00e9but ao\u00fbt ou bien fra\u00eecheur ? Que montrent nos cartes ?\"\/><\/a>Jusqu\u2019\u00e0 80 litres d\u2019eau par m\u00e8tre carr\u00e9 pourraient tomber localement<\/p>\n<p>Toutefois, certains mod\u00e8les m\u00e9t\u00e9o sugg\u00e8rent <strong>des cumuls de pluie encore plus importants<\/strong> sur la r\u00e9gion parisienne.<\/p>\n<p>Selon certains sc\u00e9narios,<strong> les cumuls pourraient approcher les 60 \u00e0 80 litres d\u2019eau par m\u00e8tre carr\u00e9, <\/strong>voire ponctuellement atteindre les 90 litres.<\/p>\n<p><img loading=\"lazy\" decoding=\"async\" fetchpriority=\"low\" class=\"lazy \" src=\"https:\/\/www.europesays.com\/fr\/wp-content\/uploads\/2025\/07\/1753339819_316_fortes-pluies-a-paris-et-en-ile-de-france-avec-jusqu-a-80-l-m-attendus-nos-cartes-laissent-craindre-.png\"  width=\"768\" height=\"432\" alt=\"Importants cumuls de pluie sous les orages ce jeudi en \u00cele-de-France.\" title=\"Importants cumuls de pluie sous les orages ce jeudi en \u00cele-de-France.\" data-image=\"vbuaeumvx2jp\"\/>Importants cumuls de pluie sous les orages ce jeudi en \u00cele-de-France. <\/p>\n<p>Il reste cependant difficile de localiser pr\u00e9cis\u00e9ment les zones qui seront les plus arros\u00e9es,<strong> le d\u00e9placement de la goutte froide \u00e9tant tr\u00e8s difficile \u00e0 anticiper, tout comme la trajectoire des lignes orageuses associ\u00e9es.<\/strong><\/p>\n<p><a class=\"imagen \" href=\"https:\/\/www.tameteo.com\/actualites\/previsions\/meteo-le-modele-europeen-confirme-les-tres-fortes-pluies-a-paris-et-en-ile-de-france-a-quoi-faut-il-s-attendre-inondations-prochaines-heures.html\" title=\"M\u00e9t\u00e9o : le mod\u00e8le europ\u00e9en confirme les tr\u00e8s fortes pluies \u00e0 Paris et en \u00cele-de-France ! \u00c0 quoi faut-il s&#039;attendre ? \" target=\"_blank\" rel=\"noopener\"><img loading=\"lazy\" decoding=\"async\" fetchpriority=\"low\" class=\"lazy img-body non-editable\" src=\"https:\/\/www.europesays.com\/fr\/wp-content\/uploads\/2025\/07\/1753339820_894_meteo-le-modele-europeen-confirme-les-tres-fortes-pluies-a-paris-et-en-ile-de-france-a-quoi-faut-il-.png\"  width=\"320\" height=\"225\" alt=\"M\u00e9t\u00e9o : le mod\u00e8le europ\u00e9en confirme les tr\u00e8s fortes pluies \u00e0 Paris et en \u00cele-de-France ! \u00c0 quoi faut-il s'attendre ? \"\/><\/a><\/p>\n<p>Il convient donc de rester tr\u00e8s prudent tout au long de la journ\u00e9e en \u00cele-de-France, en raison des pluies diluviennes parfois attendues. S\u2019il venait \u00e0 tomber pr\u00e8s de 100 litres d\u2019eau par m\u00e8tre carr\u00e9, <strong>cela repr\u00e9senterait l\u2019\u00e9quivalent de deux mois de pluie pour un mois de juillet normal : c\u2019est consid\u00e9rable !<\/strong><\/p>\n<p>\u00c0 quand l&rsquo;am\u00e9lioration ?<\/p>\n<p><strong>Une am\u00e9lioration sensible des conditions m\u00e9t\u00e9o devrait se mettre en place vendredi, <\/strong>avec le retour de quelques \u00e9claircies malgr\u00e9 la persistance de quelques ond\u00e9es.<\/p>\n<p><a class=\"imagen \" href=\"https:\/\/www.tameteo.com\/actualites\/science\/vortex-polaire-un-phenomene-secret-pourrait-bientot-plonger-l-europe-dans-un-mega-hiver-glacial-climat.html\" title=\"Vortex polaire : un ph\u00e9nom\u00e8ne secret pourrait bient\u00f4t plonger l\u2019Europe dans un m\u00e9ga-hiver glacial !\" target=\"_blank\" rel=\"noopener\"><img loading=\"lazy\" decoding=\"async\" fetchpriority=\"low\" class=\"lazy img-body non-editable\" src=\"https:\/\/www.europesays.com\/fr\/wp-content\/uploads\/2025\/07\/polarwirbel-kollaps-wie-ein-geheimes-wetterphanomen-europa-bald-in-einen-eiskalten-mega-winter-sturz.jpeg\"  width=\"320\" height=\"225\" alt=\"Vortex polaire : un ph\u00e9nom\u00e8ne secret pourrait bient\u00f4t plonger l\u2019Europe dans un m\u00e9ga-hiver glacial !\"\/><\/a><\/p>\n<p>Le temps s\u2019annonce sec samedi, <strong>avec de belles \u00e9claircies et des temp\u00e9ratures plus estivales,<\/strong> autour de 25 degr\u00e9s en moyenne sur la r\u00e9gion parisienne.<\/p>\n","protected":false},"excerpt":{"rendered":"Alerte aux inondations dans les prochaines heures \u00e0 Paris et en \u00cele-de-France. Toute la r\u00e9gion a \u00e9t\u00e9 plac\u00e9e&hellip;\n","protected":false},"author":2,"featured_media":269863,"comment_status":"","ping_status":"","sticky":false,"template":"","format":"standard","meta":{"footnotes":""},"categories":[1592],"tags":[1111,11,1777,674,28341,1011,27,662,2839,12,4594,626,25],"class_list":{"0":"post-269862","1":"post","2":"type-post","3":"status-publish","4":"format-standard","5":"has-post-thumbnail","7":"category-ile-de-france","8":"tag-actu","9":"tag-actualites","10":"tag-eu","11":"tag-europe","12":"tag-fortes-pluies","13":"tag-fr","14":"tag-france","15":"tag-ile-de-france","16":"tag-inondations","17":"tag-news","18":"tag-orages","19":"tag-paris","20":"tag-republique-francaise"},"share_on_mastodon":{"url":"https:\/\/pubeurope.com\/@fr\/114906885473529006","error":""},"_links":{"self":[{"href":"https:\/\/www.europesays.com\/fr\/wp-json\/wp\/v2\/posts\/269862","targetHints":{"allow":["GET"]}}],"collection":[{"href":"https:\/\/www.europesays.com\/fr\/wp-json\/wp\/v2\/posts"}],"about":[{"href":"https:\/\/www.europesays.com\/fr\/wp-json\/wp\/v2\/types\/post"}],"author":[{"embeddable":true,"href":"https:\/\/www.europesays.com\/fr\/wp-json\/wp\/v2\/users\/2"}],"replies":[{"embeddable":true,"href":"https:\/\/www.europesays.com\/fr\/wp-json\/wp\/v2\/comments?post=269862"}],"version-history":[{"count":0,"href":"https:\/\/www.europesays.com\/fr\/wp-json\/wp\/v2\/posts\/269862\/revisions"}],"wp:featuredmedia":[{"embeddable":true,"href":"https:\/\/www.europesays.com\/fr\/wp-json\/wp\/v2\/media\/269863"}],"wp:attachment":[{"href":"https:\/\/www.europesays.com\/fr\/wp-json\/wp\/v2\/media?parent=269862"}],"wp:term":[{"taxonomy":"category","embeddable":true,"href":"https:\/\/www.europesays.com\/fr\/wp-json\/wp\/v2\/categories?post=269862"},{"taxonomy":"post_tag","embeddable":true,"href":"https:\/\/www.europesays.com\/fr\/wp-json\/wp\/v2\/tags?post=269862"}],"curies":[{"name":"wp","href":"https:\/\/api.w.org\/{rel}","templated":true}]}}