{"id":269868,"date":"2025-07-24T06:53:13","date_gmt":"2025-07-24T06:53:13","guid":{"rendered":"https:\/\/www.europesays.com\/fr\/269868\/"},"modified":"2025-07-24T06:53:13","modified_gmt":"2025-07-24T06:53:13","slug":"fraudes-degradations-3-000-velib-ont-disparu-a-paris-en-un-mois","status":"publish","type":"post","link":"https:\/\/www.europesays.com\/fr\/269868\/","title":{"rendered":"Fraudes, d\u00e9gradations&#8230; 3\u00a0000 V\u00e9lib\u2019 ont disparu \u00e0 Paris en un mois !"},"content":{"rendered":"<p class=\"paragraph text_align_left lp-f-body-02\">F\u00e9lix n\u2019en revient pas. Tout heureux il y a encore cinq minutes de voir une douzaine de V\u00e9lib\u2019 disponibles \u00e0 sa station, non loin de la place de la R\u00e9publique, \u00e0 Paris <a href=\"https:\/\/www.leparisien.fr\/paris-75\/paris-75010\/\" target=\"_self\" rel=\"nofollow noopener\">(Xe)<\/a>, il d\u00e9chante. \u00ab Je les ai tous essay\u00e9s. Tous ! Et aucun ne fonctionne. Soit l\u2019\u00e9cran ne s\u2019allume pas, soit il me dit que le v\u00e9lo a besoin d\u2019\u00eatre r\u00e9par\u00e9, soit la batterie est vide pour les \u00e9lectriques\u2026 Et quand j\u2019arrive enfin \u00e0 en d\u00e9crocher un, je me rends compte qu\u2019il d\u00e9conne \u00bb, s\u2019\u00e9nerve cet \u00e9tudiant en architecture.<\/p>\n<p class=\"paragraph text_align_left lp-f-body-02\">Cette gal\u00e8re, F\u00e9lix est loin d\u2019\u00eatre le seul \u00e0 en avoir fait l\u2019exp\u00e9rience ces derni\u00e8res semaines. Depuis la fin du printemps, le retour des beaux jours a \u00e9t\u00e9 synonyme de prise de t\u00eate pour de tr\u00e8s nombreux usagers de V\u00e9lib\u2019, que ce soit \u00e0 <a href=\"https:\/\/www.leparisien.fr\/paris-75\/\" target=\"_self\" rel=\"nofollow noopener\">Paris<\/a> ou dans les 80 communes autour de la capitale qui ont rejoint le r\u00e9seau. Un sacr\u00e9 coup dur un <a href=\"https:\/\/www.leparisien.fr\/info-paris-ile-de-france-oise\/transports\/velib-sameliore-notre-objectif-est-davoir-seulement-5-de-stations-vides-ou-pleines-30-03-2025-UCKLY5BWQJAORN3QBVTNTJNDZQ.php\" target=\"_self\" rel=\"nofollow noopener\">an apr\u00e8s les JO<\/a>, synonyme de <a href=\"https:\/\/www.leparisien.fr\/info-paris-ile-de-france-oise\/transports\/smovengo-accelere-le-recyclage-des-pieces-moteurs-et-batteries-de-ses-velib-par-necessite-24-05-2024-WIHSI63W4ZC4HJHQ3PREHOFFGA.php\" target=\"_self\" rel=\"nofollow noopener\">renouvellement de la flotte<\/a> et de hausse de la qualit\u00e9 du service.<\/p>\n","protected":false},"excerpt":{"rendered":"F\u00e9lix n\u2019en revient pas. Tout heureux il y a encore cinq minutes de voir une douzaine de V\u00e9lib\u2019&hellip;\n","protected":false},"author":2,"featured_media":269869,"comment_status":"","ping_status":"","sticky":false,"template":"","format":"standard","meta":{"footnotes":""},"categories":[1888],"tags":[11,1777,674,1011,27,1944,12,626,25],"class_list":{"0":"post-269868","1":"post","2":"type-post","3":"status-publish","4":"format-standard","5":"has-post-thumbnail","7":"category-paris","8":"tag-actualites","9":"tag-eu","10":"tag-europe","11":"tag-fr","12":"tag-france","13":"tag-ma-ville","14":"tag-news","15":"tag-paris","16":"tag-republique-francaise"},"share_on_mastodon":{"url":"https:\/\/pubeurope.com\/@fr\/114906897063972681","error":""},"_links":{"self":[{"href":"https:\/\/www.europesays.com\/fr\/wp-json\/wp\/v2\/posts\/269868","targetHints":{"allow":["GET"]}}],"collection":[{"href":"https:\/\/www.europesays.com\/fr\/wp-json\/wp\/v2\/posts"}],"about":[{"href":"https:\/\/www.europesays.com\/fr\/wp-json\/wp\/v2\/types\/post"}],"author":[{"embeddable":true,"href":"https:\/\/www.europesays.com\/fr\/wp-json\/wp\/v2\/users\/2"}],"replies":[{"embeddable":true,"href":"https:\/\/www.europesays.com\/fr\/wp-json\/wp\/v2\/comments?post=269868"}],"version-history":[{"count":0,"href":"https:\/\/www.europesays.com\/fr\/wp-json\/wp\/v2\/posts\/269868\/revisions"}],"wp:featuredmedia":[{"embeddable":true,"href":"https:\/\/www.europesays.com\/fr\/wp-json\/wp\/v2\/media\/269869"}],"wp:attachment":[{"href":"https:\/\/www.europesays.com\/fr\/wp-json\/wp\/v2\/media?parent=269868"}],"wp:term":[{"taxonomy":"category","embeddable":true,"href":"https:\/\/www.europesays.com\/fr\/wp-json\/wp\/v2\/categories?post=269868"},{"taxonomy":"post_tag","embeddable":true,"href":"https:\/\/www.europesays.com\/fr\/wp-json\/wp\/v2\/tags?post=269868"}],"curies":[{"name":"wp","href":"https:\/\/api.w.org\/{rel}","templated":true}]}}