{"id":269870,"date":"2025-07-24T06:54:10","date_gmt":"2025-07-24T06:54:10","guid":{"rendered":"https:\/\/www.europesays.com\/fr\/269870\/"},"modified":"2025-07-24T06:54:10","modified_gmt":"2025-07-24T06:54:10","slug":"douze-departements-autour-de-paris-en-vigilance-orange-aux-pluies-et-inondations","status":"publish","type":"post","link":"https:\/\/www.europesays.com\/fr\/269870\/","title":{"rendered":"Douze d\u00e9partements autour de Paris en vigilance orange aux pluies et inondations"},"content":{"rendered":"<p> \u00abSur le Bassin parisien et les d\u00e9partements voisins, \u00e9pisode pluvio-orageux provoquant, par endroits, de forts cumuls de pr\u00e9cipitations.\u00a0\u00bb Voici comment <a href=\"https:\/\/www.20minutes.fr\/dossier\/meteo_france\" class=\"color-ultramarine c-link\" rel=\"nofollow noopener\" target=\"_blank\">M\u00e9t\u00e9o-France<\/a> r\u00e9sume l\u2019alerte orange aux pluies et inondations en cours ce jeudi. Les pr\u00e9visionnistes fran\u00e7ais ont plac\u00e9 <a href=\"https:\/\/vigilance.meteofrance.fr\/fr\" rel=\"nofollow noopener\" target=\"_blank\" class=\"color-ultramarine c-link\">quatorze d\u00e9partements de r\u00e9gion parisienne en vigilance orange<\/a>\u00a0: l\u2019Aisne, la Marne, l\u2019Aube, l\u2019Yonne, le Loiret, la Seine-et-Marne, l\u2019Essonne, l\u2019Eure-et-Loir, les Yvelines, le Val-d\u2019Oise, la Ville de Paris, le Val-de-Marne, les Hauts-de-Seine et la Seine-Saint-Denis sont concern\u00e9s. La faute \u00e0 un <a href=\"https:\/\/www.20minutes.fr\/societe\/4165040-20250724-anomalie-quand-faisait-chaud-bretagne-normandie-retrouvent-pourri\" class=\"color-ultramarine c-link\" rel=\"nofollow noopener\" target=\"_blank\">ph\u00e9nom\u00e8ne de \u00ab\u00a0goutte froide\u00a0\u00bb<\/a> venu du nord et amenant de l\u2019eau et de la fra\u00eecheur.<\/p>\n<\/p>\n<p>D\u00e8s mercredi soir, les pluies s\u2019\u00e9taient intensifi\u00e9es sur la r\u00e9gion avec des cumuls compris entre 7 et 16\u00a0mm en une heure observ\u00e9s en petite couronne. Cette nuit, le corps pluvieux s\u2019est d\u00e9cal\u00e9 vers le sud-est, g\u00e9n\u00e9rant des pluies intenses de l\u2019ordre de 15 \u00e0 30\u00a0mm en une \u00e0 trois heures.<\/p>\n<p>Vigilance en cours jusqu\u2019\u00e0 20 heures<\/p>\n<p>De forts cumuls sont attendus au fil de la journ\u00e9e, m\u00eame si l\u2019\u00e9pisode devrait \u00ab\u00a0perdre en activit\u00e9\u00a0\u00bb au fil de la journ\u00e9e de jeudi. La vigilance orange a tout de m\u00eame \u00e9t\u00e9 \u00e9tendue jusqu\u2019\u00e0 20 heures pour l\u2019ensemble des d\u00e9partements. Soixante-six autres d\u00e9partements de l\u2019est fran\u00e7ais ont \u00e9galement \u00e9t\u00e9 plac\u00e9s en vigilance jaune.<\/p>\n","protected":false},"excerpt":{"rendered":"\u00abSur le Bassin parisien et les d\u00e9partements voisins, \u00e9pisode pluvio-orageux provoquant, par endroits, de forts cumuls de pr\u00e9cipitations.\u00a0\u00bb&hellip;\n","protected":false},"author":2,"featured_media":269871,"comment_status":"","ping_status":"","sticky":false,"template":"","format":"standard","meta":{"footnotes":""},"categories":[1888],"tags":[47,11,26788,5591,2719,2718,7343,1936,1777,1939,674,1011,27,775,811,3314,662,13961,12650,12,626,812,25,1937,104,2292,1125,2717,1938],"class_list":{"0":"post-269870","1":"post","2":"type-post","3":"status-publish","4":"format-standard","5":"has-post-thumbnail","7":"category-paris","8":"tag-actualite","9":"tag-actualites","10":"tag-aisne","11":"tag-aube","12":"tag-bourgogne","13":"tag-bourgogne-franche-comte","14":"tag-centre-val-de-loire","15":"tag-essonne","16":"tag-eu","17":"tag-eure-et-loir","18":"tag-europe","19":"tag-fr","20":"tag-france","21":"tag-grand-est","22":"tag-hauts-de-france","23":"tag-hauts-de-seine","24":"tag-ile-de-france","25":"tag-loiret","26":"tag-marne","27":"tag-news","28":"tag-paris","29":"tag-picardie","30":"tag-republique-francaise","31":"tag-seine-et-marne","32":"tag-societe","33":"tag-val-doise","34":"tag-val-de-marne","35":"tag-yonne","36":"tag-yvelines"},"share_on_mastodon":{"url":"https:\/\/pubeurope.com\/@fr\/114906900908267275","error":""},"_links":{"self":[{"href":"https:\/\/www.europesays.com\/fr\/wp-json\/wp\/v2\/posts\/269870","targetHints":{"allow":["GET"]}}],"collection":[{"href":"https:\/\/www.europesays.com\/fr\/wp-json\/wp\/v2\/posts"}],"about":[{"href":"https:\/\/www.europesays.com\/fr\/wp-json\/wp\/v2\/types\/post"}],"author":[{"embeddable":true,"href":"https:\/\/www.europesays.com\/fr\/wp-json\/wp\/v2\/users\/2"}],"replies":[{"embeddable":true,"href":"https:\/\/www.europesays.com\/fr\/wp-json\/wp\/v2\/comments?post=269870"}],"version-history":[{"count":0,"href":"https:\/\/www.europesays.com\/fr\/wp-json\/wp\/v2\/posts\/269870\/revisions"}],"wp:featuredmedia":[{"embeddable":true,"href":"https:\/\/www.europesays.com\/fr\/wp-json\/wp\/v2\/media\/269871"}],"wp:attachment":[{"href":"https:\/\/www.europesays.com\/fr\/wp-json\/wp\/v2\/media?parent=269870"}],"wp:term":[{"taxonomy":"category","embeddable":true,"href":"https:\/\/www.europesays.com\/fr\/wp-json\/wp\/v2\/categories?post=269870"},{"taxonomy":"post_tag","embeddable":true,"href":"https:\/\/www.europesays.com\/fr\/wp-json\/wp\/v2\/tags?post=269870"}],"curies":[{"name":"wp","href":"https:\/\/api.w.org\/{rel}","templated":true}]}}