{"id":269872,"date":"2025-07-24T06:55:13","date_gmt":"2025-07-24T06:55:13","guid":{"rendered":"https:\/\/www.europesays.com\/fr\/269872\/"},"modified":"2025-07-24T06:55:13","modified_gmt":"2025-07-24T06:55:13","slug":"russie-un-avion-de-ligne-avec-49-personnes-a-bord-a-disparu-des-radars","status":"publish","type":"post","link":"https:\/\/www.europesays.com\/fr\/269872\/","title":{"rendered":"Russie: Un avion de ligne avec 49 personnes \u00e0 bord a disparu des radars"},"content":{"rendered":"<p>Un avion de ligne transportant 49 personnes a disparu des radars et a perdu le contact avec les contr\u00f4leurs a\u00e9riens, au-dessus d&rsquo;une r\u00e9gion recul\u00e9e de l&rsquo;Extr\u00eame-Orient russe.<\/p>\n<p>L&rsquo;avion \u00e0 turbopropulseur Antonov-24 exploit\u00e9 par Angara Airlines a disparu des radars \u00ab\u00e0 plusieurs kilom\u00e8tres de l&rsquo;a\u00e9roport de Tynda\u00bb, selon le minist\u00e8re russe des Situations d&rsquo;urgence.<\/p>\n<p>\u00abLes services d\u2019urgence ont annonc\u00e9 qu\u2019un avion de ligne qui effectuait un vol entre Blagovechtchensk et Tynda avait disparu des radars aujourd\u2019hui\u00bb, a affirm\u00e9 le gouverneur de la r\u00e9gion, Vassili Orlov, sur Telegram.<\/p>\n<p>Des \u00e9quipes de recherche et de sauvetage ont \u00e9t\u00e9 d\u00e9p\u00each\u00e9es sur place, craignant que l&rsquo;avion ne se soit \u00e9cras\u00e9 apr\u00e8s que les contr\u00f4leurs a\u00e9riens aient perdu toute communication avec les pilotes.<\/p>\n","protected":false},"excerpt":{"rendered":"Un avion de ligne transportant 49 personnes a disparu des radars et a perdu le contact avec les&hellip;\n","protected":false},"author":2,"featured_media":269873,"comment_status":"","ping_status":"","sticky":false,"template":"","format":"standard","meta":{"footnotes":""},"categories":[1591],"tags":[11,1887,12,1885,1886,132],"class_list":{"0":"post-269872","1":"post","2":"type-post","3":"status-publish","4":"format-standard","5":"has-post-thumbnail","7":"category-russie","8":"tag-actualites","9":"tag-federation-de-russie","10":"tag-news","11":"tag-russia","12":"tag-russian-federation","13":"tag-russie"},"share_on_mastodon":{"url":"https:\/\/pubeurope.com\/@fr\/114906904990875212","error":""},"_links":{"self":[{"href":"https:\/\/www.europesays.com\/fr\/wp-json\/wp\/v2\/posts\/269872","targetHints":{"allow":["GET"]}}],"collection":[{"href":"https:\/\/www.europesays.com\/fr\/wp-json\/wp\/v2\/posts"}],"about":[{"href":"https:\/\/www.europesays.com\/fr\/wp-json\/wp\/v2\/types\/post"}],"author":[{"embeddable":true,"href":"https:\/\/www.europesays.com\/fr\/wp-json\/wp\/v2\/users\/2"}],"replies":[{"embeddable":true,"href":"https:\/\/www.europesays.com\/fr\/wp-json\/wp\/v2\/comments?post=269872"}],"version-history":[{"count":0,"href":"https:\/\/www.europesays.com\/fr\/wp-json\/wp\/v2\/posts\/269872\/revisions"}],"wp:featuredmedia":[{"embeddable":true,"href":"https:\/\/www.europesays.com\/fr\/wp-json\/wp\/v2\/media\/269873"}],"wp:attachment":[{"href":"https:\/\/www.europesays.com\/fr\/wp-json\/wp\/v2\/media?parent=269872"}],"wp:term":[{"taxonomy":"category","embeddable":true,"href":"https:\/\/www.europesays.com\/fr\/wp-json\/wp\/v2\/categories?post=269872"},{"taxonomy":"post_tag","embeddable":true,"href":"https:\/\/www.europesays.com\/fr\/wp-json\/wp\/v2\/tags?post=269872"}],"curies":[{"name":"wp","href":"https:\/\/api.w.org\/{rel}","templated":true}]}}