{"id":269874,"date":"2025-07-24T06:56:16","date_gmt":"2025-07-24T06:56:16","guid":{"rendered":"https:\/\/www.europesays.com\/fr\/269874\/"},"modified":"2025-07-24T06:56:16","modified_gmt":"2025-07-24T06:56:16","slug":"ukraine-terres-rares-climat-les-dossiers-brulants-avant-le-sommet-entre-lue-et-la-chine","status":"publish","type":"post","link":"https:\/\/www.europesays.com\/fr\/269874\/","title":{"rendered":"Ukraine, terres rares, climat\u2026 Les dossiers br\u00fblants avant le sommet entre l\u2019UE et la Chine"},"content":{"rendered":"<p>      <img fetchpriority=\"high\" decoding=\"async\" class=\"mx-auto\" src=\"data:image\/svg+xml,%3Csvg%20xmlns%3D%27http%3A%2F%2Fwww.w3.org%2F2000%2Fsvg%27%20fill%3D%22%23e4e4e4%22%20viewBox%3D%270%200%20510%20340%27%20width%3D%22510%22%20height%3D%22340%22%3E%3Cpath%20d%3D%27M0%200h510v340H0z%27%2F%3E%3C%2Fsvg%3E\"  loading=\"eager\" width=\"510\" height=\"340\" data-oncrawl-image-size=\"510x340\" alt=\"Discours d\u2019ouverture du 25e sommet entre l\u2019Union europ\u00e9enne et la Chine au Palais du peuple \u00e0 P\u00e9kin, le 24\u00a0juillet 2025.\"\/>      <\/p>\n<p class=\"latino-100m text-grey-600\">\n            Discours d\u2019ouverture du 25e sommet entre l\u2019Union europ\u00e9enne et la Chine au Palais du peuple \u00e0 P\u00e9kin, le 24\u00a0juillet 2025.\u00a0ANDRES MARTINEZ CASARES \/ AFP        <\/p>\n<p>        Lire\u00a0plus\u00a0tard      <\/p>\n<p><a aria-label=\"Nous suivre sur Google News\" href=\"https:\/\/news.google.com\/publications\/CAAqBwgKMJe4nQkw3dFs?hl=fr&amp;gl=FR&amp;ceid=FR%3Afr\" target=\"_blank\" data-piano=\"Page_Article,Sous_date_publi,Nous_suivre_sur_google_news,1er_clic,action\" class=\"btn btn--small btn--tertiary btn--icon-only\" rel=\"nofollow noopener\"><\/p>\n<p>      Google Actualit\u00e9s<br \/>\n  <\/a><\/p>\n<p>  Partager<\/p>\n<p>        Facebook<\/p>\n<p>        Bluesky<\/p>\n<p>        E-mail<\/p>\n<p>        Copier le lien<\/p>\n<p>      Envoyer<\/p>\n<p>      S\u2019abonner    <\/p>\n<p class=\"node__paragraphe antonia-750r text-grey-800 pb-24 pb-md-30\">\nLa rencontre est cens\u00e9e c\u00e9l\u00e9brer le 50\u1d49 anniversaire des relations diplomatiques entre l\u2019Union europ\u00e9enne et la Chine. Mais les dirigeants sont arriv\u00e9s avec une longue liste de contentieux, qu\u2019ils aborderont donc \u00e0 P\u00e9kin ce jeudi 24\u00a0juillet. Le sommet rassemble ainsi le chef d\u2019Etat chinois Xi Jinping, <a href=\"https:\/\/www.nouvelobs.com\/monde\/20230913.OBS78099\/elargissement-de-l-ue-pacte-vert-chine-ia-ce-qu-a-dit-ursula-von-der-leyen-dans-son-discours-sur-l-etat-de-l-union.html\" rel=\"nofollow noopener\" target=\"_blank\">la pr\u00e9sidente de la Commission europ\u00e9enne Ursula von der Leyen<\/a> et le pr\u00e9sident du Conseil europ\u00e9en Antonio Costa pour des discussions sur des sujets sensibles allant du commerce \u00e0 la guerre en Ukraine.<\/p>\n<p class=\"node__paragraphe antonia-750r text-grey-800 pb-24 pb-md-30\">\n\u00ab\u00a0Plus la situation internationale est grave et complexe, plus la Chine et l\u2019UE doivent intensifier la communication, renforcer la confiance mutuelle et approfondir la coop\u00e9ration\u00a0\u00bb pour trouver des \u00ab\u00a0terrains d\u2019entente\u00a0\u00bb, a d\u00e9clar\u00e9 Xi Jinping \u00e0 l\u2019aune du sommet. En r\u00e9ponse, Ursula von der Leyen a affirm\u00e9 dans la foul\u00e9e qu\u2019il \u00e9tait \u00ab\u00a0essentiel que la Chine et l\u2019Europe reconnaissent leurs pr\u00e9occupations respectives et proposent des solutions concr\u00e8tes\u00a0\u00bb pour un sommet \u00ab\u00a0charni\u00e8re\u00a0\u00bb. Voici les principaux points de friction entre Bruxelles et P\u00e9kin.<\/p>\n<p>\u2022\u00a0La guerre en Ukraine<\/p>\n<p class=\"node__paragraphe antonia-750r text-grey-800 pb-24 pb-md-30\">\nBruxelles consid\u00e8re <a href=\"https:\/\/www.nouvelobs.com\/monde\/20250417.OBS102887\/guerre-en-ukraine-zelensky-accuse-la-chine-de-fournir-des-armes-a-la-russie.html\" rel=\"nofollow noopener\" target=\"_blank\">le rapprochement strat\u00e9gique de P\u00e9kin avec Moscou<\/a> comme offrant un soutien cl\u00e9 \u00e0 l\u2019effort de guerre russe en Ukraine. De son c\u00f4t\u00e9, P\u00e9kin nie de son c\u00f4t\u00e9 toute fourniture de biens \u00e0 usage militaire, et appelle r\u00e9guli\u00e8rement \u00e0 des pourparlers de paix. Un nouveau paquet de sanctions europ\u00e9ennes contre la Russie a vis\u00e9 la semaine derni\u00e8re deux banques et cinq entreprises chinoises.<\/p>\n<p class=\"node__paragraphe antonia-750r text-grey-800 pb-24 pb-md-30\">\nCette mesure aura \u00ab\u00a0un impact n\u00e9gatif grave\u00a0\u00bb sur les relations sino-europ\u00e9ennes, a averti P\u00e9kin. <a href=\"https:\/\/www.nouvelobs.com\/europe\/20220201.OBS53927\/10-choses-a-savoir-sur-antonio-costa-le-premier-ministre-socialiste-qui-triomphe-au-portugal.html\" rel=\"nofollow noopener\" target=\"_blank\">Antonio Costa<\/a> a encore appel\u00e9 ce jeudi la Chine, lors de son entretien avec Xi Jinping, \u00e0 \u00ab\u00a0user de son influence sur la Russie\u00a0\u00bb pour mettre fin \u00e0 la guerre en Ukraine. \u00ab\u00a0Nous ne sommes pas na\u00effs. Nous ne demandons pas \u00e0 la Chine de couper ses liens avec la Russie mais de renforcer ses contr\u00f4les douaniers et financiers\u00a0\u00bb, avait aussi d\u00e9clar\u00e9 un haut responsable europ\u00e9en \u00e0 l\u2019AFP.<\/p>\n<p>\u2022 Le commerce<\/p>\n<p class=\"node__paragraphe antonia-750r text-grey-800 pb-24 pb-md-30\">\nLe d\u00e9ficit commercial entre le bloc europ\u00e9en et la Chine \u2013 qui exporte environ deux fois plus de marchandises vers l\u2019UE qu\u2019elle n\u2019en importe \u2013 repr\u00e9sente un autre point de crispation. Le diff\u00e9rend s\u2019est intensifi\u00e9 l\u2019an dernier avec la mise en place par l\u2019UE de droits de douane suppl\u00e9mentaires sur les v\u00e9hicules \u00e9lectriques fabriqu\u00e9s en Chine. Bruxelles a \u00e9galement lanc\u00e9 une enqu\u00eate sur les \u00e9oliennes fabriqu\u00e9es en Chine.<\/p>\n<p class=\"latino-500b text-grey-600 pb-16\">A lire aussi<\/p>\n<p><a href=\"https:\/\/www.nouvelobs.com\/economie\/20250703.OBS105568\/renault-volkswagen-mercedes-depasses-la-fin-de-la-voiture-europeenne.html\" data-article-key=\"20250703.OBS105568\" class=\"link--box flex-grow-1\" data-piano=\"Page_Article,Lire_aussi,,Lien1,navigation\" rel=\"nofollow noopener\" target=\"_blank\"><\/p>\n<p>                <img decoding=\"async\" src=\"data:image\/svg+xml,%3Csvg%20xmlns%3D%27http%3A%2F%2Fwww.w3.org%2F2000%2Fsvg%27%20fill%3D%22%23e4e4e4%22%20viewBox%3D%270%200%20120%2080%27%20width%3D%22120%22%20height%3D%2280%22%3E%3Cpath%20d%3D%27M0%200h120v80H0z%27%2F%3E%3C%2Fsvg%3E\"  width=\"120\" height=\"80\" loading=\"lazy\" alt=\" Luca de Meo a abandonn\u00e9 la direction de Renault.\"\/><\/p>\n<p class=\"latino-300r latino-lg-600m text-grey-800\">\n                      <strong class=\"latino-300b latino-lg-600m text-grey-500\">Chronique\u00a0<\/strong><br \/>\n                    Renault, Volkswagen, Mercedes d\u00e9pass\u00e9s\u00a0: la fin de la voiture europ\u00e9enne\u00a0?        <\/p>\n<p><\/a><\/p>\n<p class=\"node__paragraphe antonia-750r text-grey-800 pb-24 pb-md-30\">\nP\u00e9kin, qui r\u00e9fute <a href=\"https:\/\/www.nouvelobs.com\/monde\/20250411.OBS102618\/droits-de-douane-americains-contre-pekin-l-ue-craint-un-deferlement-de-produits-chinois-sur-son-marche.html\" rel=\"nofollow noopener\" target=\"_blank\">les accusations europ\u00e9ennes de concurrence d\u00e9loyale<\/a>, a dans la foul\u00e9e annonc\u00e9e ses propres investigations sur plusieurs produits europ\u00e9ens, dont le cognac fran\u00e7ais \u2013 largement consid\u00e9r\u00e9es comme des mesures de repr\u00e9sailles. Les principaux exportateurs de cognac ont finalement \u00e9chapp\u00e9 au d\u00e9but du mois \u00e0 ces taxes chinoises en \u00e9change d\u2019une hausse des prix. L\u2019UE d\u00e9plore plus largement un manque de r\u00e9ciprocit\u00e9 dans l\u2019ouverture du march\u00e9 chinois aux entreprises europ\u00e9ennes, victimes selon elle de mesures discriminatoires.<\/p>\n<p>\u2022 Les terres rares<\/p>\n<p class=\"node__paragraphe antonia-750r text-grey-800 pb-24 pb-md-30\">\nPremier producteur mondial de terres rares, la Chine a resserr\u00e9 la vis sur ses exportations dans le contexte de la guerre commerciale lanc\u00e9e par le pr\u00e9sident am\u00e9ricain. La pr\u00e9sidente de la Commission europ\u00e9enne, Ursula von der Leyen, a d\u00e9clar\u00e9 qu\u2019elle et <a href=\"https:\/\/www.nouvelobs.com\/monde\/20191006.OBS19384\/antonio-costa-la-confiance-est-la-cle-de-toute-notre-politique-economique.html\" rel=\"nofollow noopener\" target=\"_blank\">le pr\u00e9sident du Conseil europ\u00e9en, Antonio Costa<\/a>, demanderont lors de leur visite en Chine un assouplissement de ces restrictions, qui menacent les industries europ\u00e9ennes de d\u00e9fense ou d\u2019automobile.<\/p>\n<p class=\"latino-500b text-grey-600 pb-16\">A lire aussi<\/p>\n<p><a href=\"https:\/\/www.nouvelobs.com\/monde\/20250429.OBS103323\/guerre-commerciale-avec-la-chine-le-cadeau-de-donald-trump-a-xi-jinping.html\" data-article-key=\"20250429.OBS103323\" class=\"link--box flex-grow-1\" data-piano=\"Page_Article,Lire_aussi,,Lien2,navigation\" rel=\"nofollow noopener\" target=\"_blank\"><\/p>\n<p>                <img decoding=\"async\" src=\"data:image\/svg+xml,%3Csvg%20xmlns%3D%27http%3A%2F%2Fwww.w3.org%2F2000%2Fsvg%27%20fill%3D%22%23e4e4e4%22%20viewBox%3D%270%200%20120%2080%27%20width%3D%22120%22%20height%3D%2280%22%3E%3Cpath%20d%3D%27M0%200h120v80H0z%27%2F%3E%3C%2Fsvg%3E\"  width=\"120\" height=\"80\" loading=\"lazy\" alt=\"Portraits des pr\u00e9sidents am\u00e9ricain Donald Trump et chinois Xi Jinping.\"\/><\/p>\n<p class=\"latino-300r latino-lg-600m text-grey-800\">\n                      <strong class=\"latino-300b latino-lg-600m text-grey-500\">Chronique\u00a0<\/strong><br \/>\n                    Guerre commerciale avec la Chine\u00a0: le cadeau de Donald Trump \u00e0 Xi Jinping        <\/p>\n<p><\/a><\/p>\n<p class=\"node__paragraphe antonia-750r text-grey-800 pb-24 pb-md-30\">\nP\u00e9kin pourrait en retour demander \u00e0 l\u2019UE de s\u2019opposer aux restrictions am\u00e9ricaines sur les machines n\u00e9cessaires \u00e0 la production de semi-conducteurs, dont la technologie la plus avanc\u00e9e est ma\u00eetris\u00e9e par l\u2019entreprise n\u00e9erlandaise ASML.<\/p>\n<p>\u2022 Le changement climatique<\/p>\n<p class=\"node__paragraphe antonia-750r text-grey-800 pb-24 pb-md-30\">\nLa Chine et l\u2019UE affichent toutes deux des ambitions fortes et une volont\u00e9 de coop\u00e9rer en mati\u00e8re de lutte contre le changement climatique \u2013 des objectifs r\u00e9it\u00e9r\u00e9s apr\u00e8s<a href=\"https:\/\/www.nouvelobs.com\/monde\/20250121.OBS99281\/trump-sort-encore-les-etats-unis-de-l-accord-de-paris-pourquoi-ce-retrait-pourrait-etre-plus-grave-que-le-premier.html\" rel=\"nofollow noopener\" target=\"_blank\"> le retrait am\u00e9ricain de l\u2019accord de Paris<\/a> d\u00e9cid\u00e9 par Donald Trump. Mais un sommet sur le climat organis\u00e9 au d\u00e9but du mois \u00e0 P\u00e9kin n\u2019est pas parvenu \u00e0 aboutir \u00e0 la formulation d\u2019une d\u00e9claration conjointe. La construction par P\u00e9kin de nouvelles centrales \u00e9lectriques au charbon et les taxes europ\u00e9ennes impos\u00e9es aux v\u00e9hicules \u00e9lectriques chinois ont notamment pes\u00e9 sur les discussions.<\/p>\n<p>\u2022 Les droits humains<\/p>\n<p class=\"node__paragraphe antonia-750r text-grey-800 pb-24 pb-md-30\">\nCes derni\u00e8res ann\u00e9es, <a href=\"https:\/\/www.nouvelobs.com\/chine\/20220528.OBS59033\/l-onu-appelle-pekin-a-eviter-les-mesures-arbitraires-visant-la-minorite-musulmane-des-ouighours.html\" rel=\"nofollow noopener\" target=\"_blank\">le traitement des Ou\u00efghours<\/a> dans la r\u00e9gion du Xinjiang (nord-ouest de la Chine), la reprise en main de Hong Kong ou encore les pressions autour de Ta\u00efwan ont conduit \u00e0 \u00ab\u00a0un changement de perception fondamental de la part des Europ\u00e9ens\u00a0\u00bb, estime aupr\u00e8s de l\u2019AFP Marc Julienne, directeur du Centre Asie de l\u2019Institut fran\u00e7ais des relations internationales (IFRI).<\/p>\n<p class=\"latino-500b text-grey-600 pb-16\">A lire aussi<\/p>\n<p><a href=\"https:\/\/www.nouvelobs.com\/politique\/20250424.OBS103140\/le-double-jeu-d-ursula-von-der-leyen-enquete-sur-la-femme-la-plus-puissante-d-europe.html\" data-article-key=\"20250424.OBS103140\" class=\"link--box flex-grow-1\" data-piano=\"Page_Article,Lire_aussi,,Lien3,navigation\" rel=\"nofollow noopener\" target=\"_blank\"><\/p>\n<p>                <img decoding=\"async\" src=\"data:image\/svg+xml,%3Csvg%20xmlns%3D%27http%3A%2F%2Fwww.w3.org%2F2000%2Fsvg%27%20fill%3D%22%23e4e4e4%22%20viewBox%3D%270%200%20120%2080%27%20width%3D%22120%22%20height%3D%2280%22%3E%3Cpath%20d%3D%27M0%200h120v80H0z%27%2F%3E%3C%2Fsvg%3E\"  width=\"120\" height=\"80\" loading=\"lazy\" alt=\"Ursula von der Leyen, au si\u00e8ge de la Commission europ\u00e9enne, \u00e0 Bruxelles, le 26\u00a0f\u00e9vrier 2025.&#10;\"\/><\/p>\n<p class=\"latino-300r latino-lg-600m text-grey-800\">\n                      <strong class=\"latino-300b latino-lg-600m text-grey-500\">Enqu\u00eate\u00a0<\/strong><br \/>\n                    Le double jeu d\u2019Ursula von der Leyen\u00a0: enqu\u00eate sur la femme la plus puissante d\u2019Europe        <\/p>\n<p><\/a><\/p>\n<p class=\"node__paragraphe antonia-750r text-grey-800 pb-24 pb-md-30\">\nFin avril, P\u00e9kin a toutefois annonc\u00e9 la lev\u00e9e de sanctions impos\u00e9es en\u00a02021 contre cinq eurod\u00e9put\u00e9s <a href=\"https:\/\/www.nouvelobs.com\/monde\/20210322.OBS41740\/ouigours-la-chine-sanctionne-raphael-glucksmann.html\" rel=\"nofollow noopener\" target=\"_blank\">pour leurs prises de position en faveur de la minorit\u00e9 ou\u00efghoure<\/a> et leurs propos sur le sujet jug\u00e9s mensongers par la Chine. Marc Julienne souligne cependant que la Chine \u00ab\u00a0n\u2019a ni lev\u00e9 les sanctions sur les membres des parlements nationaux, ni sur les chercheurs individuels, ni sur les think tanks\u00a0\u00bb.<\/p>\n<p class=\"authors latino-600m text-grey-800\">\n<p>  Par\u00a0<br \/>\nLe Nouvel Obs avec AFP<\/p>\n","protected":false},"excerpt":{"rendered":"Discours d\u2019ouverture du 25e sommet entre l\u2019Union europ\u00e9enne et la Chine au Palais du peuple \u00e0 P\u00e9kin, le&hellip;\n","protected":false},"author":2,"featured_media":269875,"comment_status":"","ping_status":"","sticky":false,"template":"","format":"standard","meta":{"footnotes":""},"categories":[1590],"tags":[17,11,40920,1129,11821,1777,674,74,12,2764,35111,1778,220,364],"class_list":{"0":"post-269874","1":"post","2":"type-post","3":"status-publish","4":"format-standard","5":"has-post-thumbnail","7":"category-ukraine","8":"tag-17","9":"tag-actualites","10":"tag-brulants","11":"tag-climat","12":"tag-dossiers","13":"tag-eu","14":"tag-europe","15":"tag-monde","16":"tag-news","17":"tag-sommet","18":"tag-terres","19":"tag-ue","20":"tag-ukraine","21":"tag-union-europeenne"},"share_on_mastodon":{"url":"https:\/\/pubeurope.com\/@fr\/114906908825616940","error":""},"_links":{"self":[{"href":"https:\/\/www.europesays.com\/fr\/wp-json\/wp\/v2\/posts\/269874","targetHints":{"allow":["GET"]}}],"collection":[{"href":"https:\/\/www.europesays.com\/fr\/wp-json\/wp\/v2\/posts"}],"about":[{"href":"https:\/\/www.europesays.com\/fr\/wp-json\/wp\/v2\/types\/post"}],"author":[{"embeddable":true,"href":"https:\/\/www.europesays.com\/fr\/wp-json\/wp\/v2\/users\/2"}],"replies":[{"embeddable":true,"href":"https:\/\/www.europesays.com\/fr\/wp-json\/wp\/v2\/comments?post=269874"}],"version-history":[{"count":0,"href":"https:\/\/www.europesays.com\/fr\/wp-json\/wp\/v2\/posts\/269874\/revisions"}],"wp:featuredmedia":[{"embeddable":true,"href":"https:\/\/www.europesays.com\/fr\/wp-json\/wp\/v2\/media\/269875"}],"wp:attachment":[{"href":"https:\/\/www.europesays.com\/fr\/wp-json\/wp\/v2\/media?parent=269874"}],"wp:term":[{"taxonomy":"category","embeddable":true,"href":"https:\/\/www.europesays.com\/fr\/wp-json\/wp\/v2\/categories?post=269874"},{"taxonomy":"post_tag","embeddable":true,"href":"https:\/\/www.europesays.com\/fr\/wp-json\/wp\/v2\/tags?post=269874"}],"curies":[{"name":"wp","href":"https:\/\/api.w.org\/{rel}","templated":true}]}}