{"id":269876,"date":"2025-07-24T06:57:10","date_gmt":"2025-07-24T06:57:10","guid":{"rendered":"https:\/\/www.europesays.com\/fr\/269876\/"},"modified":"2025-07-24T06:57:10","modified_gmt":"2025-07-24T06:57:10","slug":"peut-on-encore-rever-des-etats-unis-en-2025-a-lere-de-donald-trump","status":"publish","type":"post","link":"https:\/\/www.europesays.com\/fr\/269876\/","title":{"rendered":"Peut-on encore r\u00eaver des \u00c9tats-Unis\u00a0en 2025, \u00e0 l\u2019\u00e8re de Donald Trump\u00a0?"},"content":{"rendered":"<p>Jean-Pierre Laffont est certainement le seul photojournaliste fran\u00e7ais \u00e0 avoir immortalis\u00e9 l\u2019Am\u00e9rique pendant les grands bouleversements de la seconde moiti\u00e9 du XXe\u00a0si\u00e8cle. Manifestations contre la guerre du Vietnam, d\u00e9mission de Richard Nixon, <a href=\"https:\/\/www.la-croix.com\/Monde\/Etats-Unis-60-ans-reve-Martin-Luther-King-nest-toujours-pas-devenu-realite-2023-08-26-1201280199\" data-tracking=\"inpage_click\" data-tracking-action=\"suivre un lien dans l&#039;article\" data-tracking-category=\"engagement\" rel=\"nofollow noopener\" target=\"_blank\">assassinat de Martin Luther King Jr.<\/a>, d\u00e9collage d\u2019Apollo XI en direction de la Lune\u00a0: Jean-Pierre Laffont \u00e9tait derri\u00e8re son objectif pour couvrir ces moments historiques.<\/p>\n<p>Cofondateur avec son \u00e9pouse, \u00c9liane, du bureau am\u00e9ricain de la prestigieuse agence Gamma, il a publi\u00e9 une partie des photographies de cette p\u00e9riode faite de trag\u00e9dies et d\u2019espoir dans son ouvrage\u00a0Le Paradis d\u2019un photographe. Tumultueuse Am\u00e9rique (1960-1990) (\u00c9d. Glitterati, 2014, 392\u00a0p., 70\u00a0\u20ac).<\/p>\n<p>Quel regard cet amoureux des \u00c9tats-Unis porte-t-il sur l\u2019Am\u00e9rique de Donald Trump\u00a0? Peut-on encore parler d\u2019un r\u00eave am\u00e9ricain alors que le pr\u00e9sident r\u00e9publicain bouleverse l\u2019image du pays sur la sc\u00e8ne internationale\u00a0? Alexis Buisson, correspondant de La Croix \u00e0 New York, l\u2019a rencontr\u00e9 pour en parler. \u00c0 noter que son travail fera l\u2019objet d\u2019une r\u00e9trospective au prochain festival international du photojournalisme\u00a0Visa pour l\u2019image\u00a0\u00e0 Perpignan (30\u00a0ao\u00fbt-14\u00a0septembre).<\/p>\n","protected":false},"excerpt":{"rendered":"Jean-Pierre Laffont est certainement le seul photojournaliste fran\u00e7ais \u00e0 avoir immortalis\u00e9 l\u2019Am\u00e9rique pendant les grands bouleversements de la&hellip;\n","protected":false},"author":2,"featured_media":269877,"comment_status":"","ping_status":"","sticky":false,"template":"","format":"standard","meta":{"footnotes":""},"categories":[1589],"tags":[11,73,1866,12,1864,1865,1863,308],"class_list":{"0":"post-269876","1":"post","2":"type-post","3":"status-publish","4":"format-standard","5":"has-post-thumbnail","7":"category-etats-unis","8":"tag-actualites","9":"tag-etats-unis","10":"tag-etats-unis-damerique","11":"tag-news","12":"tag-united-states","13":"tag-united-states-of-america","14":"tag-us","15":"tag-usa"},"share_on_mastodon":{"url":"https:\/\/pubeurope.com\/@fr\/114906912819453902","error":""},"_links":{"self":[{"href":"https:\/\/www.europesays.com\/fr\/wp-json\/wp\/v2\/posts\/269876","targetHints":{"allow":["GET"]}}],"collection":[{"href":"https:\/\/www.europesays.com\/fr\/wp-json\/wp\/v2\/posts"}],"about":[{"href":"https:\/\/www.europesays.com\/fr\/wp-json\/wp\/v2\/types\/post"}],"author":[{"embeddable":true,"href":"https:\/\/www.europesays.com\/fr\/wp-json\/wp\/v2\/users\/2"}],"replies":[{"embeddable":true,"href":"https:\/\/www.europesays.com\/fr\/wp-json\/wp\/v2\/comments?post=269876"}],"version-history":[{"count":0,"href":"https:\/\/www.europesays.com\/fr\/wp-json\/wp\/v2\/posts\/269876\/revisions"}],"wp:featuredmedia":[{"embeddable":true,"href":"https:\/\/www.europesays.com\/fr\/wp-json\/wp\/v2\/media\/269877"}],"wp:attachment":[{"href":"https:\/\/www.europesays.com\/fr\/wp-json\/wp\/v2\/media?parent=269876"}],"wp:term":[{"taxonomy":"category","embeddable":true,"href":"https:\/\/www.europesays.com\/fr\/wp-json\/wp\/v2\/categories?post=269876"},{"taxonomy":"post_tag","embeddable":true,"href":"https:\/\/www.europesays.com\/fr\/wp-json\/wp\/v2\/tags?post=269876"}],"curies":[{"name":"wp","href":"https:\/\/api.w.org\/{rel}","templated":true}]}}