{"id":26988,"date":"2025-04-15T16:42:08","date_gmt":"2025-04-15T16:42:08","guid":{"rendered":"https:\/\/www.europesays.com\/fr\/26988\/"},"modified":"2025-04-15T16:42:08","modified_gmt":"2025-04-15T16:42:08","slug":"apres-dix-ans-a-la-tete-du-chu-de-rennes-la-directrice-veronique-anatole-sur-le-depart","status":"publish","type":"post","link":"https:\/\/www.europesays.com\/fr\/26988\/","title":{"rendered":"Apr\u00e8s dix ans \u00e0 la t\u00eate du CHU de Rennes, la directrice V\u00e9ronique Anatole sur le d\u00e9part"},"content":{"rendered":"<p>Elle aura eu le temps d\u2019<a href=\"https:\/\/www.letelegramme.fr\/ille-et-vilaine\/rennes-35000\/a-rennes-un-nouveau-batiment-du-chu-inaugure-par-le-ministre-de-la-sante-6736245.php\" target=\"_blank\" rel=\"noopener\">inaugurer le Centre chirurgical et interventionnel<\/a>, l\u2019un des b\u00e2timents phares du nouvel h\u00f4pital de Pontchaillou. V\u00e9ronique Anatole, directrice g\u00e9n\u00e9rale du CHU de Rennes, est pressentie pour int\u00e9grer la Haute autorit\u00e9 de sant\u00e9 (HAS), dont elle devrait bient\u00f4t pr\u00e9sider la commission \u00ab certification des \u00e9tablissements de sant\u00e9 \u00bb. L\u2019officialisation est attendue prochainement par d\u00e9cret pr\u00e9sidentiel, a appris le T\u00e9l\u00e9gramme, confirmant une information du <a href=\"https:\/\/www.apmnews.com\/index.php\" target=\"_blank\" rel=\"noopener\">site sp\u00e9cialis\u00e9 APMnews<\/a>.<\/p>\n<p>Apr\u00e8s avoir occup\u00e9 un poste similaire \u00e0 Metz, V\u00e9ronique Anatole avait pris ses fonctions \u00e0 Rennes le 15 mars 2015. Son dossier phare : la m\u00e9tamorphose du CHU de Pontchaillou. Un projet pharaonique, estim\u00e9 \u00e0 875 millions d\u2019euros, qu\u2019elle a lanc\u00e9 et suivi depuis le d\u00e9part. Une transformation historique, consistant \u00e0 reconstruire une bonne partie des b\u00e2timents et \u00e0 r\u00e9unir sur un m\u00eame site tous ses services. Le chantier a connu une \u00e9tape majeure cette ann\u00e9e, avec la livraison du CCI, et devrait durer encore plusieurs ann\u00e9es.<\/p>\n<p>Des crises multiples \u00e0 g\u00e9rer<\/p>\n<p>Au CHU de Rennes, cette dipl\u00f4m\u00e9e de Sciences Po Paris et de l\u2019EHESP aura aussi d\u00fb g\u00e9rer plusieurs crises. Celle du covid, bien entendu, qui l\u2019a contrainte \u00e0 r\u00e9organiser les services de soin pour faire face \u00e0 l\u2019\u00e9pid\u00e9mie. Celle de l\u2019h\u00f4pital public en g\u00e9n\u00e9ral, malade de son sous-financement et du manque d\u2019attractivit\u00e9 du m\u00e9tier de soignant. Celle, aussi, qui a secou\u00e9 son service de neurochirurgie, frapp\u00e9 par des accusations de harc\u00e8lement entre m\u00e9decins, <a href=\"https:\/\/www.letelegramme.fr\/ille-et-vilaine\/rennes-35000\/soupcons-de-harcelement-au-chu-de-rennes-on-veut-la-tolerance-zero-6521722.php\" target=\"_blank\" rel=\"noopener\">certains lui reprochant son inaction<\/a>.<\/p>\n<p>\u00c0 la Haute autorit\u00e9 de sant\u00e9, elle sera charg\u00e9e de piloter la commission qui certifie la qualit\u00e9 et la s\u00e9curit\u00e9 des soins de tous les \u00e9tablissements de sant\u00e9 de France, publics comme priv\u00e9s. Sans doute pas un hasard puisque le CHU de Rennes avait \u00e9t\u00e9 <a href=\"https:\/\/www.letelegramme.fr\/ille-et-vilaine\/rennes-35000\/le-chu-de-rennes-obtient-la-meilleure-certification-de-la-haute-autorite-de-sante-212100.php\" target=\"_blank\" rel=\"noopener\">le premier \u00e0 obtenir la plus haute certification possible de la HAS sous sa direction<\/a>, en 2022. Sa ou son successeur \u00e0 la t\u00eate du CHU de Rennes n\u2019est pas encore connu.<\/p>\n","protected":false},"excerpt":{"rendered":"Elle aura eu le temps d\u2019inaugurer le Centre chirurgical et interventionnel, l\u2019un des b\u00e2timents phares du nouvel h\u00f4pital&hellip;\n","protected":false},"author":2,"featured_media":26989,"comment_status":"","ping_status":"","sticky":false,"template":"","format":"standard","meta":{"footnotes":""},"categories":[2821],"tags":[1111,11,829,7513,1777,674,1011,27,848,12,584,25,71],"class_list":{"0":"post-26988","1":"post","2":"type-post","3":"status-publish","4":"format-standard","5":"has-post-thumbnail","7":"category-rennes","8":"tag-actu","9":"tag-actualites","10":"tag-bretagne","11":"tag-chu-de-rennes","12":"tag-eu","13":"tag-europe","14":"tag-fr","15":"tag-france","16":"tag-ille-et-vilaine","17":"tag-news","18":"tag-rennes","19":"tag-republique-francaise","20":"tag-sante"},"share_on_mastodon":{"url":"https:\/\/pubeurope.com\/@fr\/114342982121594017","error":""},"_links":{"self":[{"href":"https:\/\/www.europesays.com\/fr\/wp-json\/wp\/v2\/posts\/26988","targetHints":{"allow":["GET"]}}],"collection":[{"href":"https:\/\/www.europesays.com\/fr\/wp-json\/wp\/v2\/posts"}],"about":[{"href":"https:\/\/www.europesays.com\/fr\/wp-json\/wp\/v2\/types\/post"}],"author":[{"embeddable":true,"href":"https:\/\/www.europesays.com\/fr\/wp-json\/wp\/v2\/users\/2"}],"replies":[{"embeddable":true,"href":"https:\/\/www.europesays.com\/fr\/wp-json\/wp\/v2\/comments?post=26988"}],"version-history":[{"count":0,"href":"https:\/\/www.europesays.com\/fr\/wp-json\/wp\/v2\/posts\/26988\/revisions"}],"wp:featuredmedia":[{"embeddable":true,"href":"https:\/\/www.europesays.com\/fr\/wp-json\/wp\/v2\/media\/26989"}],"wp:attachment":[{"href":"https:\/\/www.europesays.com\/fr\/wp-json\/wp\/v2\/media?parent=26988"}],"wp:term":[{"taxonomy":"category","embeddable":true,"href":"https:\/\/www.europesays.com\/fr\/wp-json\/wp\/v2\/categories?post=26988"},{"taxonomy":"post_tag","embeddable":true,"href":"https:\/\/www.europesays.com\/fr\/wp-json\/wp\/v2\/tags?post=26988"}],"curies":[{"name":"wp","href":"https:\/\/api.w.org\/{rel}","templated":true}]}}