{"id":269880,"date":"2025-07-24T06:59:13","date_gmt":"2025-07-24T06:59:13","guid":{"rendered":"https:\/\/www.europesays.com\/fr\/269880\/"},"modified":"2025-07-24T06:59:13","modified_gmt":"2025-07-24T06:59:13","slug":"lespagne-sort-lallemagne-dans-la-douleur-et-rejoint-langleterre-en-finale-euro-2025-demies-allemagne-espagne-0-1-a-p","status":"publish","type":"post","link":"https:\/\/www.europesays.com\/fr\/269880\/","title":{"rendered":"L\u2019Espagne sort l\u2019Allemagne dans la douleur et rejoint l\u2019Angleterre en finale ! &#8211; Euro 2025 &#8211; Demies &#8211; Allemagne-Espagne (0-1, A.P)"},"content":{"rendered":"<p>\t\t\t<img decoding=\"async\" loading=\"lazy\" class=\"blason blason-grand\" src=\"https:\/\/www.europesays.com\/fr\/wp-content\/uploads\/2025\/05\/1748654169_748_grande.jpg\"\/> Allemagne 0-1 Espagne <img decoding=\"async\" loading=\"lazy\" class=\"blason blason-grand\" src=\"https:\/\/www.europesays.com\/fr\/wp-content\/uploads\/2025\/06\/grande.jpg\"\/><\/p>\n<p>Buts : Aitana Bonmat\u00ed (113e) pour la Roja<\/p>\n<p class=\"p1\">Dans le Letzigrund de Zurich, cette seconde demi-finale de l\u2019Euro offrait au public une all\u00e9chante affiche entre l\u2019Allemagne, <a target=\"_blank\" href=\"https:\/\/www.sofoot.com\/articles\/euro-f-2025-la-france-une-nouvelle-fois-eliminee-en-quart%20de%20finale-par-lallemagne\" rel=\"nofollow noopener\">tombeuse des Fran\u00e7aises en quarts<\/a>, et l\u2019Espagne, championne du monde en titre et victorieuse facile de ses cinq premiers matchs dans la comp\u00e9tition. Une rencontre ultra-domin\u00e9e par les Espagnoles, qui ont finalement r\u00e9ussi \u00e0 sortie du bourbier allemand gr\u00e2ce \u00e0 l\u2019in\u00e9vitable Bonmat\u00ed. La double Ballon d\u2019or en titre permet \u00e0 la Roja de s\u2019offrir une premi\u00e8re finale d\u2019Euro dans son histoire, et peut-\u00eatre un premier graal europ\u00e9en face \u00e0 l\u2019Angleterre dimanche \u00e0 B\u00e2le.<\/p>\n<p>Contre-attaque vs possession<\/p>\n<p class=\"p1\">Rentr\u00e9e dans ce match sur ses bases de possession et d\u2019occupation du camp adverse, la Roja prend cependant quelques mauvais r\u00e9flexes en ce d\u00e9but de rencontre. Dont celui de rendre quelques ballons, permettant aux Allemandes de faire parler la poudre en contre. C\u2019est de cette mani\u00e8re que la Frauen-Mannschaft passe pas loin d\u2019ouvrir le score d\u00e8s les premi\u00e8res minutes de jeu, mais Klara B\u00fchl ne parvient pas \u00e0 cadrer sous la pression des deux d\u00e9fenseuses espagnoles revenues en catastrophe. \u00c0 cause d\u2019un bloc adverse compact, les Espagnoles ne peuvent allumer leur premi\u00e8re m\u00e8che qu\u2019\u00e0 la vingti\u00e8me minute : sur un coup de billard dans la surface, Esther Gonzalez Rodr\u00edguez allume la cage allemande, mais sa frappe du cou-de-pied trop ax\u00e9e est claqu\u00e9e en corner par Berger.<\/p>\n<p class=\"p1\">Les alertes allemandes en contre ont de quoi piquer les Ib\u00e9riques dans leur ego, qui font passer un sale dernier quart d\u2019heure \u00e0 leurs adversaires. La capitaine Irene Paredes voit sa t\u00eate sur corner mourir sur le poteau gauche de Berger, puis juste avant la mi-temps par Esther Gonzalez Rodr\u00edguez, autrice d\u2019un superbe contr\u00f4le sur une grandiose ouverture de Patricia Guijarro, ne peut tromper <a target=\"_blank\" href=\"https:\/\/www.sofoot.com\/articles\/euro-f-2025-allemagne-espagne-la-bonne-etoile-dann-kathrin-berger\" rel=\"nofollow noopener\">l\u2019insubmersible Berger<\/a>.<\/p>\n<p><img decoding=\"async\" loading=\"lazy\" class=\"\" src=\"https:\/\/www.europesays.com\/fr\/wp-content\/uploads\/2025\/07\/1753340353_332_grande.jpg\" alt=\"\" width=\"2560\" height=\"1707\"\/><\/p>\n<p class=\"p1\">La r\u00e9sistance allemande reprend du service au retour des vestiaires. Sur chaque offensive espagnole, la bande de Christian W\u00fcck parvient toujours \u00e0 laisser un bout d\u2019orteil tra\u00eener, \u00e0 l\u2019image de cette nouvelle frappe d\u2019Esther contr\u00e9e par Sophia Kleinherne peu avant l\u2019heure de jeu. Malgr\u00e9 une importante d\u00e9bauche d\u2019\u00e9nergie en d\u00e9fense, les Allemandes continuent \u00e0 utiliser le contre et l\u2019infatigable Klara B\u00fchl, dont la frappe est bien arr\u00eat\u00e9e des pieds par Coll, finalement tr\u00e8s peu mise \u00e0 contribution depuis le d\u00e9but du match. Les minutes s\u2019\u00e9coulent \u00e0 Zurich, l\u2019Allemagne tient et r\u00e9utilise la m\u00eame tactique qui lui avait permis de battre la France au tour pr\u00e9c\u00e9dent.<\/p>\n<p>Du chaos dans l\u2019air\u2026 puis le g\u00e9nie<\/p>\n<p class=\"p1\">Visuellement, cette fin de match s\u2019apparente \u00e0 une s\u00e9quence de handball, une charni\u00e8re allemande accul\u00e9e derri\u00e8re et des attaquantes de la Roja peinant \u00e0 trouver l\u2019ouverture. Seule option pour la Frauen-Mannschaft, les coups de pied arr\u00eat\u00e9s, comme ce coup franc plein axe de l\u2019intenable Klara B\u00fchl qui fr\u00f4le le poteau de Coll et passe pas loin de crucifier les efforts espagnols. C\u2019est ensuite la gardienne du Bar\u00e7a qui sauve les siennes \u00e0 la derni\u00e8re seconde, en repoussant une balle contr\u00e9e par sa d\u00e9fense puis une frappe puissante de Wamser.<\/p>\n<p class=\"p1\">Pas de d\u00e9cision faite, la prolongation s\u2019ouvre, nouvelle coutume dans cet Euro suisse. Une prolongation qui comme trop souvent ne rime pas avec actions, la faute \u00e0 des jambes lourdes de part et d\u2019autre. Une bataille mentale et physique, dans laquelle la solution vient enfin d\u2019Aitana Bonmat\u00ed. Lanc\u00e9e sur le c\u00f4t\u00e9 droit, la g\u00e9niale cr\u00e9atrice d\u00e9coche une frappe puissante dans un angle ferm\u00e9 qui trompe Berger, qui s\u2019attendait \u00e0 un centre <b>(0-1, 113e)<\/b>. Une derni\u00e8re parade salvatrice de Coll, et l\u2019Espagne est lib\u00e9r\u00e9e ! Elle d\u00e9fiera l\u2019Angleterre ce dimanche \u00e0 B\u00e2le, pour tenter d\u2019aller chercher un historique doubl\u00e9 Mondial-Euro, et au passage accrocher un premier graal europ\u00e9en \u00e0 son palmar\u00e8s.<\/p>\n<p><strong> <img decoding=\"async\" loading=\"lazy\" class=\"blason blason-petit\" src=\"https:\/\/www.europesays.com\/fr\/wp-content\/uploads\/2025\/05\/1748654169_748_grande.jpg\"\/> Allemagne (5-4-1) :\u00a0<\/strong>Berger \u2013 Wamser, Kleinherne (Lohmann, 97e), Minge, Knaak, Kett \u2013 Brand, Senss (Schuller, 115e), D\u00e4britz (Dallmann, 64e), B\u00fchl \u2013 Hoffmann (Cerci, 86e). <strong>S\u00e9lectionneur :<\/strong> Christian W\u00fcck.<\/p>\n<p><img decoding=\"async\" loading=\"lazy\" class=\"blason blason-petit\" src=\"https:\/\/www.europesays.com\/fr\/wp-content\/uploads\/2025\/06\/grande.jpg\"\/> <strong>Espagne (4-3-3) :<\/strong> Coll \u2013 Batlle, Paredes, M\u00e9ndez, Carmona \u2013 Bonmat\u00ed, Guijarro, Putellas \u2013 Caldentey (Martin-Prieto, 103e), Esther Gonzalez (Paralluelo, 67e), Pina (Del Castillo, 77e). <strong>S\u00e9lectionneuse :<\/strong> Montserrat Tom\u00e9.<\/p>\n<p>\t\t\t\t\t\t\t\t\t\t<a class=\"lien-connexe\" href=\"https:\/\/www.sofoot.com\/articles\/en-direct-allemagne-espagne\" rel=\"nofollow noopener\" target=\"_blank\">Revivez Allemagne &#8211; Espagne (0-1)<\/a>\t\t\t\t\t<\/p>\n","protected":false},"excerpt":{"rendered":"Allemagne 0-1 Espagne Buts : Aitana Bonmat\u00ed (113e) pour la Roja Dans le Letzigrund de Zurich, cette seconde&hellip;\n","protected":false},"author":2,"featured_media":269881,"comment_status":"","ping_status":"","sticky":false,"template":"","format":"standard","meta":{"footnotes":""},"categories":[1587],"tags":[47,11,61,672,69,1804,65,1805,1803,64,1777,674,63,1801,68,66,12,62,70,1802,67],"class_list":{"0":"post-269880","1":"post","2":"type-post","3":"status-publish","4":"format-standard","5":"has-post-thumbnail","7":"category-allemagne","8":"tag-actualite","9":"tag-actualites","10":"tag-actus-football","11":"tag-allemagne","12":"tag-bundesliga","13":"tag-bundesrepublik-deutschland","14":"tag-championnats-europeens","15":"tag-de","16":"tag-deutschland","17":"tag-equipe-de-france","18":"tag-eu","19":"tag-europe","20":"tag-football","21":"tag-germany","22":"tag-ligua","23":"tag-ligue-1","24":"tag-news","25":"tag-news-foot","26":"tag-premier-league","27":"tag-republique-federale-dallemagne","28":"tag-serie-a"},"share_on_mastodon":{"url":"https:\/\/pubeurope.com\/@fr\/114906920803739092","error":""},"_links":{"self":[{"href":"https:\/\/www.europesays.com\/fr\/wp-json\/wp\/v2\/posts\/269880","targetHints":{"allow":["GET"]}}],"collection":[{"href":"https:\/\/www.europesays.com\/fr\/wp-json\/wp\/v2\/posts"}],"about":[{"href":"https:\/\/www.europesays.com\/fr\/wp-json\/wp\/v2\/types\/post"}],"author":[{"embeddable":true,"href":"https:\/\/www.europesays.com\/fr\/wp-json\/wp\/v2\/users\/2"}],"replies":[{"embeddable":true,"href":"https:\/\/www.europesays.com\/fr\/wp-json\/wp\/v2\/comments?post=269880"}],"version-history":[{"count":0,"href":"https:\/\/www.europesays.com\/fr\/wp-json\/wp\/v2\/posts\/269880\/revisions"}],"wp:featuredmedia":[{"embeddable":true,"href":"https:\/\/www.europesays.com\/fr\/wp-json\/wp\/v2\/media\/269881"}],"wp:attachment":[{"href":"https:\/\/www.europesays.com\/fr\/wp-json\/wp\/v2\/media?parent=269880"}],"wp:term":[{"taxonomy":"category","embeddable":true,"href":"https:\/\/www.europesays.com\/fr\/wp-json\/wp\/v2\/categories?post=269880"},{"taxonomy":"post_tag","embeddable":true,"href":"https:\/\/www.europesays.com\/fr\/wp-json\/wp\/v2\/tags?post=269880"}],"curies":[{"name":"wp","href":"https:\/\/api.w.org\/{rel}","templated":true}]}}