{"id":269884,"date":"2025-07-24T07:01:10","date_gmt":"2025-07-24T07:01:10","guid":{"rendered":"https:\/\/www.europesays.com\/fr\/269884\/"},"modified":"2025-07-24T07:01:10","modified_gmt":"2025-07-24T07:01:10","slug":"a-pekin-xi-jinping-appelle-lue-a-renforcer-la-confiance-ursula-von-der-leyen-affirme-vouloir-de-vraies-solutions-avec-la-chine","status":"publish","type":"post","link":"https:\/\/www.europesays.com\/fr\/269884\/","title":{"rendered":"\u00c0 P\u00e9kin, Xi Jinping appelle l&rsquo;UE \u00e0 renforcer la confiance, Ursula von der Leyen affirme vouloir de \u00abvraies solutions\u00bb avec la Chine"},"content":{"rendered":"<p>La Chine cherche ces derniers mois \u00e0 resserrer ses liens avec le Vieux continent. Elle se pr\u00e9sente comme un partenaire plus fiable et un p\u00f4le de stabilit\u00e9.<\/p>\n<p class=\"fig-paragraph\"><a href=\"http:\/\/www.lefigaro.fr\/international\/xi-jinping-declare-que-la-chine-et-la-russie-doivent-renforcer-leur-soutien-mutuel-20250715\" target=\"_blank\" data-fig-type=\"NewsFlash\" rel=\"noopener nofollow\" data-gtm-custom-categorie=\"navigation\" data-gtm-custom-action=\"crossclick\" data-gtm-custom-label=\"Contextuel\" data-gtm-event=\"customEventSPE\" data-fig-domain=\"LEFIGARO\">Xi Jinping<\/a>\u00a0a affirm\u00e9 ce jeudi aux dirigeants de l&rsquo;UE que P\u00e9kin et Bruxelles devaient renforcer leur confiance mutuelle, la pr\u00e9sidente de la Commission europ\u00e9enne appelant \u00e0 de \u00abvraies solutions\u00bb pour des relations bilat\u00e9rales qui sont \u00e0 un \u00abmoment charni\u00e8re\u00bb. La Chine cherche ces derniers mois \u00e0 resserrer ses liens avec le Vieux continent. Elle se pr\u00e9sente comme un partenaire plus fiable que les \u00c9tats-Unis de\u00a0<a href=\"http:\/\/www.lefigaro.fr\/conjoncture\/droits-de-douane-donald-trump-vise-a-mettre-fin-au-contournement-des-surtaxes-americaines-par-la-chine-20250711\" target=\"_blank\" data-fig-type=\"NewsFlash\" rel=\"noopener nofollow\" data-gtm-custom-categorie=\"navigation\" data-gtm-custom-action=\"crossclick\" data-gtm-custom-label=\"Contextuel\" data-gtm-event=\"customEventSPE\" data-fig-domain=\"LEFIGARO\">Donald Trump<\/a>\u00a0et un p\u00f4le de stabilit\u00e9 dans un monde en proie aux troubles.<\/p>\n<p class=\"fig-paragraph\">La rencontre de Xi Jinping jeudi \u00e0 P\u00e9kin avec\u00a0<a href=\"http:\/\/www.lefigaro.fr\/flash-eco\/negociations-commerciales-entre-l-ue-et-l-indonesie-ursula-von-der-leyen-annonce-un-accord-politique-20250713\" target=\"_blank\" data-fig-type=\"NewsFlash\" rel=\"noopener nofollow\" data-gtm-custom-categorie=\"navigation\" data-gtm-custom-action=\"crossclick\" data-gtm-custom-label=\"Contextuel\" data-gtm-event=\"customEventSPE\" data-fig-domain=\"LEFIGARO\">Ursula von\u00a0der\u00a0Leyen<\/a>, la pr\u00e9sidente de la Commission europ\u00e9enne, et Ant\u00f3nio Costa, le pr\u00e9sident du Conseil europ\u00e9en, est cens\u00e9e c\u00e9l\u00e9brer le 50e anniversaire des relations diplomatiques. Mais les dirigeants europ\u00e9ens sont arriv\u00e9s avec une longue liste de contentieux. Parmi eux: un important d\u00e9s\u00e9quilibre commercial en d\u00e9faveur de l&rsquo;UE, des craintes d&rsquo;inondation du march\u00e9 europ\u00e9en par des produits chinois bon march\u00e9 et subventionn\u00e9s, ou le rapprochement P\u00e9kin-Moscou, vu avec suspicion sur fond d&rsquo;invasion russe de l&rsquo;Ukraine.<\/p>\n<p>                                    <a class=\"fig-a11y-skip a11y-hidden\" href=\"#fig-a11y-skip-main-inarticle\"><br \/>\n        Passer la publicit\u00e9<br \/>\n    <\/a><\/p>\n<p class=\"fig-paragraph\">\u00abPlus la situation internationale est grave et complexe, plus la Chine et l&rsquo;UE doivent intensifier la communication, renforcer la confiance mutuelle et approfondir la coop\u00e9ration\u00bb, a d\u00e9clar\u00e9 Xi Jinping \u00e0 ses h\u00f4tes dans l&rsquo;immense Palais du peuple, au c\u0153ur de P\u00e9kin, selon un communiqu\u00e9 du minist\u00e8re chinois des Affaires \u00e9trang\u00e8res. Face aux \u00abinstabilit\u00e9s\u00bb dans le monde, \u00ables dirigeants chinois et europ\u00e9ens doivent encore une fois faire preuve de clairvoyance et d&rsquo;engagement, et faire le bon choix strat\u00e9gique qui r\u00e9pond aux attentes des peuples et qui r\u00e9siste \u00e0 l&rsquo;\u00e9preuve de l&rsquo;Histoire\u00bb, a-t-il soulign\u00e9.<\/p>\n<p class=\"fig-body-link\">\n            \u00c0 lire aussi<br \/>\n        <a class=\"fig-body-link__link fig-premium-mark\" href=\"http:\/\/www.lefigaro.fr\/conjoncture\/un-partenaire-tres-difficile-rien-ne-va-plus-entre-l-union-europeenne-et-la-chine-20250707\" data-fig-type=\"Article\" data-gtm-custom-categorie=\"navigation\" data-gtm-custom-action=\"crossclick\" data-gtm-custom-label=\"Contextuel\" data-gtm-event=\"customEventSPE\" data-fig-domain=\"LEFIGARO\" rel=\"nofollow noopener\" target=\"_blank\">\u00abUn partenaire tr\u00e8s difficile\u00bb\u00a0: rien ne va plus entre l\u2019Union europ\u00e9enne et la Chine<br \/>\n    <\/a>\n<\/p>\n<p>\u00abIl est essentiel d\u2019avoir ce type d\u2019\u00e9change tr\u00e8s direct\u00bb<\/p>\n<p class=\"fig-paragraph\">En r\u00e9ponse, Ursula von\u00a0der\u00a0Leyen a d\u00e9clar\u00e9 \u00e0 Xi Jinping qu&rsquo;il \u00e9tait \u00abessentiel que la Chine et l&rsquo;Europe reconnaissent leurs pr\u00e9occupations respectives et proposent des solutions concr\u00e8tes\u00bb. Elle a averti que les relations avaient atteint un \u00abmoment charni\u00e8re\u00bb. De son c\u00f4t\u00e9, Ant\u00f3nio Costa a d\u00e9clar\u00e9 \u00e0 Xi Jinping que l&rsquo;UE\u00a0souhaitait voir des \u00abprogr\u00e8s concrets sur les questions li\u00e9es au commerce et \u00e0 l&rsquo;\u00e9conomie\u00bb. \u00abNous voulons tous les deux que notre relation soit (&#8230;) mutuellement b\u00e9n\u00e9fique\u00bb, a-t-il soulign\u00e9.<\/p>\n<p class=\"fig-paragraph\">Bruxelles a reconnu avant la visite que les discussions de jeudi entre ses hauts responsables et Xi Jinping ainsi que le premier ministre Li Qiang pourraient \u00eatre tendues. \u00abNous savons que nous ne sommes pas d&rsquo;accord avec la Chine sur de nombreux sujets\u00bb, a confi\u00e9 la semaine derni\u00e8re un haut responsable europ\u00e9en \u00e0 l&rsquo;AFP. \u00abMais nous pensons qu&rsquo;il est essentiel d&rsquo;avoir ce type d&rsquo;\u00e9change tr\u00e8s direct, ouvert et constructif, au plus haut niveau.\u00bb<\/p>\n<p class=\"fig-paragraph\">En t\u00eate des pr\u00e9occupations europ\u00e9ennes: le d\u00e9ficit commercial abyssal avec P\u00e9kin, qui a atteint l&rsquo;an dernier 357 milliards de dollars (304 milliards d&rsquo;euros). En r\u00e9ponse \u00e0 un appel europ\u00e9en de \u00abr\u00e9\u00e9quilibrage\u00bb des \u00e9changes \u00e9conomiques, P\u00e9kin avait exhort\u00e9 Bruxelles \u00e0 tout d&rsquo;abord r\u00e9\u00e9quilibrer son \u00ab\u00e9tat d&rsquo;esprit\u00bb vis-\u00e0-vis de la Chine &#8211; jug\u00e9 trop hostile.<\/p>\n","protected":false},"excerpt":{"rendered":"La Chine cherche ces derniers mois \u00e0 resserrer ses liens avec le Vieux continent. Elle se pr\u00e9sente comme&hellip;\n","protected":false},"author":2,"featured_media":269885,"comment_status":"","ping_status":"","sticky":false,"template":"","format":"standard","meta":{"footnotes":""},"categories":[1586],"tags":[11,309,1777,674,1779,1011,27,12,25,1778,364,2544,7084],"class_list":{"0":"post-269884","1":"post","2":"type-post","3":"status-publish","4":"format-standard","5":"has-post-thumbnail","7":"category-europe","8":"tag-actualites","9":"tag-chine","10":"tag-eu","11":"tag-europe","12":"tag-european-union","13":"tag-fr","14":"tag-france","15":"tag-news","16":"tag-republique-francaise","17":"tag-ue","18":"tag-union-europeenne","19":"tag-ursula-von-der-leyen","20":"tag-xi-jinping"},"share_on_mastodon":{"url":"https:\/\/pubeurope.com\/@fr\/114906928545091842","error":""},"_links":{"self":[{"href":"https:\/\/www.europesays.com\/fr\/wp-json\/wp\/v2\/posts\/269884","targetHints":{"allow":["GET"]}}],"collection":[{"href":"https:\/\/www.europesays.com\/fr\/wp-json\/wp\/v2\/posts"}],"about":[{"href":"https:\/\/www.europesays.com\/fr\/wp-json\/wp\/v2\/types\/post"}],"author":[{"embeddable":true,"href":"https:\/\/www.europesays.com\/fr\/wp-json\/wp\/v2\/users\/2"}],"replies":[{"embeddable":true,"href":"https:\/\/www.europesays.com\/fr\/wp-json\/wp\/v2\/comments?post=269884"}],"version-history":[{"count":0,"href":"https:\/\/www.europesays.com\/fr\/wp-json\/wp\/v2\/posts\/269884\/revisions"}],"wp:featuredmedia":[{"embeddable":true,"href":"https:\/\/www.europesays.com\/fr\/wp-json\/wp\/v2\/media\/269885"}],"wp:attachment":[{"href":"https:\/\/www.europesays.com\/fr\/wp-json\/wp\/v2\/media?parent=269884"}],"wp:term":[{"taxonomy":"category","embeddable":true,"href":"https:\/\/www.europesays.com\/fr\/wp-json\/wp\/v2\/categories?post=269884"},{"taxonomy":"post_tag","embeddable":true,"href":"https:\/\/www.europesays.com\/fr\/wp-json\/wp\/v2\/tags?post=269884"}],"curies":[{"name":"wp","href":"https:\/\/api.w.org\/{rel}","templated":true}]}}