{"id":269888,"date":"2025-07-24T07:03:09","date_gmt":"2025-07-24T07:03:09","guid":{"rendered":"https:\/\/www.europesays.com\/fr\/269888\/"},"modified":"2025-07-24T07:03:09","modified_gmt":"2025-07-24T07:03:09","slug":"pourquoi-la-thailande-et-le-cambodge-saffrontent-ils","status":"publish","type":"post","link":"https:\/\/www.europesays.com\/fr\/269888\/","title":{"rendered":"pourquoi la Tha\u00eflande et le Cambodge s\u2019affrontent-ils ?"},"content":{"rendered":"<p>La tension monte entre les deux royaumes d\u2019Asie du Sud-Est, \u00e0 couteaux tir\u00e9s depuis la mort, fin mai, d\u2019un soldat khmer lors d\u2019un \u00e9change de tirs avec l\u2019arm\u00e9e tha\u00eflandaise dans une zone frontali\u00e8re disput\u00e9e.<\/p>\n<p class=\"fig-paragraph\">Une dangereuse escalade vers la guerre\u00a0? Depuis plusieurs jours,\u00a0<a href=\"http:\/\/www.lefigaro.fr\/flash-actu\/nouveaux-echanges-de-tirs-a-la-frontiere-cambodge-thailande-20250724\" target=\"_blank\" data-fig-type=\"NewsFlash\" rel=\"noopener\" data-gtm-custom-categorie=\"navigation\" data-gtm-custom-action=\"crossclick\" data-gtm-custom-label=\"Contextuel\" data-gtm-event=\"customEventSPE\" data-fig-domain=\"LEFIGARO\">la tension monte entre la Tha\u00eflande et le Cambodge<\/a>, \u00e0 couteaux tir\u00e9s depuis la mort, fin mai, d\u2019un soldat khmer lors d\u2019un \u00e9change de tirs avec l\u2019arm\u00e9e tha\u00eflandaise dans une zone frontali\u00e8re disput\u00e9e entre les deux royaumes d\u2019Asie du Sud-Est. Ce diff\u00e9rend frontalier entre les deux pays remonte au trac\u00e9 de leur fronti\u00e8re longue de 800 kilom\u00e8tres au d\u00e9but du XXe si\u00e8cle, sous l\u2019occupation fran\u00e7aise de l\u2019Indochine. Il est \u00e0 l\u2019origine de de la mort de 28 personnes dans la r\u00e9gion depuis 2008, mais les tensions \u00e9taient retomb\u00e9es ces derni\u00e8res ann\u00e9es.<\/p>\n<p class=\"fig-paragraph\">Ce jeudi 24 juillet au matin, la\u00a0<a href=\"http:\/\/www.lefigaro.fr\/vox\/monde\/conflit-cambodge-thailande-la-france-doit-defendre-la-carte-issue-du-traite-de-1907-20250715\" target=\"_blank\" data-fig-type=\"Article\" rel=\"noopener\" data-gtm-custom-categorie=\"navigation\" data-gtm-custom-action=\"crossclick\" data-gtm-custom-label=\"Contextuel\" data-gtm-event=\"customEventSPE\" data-fig-domain=\"LEFIGARO\">Tha\u00eflande<\/a>\u00a0a accus\u00e9 le\u00a0<a href=\"http:\/\/www.lefigaro.fr\/international\/unite-identite-croissance-le-renouveau-du-cambodge-un-royaume-meurtri-par-les-khmers-rouges-20250504\" target=\"_blank\" data-fig-type=\"Article\" rel=\"noopener\" data-gtm-custom-categorie=\"navigation\" data-gtm-custom-action=\"crossclick\" data-gtm-custom-label=\"Contextuel\" data-gtm-event=\"customEventSPE\" data-fig-domain=\"LEFIGARO\">Cambodge<\/a>\u00a0d\u2019avoir lanc\u00e9 une attaque de roquettes \u00abcibl\u00e9e\u00bb contre des civils faisant au moins un mort, selon le bureau du premier ministre. Le pr\u00e9c\u00e9dent bilan faisait \u00e9tat de trois bless\u00e9s civils apr\u00e8s, affirme\u00a0<a href=\"http:\/\/www.lefigaro.fr\/tout-le-batiment-a-commence-a-trembler-un-survivant-raconte-l-effondrement-d-une-tour-a-bangkok-suite-au-seisme-20250329\" data-fig-type=\"NewsFlash\" data-gtm-custom-categorie=\"navigation\" data-gtm-custom-action=\"crossclick\" data-gtm-custom-label=\"Contextuel\" data-gtm-event=\"customEventSPE\" data-fig-domain=\"LEFIGARO\" target=\"_blank\" rel=\"noopener\">Bangkok<\/a>, que deux roquettes BM-21 avaient touch\u00e9 une communaut\u00e9 dans le district de Kap Choeng de la province de Surin (nord-est).<\/p>\n<p>                                    <a class=\"fig-a11y-skip a11y-hidden\" href=\"#fig-a11y-skip-main-inarticle\"><br \/>\n        Passer la publicit\u00e9<br \/>\n    <\/a><\/p>\n<p class=\"fig-paragraph\">En riposte, la Tha\u00eflande a men\u00e9 des frappes a\u00e9riennes contre deux \u00abcibles militaires au sol\u00bb cambodgiennes en d\u00e9ployant six avions de combat F-16, a d\u00e9clar\u00e9 le porte-parole adjoint des forces arm\u00e9es. Et a annonc\u00e9 la fermeture de tous les postes-fronti\u00e8res avec son voisin.<\/p>\n<p class=\"fig-body-link\">\n            \u00c0 lire aussi<br \/>\n        <a class=\"fig-body-link__link fig-premium-mark\" href=\"http:\/\/www.lefigaro.fr\/international\/thailande-moins-d-un-an-apres-son-election-la-premiere-ministre-paetongtarn-shinawatra-suspendue-de-ses-fonctions-20250701\" data-fig-type=\"Article\" data-gtm-custom-categorie=\"navigation\" data-gtm-custom-action=\"crossclick\" data-gtm-custom-label=\"Contextuel\" data-gtm-event=\"customEventSPE\" data-fig-domain=\"LEFIGARO\" target=\"_blank\" rel=\"noopener\">Tha\u00eflande\u00a0: moins d\u2019un an apr\u00e8s son \u00e9lection, la premi\u00e8re ministre Paetongtarn Shinawatra suspendue de ses fonctions<br \/>\n    <\/a>\n<\/p>\n<p>\u00abDroit l\u00e9gitime \u00e0 l\u2019autod\u00e9fense\u00bb<\/p>\n<p class=\"fig-paragraph\">Plus t\u00f4t dans la matin\u00e9e, des \u00e9changes de tirs ont \u00e9clat\u00e9 \u00e0 la fronti\u00e8re entre les arm\u00e9es des deux pays, ont indiqu\u00e9 le minist\u00e8re cambodgien de la D\u00e9fense et l\u2019arm\u00e9e tha\u00eflandaise. L\u2019incident a eu lieu pr\u00e8s de vieux temples au niveau de la province tha\u00eflandaise de Surin (nord-est) et, au Cambodge, de la province d\u2019Oddar Meanchey, dans le nord-ouest. Chaque pays accuse l\u2019autre d\u2019avoir fait feu en premier.<\/p>\n<p class=\"fig-paragraph\">\u00abVers 8h20 (1h20 GMT), les forces cambodgiennes ont ouvert le feu en direction du flanc est du temple Prasat Ta Muen Thom, \u00e0 environ 200 m\u00e8tres de la base tha\u00eflandaise\u00bb, a annonc\u00e9 dans un communiqu\u00e9 l\u2019arm\u00e9e tha\u00eflandaise dans un communiqu\u00e9 qui a de m\u00eame accus\u00e9\u00a0<a href=\"http:\/\/www.lefigaro.fr\/international\/cambodge-les-images-stupefiantes-de-phnom-penh-plongee-dans-le-noir-par-la-pollution-20250202\" data-fig-type=\"NewsFlash\" data-gtm-custom-categorie=\"navigation\" data-gtm-custom-action=\"crossclick\" data-gtm-custom-label=\"Contextuel\" data-gtm-event=\"customEventSPE\" data-fig-domain=\"LEFIGARO\" target=\"_blank\" rel=\"noopener\">Phnom Penh<\/a>\u00a0d\u2019avoir eu recours \u00e0 un drone sur ce site pr\u00e9cis une heure plus t\u00f4t.<\/p>\n<p class=\"fig-paragraph\">De son c\u00f4t\u00e9, le Cambodge, par la voix de la porte-parole de son minist\u00e8re de la D\u00e9fense, accuse l\u2019arm\u00e9e tha\u00eflandaise d\u2019avoir \u00abviol\u00e9 [son] int\u00e9grit\u00e9 territoriale en lan\u00e7ant une attaque arm\u00e9e sur les forces cambodgiennes stationn\u00e9es\u00bb. \u00abEn guise de r\u00e9ponse, les forces arm\u00e9es cambodgiennes ont exerc\u00e9 leur droit l\u00e9gitime \u00e0 l\u2019autod\u00e9fense, en pleine conformit\u00e9 avec le droit international, pour repousser l\u2019incursion tha\u00eflandaise\u00bb, a expliqu\u00e9 Maly Socheata.<\/p>\n<p>Postes-fronti\u00e8res ferm\u00e9s<\/p>\n<p class=\"fig-paragraph\">Depuis la fin du mois de mai, les relations diplomatiques et \u00e9conomiques entre les deux pays sont au point mort. Le Cambodge a m\u00eame r\u00e9trograd\u00e9 au \u00abplus bas niveau\u00bb les relations diplomatiques avec son voisin, a rapport\u00e9 ce jeudi l\u2019agence cambodgienne d\u2019informations AKP. La veille, Bangkok a rappel\u00e9 son ambassadeur en place \u00e0 Phnom Penh et expuls\u00e9 l\u2019ambassadeur cambodgien de son territoire, apr\u00e8s qu\u2019un soldat tha\u00eflandais a perdu une jambe en marchant sur une mine dans la zone frontali\u00e8re de Chong Bok.<\/p>\n<p>                                    <a class=\"fig-a11y-skip a11y-hidden\" href=\"#fig-a11y-skip-main-inarticle_mtf\"><br \/>\n        Passer la publicit\u00e9<br \/>\n    <\/a><\/p>\n<p class=\"fig-paragraph\">Selon le premier ministre tha\u00eflandais Phumtham Wechayachai, une enqu\u00eate men\u00e9e par l\u2019arm\u00e9e de son pays a prouv\u00e9 que le Cambodge avait pos\u00e9 de nouvelles mines dans ladite zone disput\u00e9e. Des conclusions que le minist\u00e8re cambodgien de la D\u00e9fense a \u00abcat\u00e9goriquement rejet\u00e9\u00bb. Et d\u2019ajouter que Phnom Penh d\u00e9fendrait son int\u00e9grit\u00e9 territoriale \u00aben toutes circonstances et \u00e0 tout prix\u00bb. Selon Phnom Penh, les soldats tha\u00eflandais bless\u00e9s &#8211; cinq au total &#8211; ont march\u00e9 sur des mines anciennes enterr\u00e9es sur son territoire durant la guerre civile. Dans ce contexte, \u00e9crit le\u00a0<a href=\"https:\/\/www.bangkokpost.com\/thailand\/general\/3073080\/cambodia-laying-mines\" target=\"_blank\" rel=\"noopener\" data-gtm-custom-categorie=\"navigation\" data-gtm-custom-action=\"crossclick\" data-gtm-custom-label=\"Contextuel\" data-gtm-event=\"customEventSPE\">quotidien tha\u00eflandais Bangkok Post<\/a>, le gouvernement tha\u00eflandais veut saisir le pr\u00e9sident de la convention d\u2019Ottawa sur les mines antipersonnel, dont les deux pays sont signataires depuis 1997.<\/p>\n<p>    Un soldat tha\u00eflandais bless\u00e9 apr\u00e8s avoir march\u00e9 sur une mine terrestre, transport\u00e9 par h\u00e9licopt\u00e8re vers un h\u00f4pital de la province d\u2019Ubon Ratchathani. Photo prise par l\u2019arm\u00e9e royale tha\u00eflandaise, le 23 juillet 2025.<br \/>\n                HANDOUT \/ AFP<\/p>\n<p class=\"fig-paragraph\">En r\u00e9ponse \u00e0 l\u2019incident, Bangkok a ent\u00e9rin\u00e9 une proposition de l\u2019arm\u00e9e de fermer plusieurs postes-fronti\u00e8res, bloquant des dizaines de travailleurs et de touristes. Le Cambodge a de son c\u00f4t\u00e9 d\u00e9cid\u00e9 d\u2019arr\u00eater d\u2019importer de Tha\u00eflande du carburant ou des fruits. Les Tha\u00eflandais, eux, ont \u00e9t\u00e9 appel\u00e9s \u00e0 quitter le Cambodge, a fait savoir ce jeudi l\u2019ambassade tha\u00eflandaise.<\/p>\n<p class=\"fig-paragraph\">L\u2019\u00e9pisode moderne le plus violent li\u00e9 \u00e0 la fronti\u00e8re remonte \u00e0 des affrontements qui ont \u00e9clat\u00e9 autour du temple de\u00a0<a href=\"https:\/\/www.lefigaro.fr\/international\/2013\/04\/14\/01003-20130414ARTFIG00129-preah-vihear-temple-dispute-devant-la-cour-de-la-haye.php\" data-fig-type=\"Article\" data-gtm-custom-categorie=\"navigation\" data-gtm-custom-action=\"crossclick\" data-gtm-custom-label=\"Contextuel\" data-gtm-event=\"customEventSPE\" data-fig-domain=\"LEFIGARO\" target=\"_blank\" rel=\"noopener\">Preah Vihear<\/a>\u00a0entre 2008 et 2011, qui ont fait au moins 28 morts, et provoqu\u00e9 l\u2019\u00e9vacuation de dizaines de milliers de riverains. La semaine derni\u00e8re, le premier ministre cambodgien Hun Manet a annonc\u00e9 l\u2019instauration en 2026 du service militaire obligatoire, jugeant que la situation tendue avec la Tha\u00eflande justifiait cette mesure, et que le budget de la D\u00e9fense pourrait \u00e9galement \u00eatre augment\u00e9.<\/p>\n","protected":false},"excerpt":{"rendered":"La tension monte entre les deux royaumes d\u2019Asie du Sud-Est, \u00e0 couteaux tir\u00e9s depuis la mort, fin mai,&hellip;\n","protected":false},"author":2,"featured_media":269889,"comment_status":"","ping_status":"","sticky":false,"template":"","format":"standard","meta":{"footnotes":""},"categories":[2],"tags":[11,9265,312,1011,27,12,25,1684],"class_list":{"0":"post-269888","1":"post","2":"type-post","3":"status-publish","4":"format-standard","5":"has-post-thumbnail","7":"category-actualites","8":"tag-actualites","9":"tag-cambodge","10":"tag-diplomatie","11":"tag-fr","12":"tag-france","13":"tag-news","14":"tag-republique-francaise","15":"tag-thailande"},"share_on_mastodon":{"url":"https:\/\/pubeurope.com\/@fr\/114906936332016987","error":""},"_links":{"self":[{"href":"https:\/\/www.europesays.com\/fr\/wp-json\/wp\/v2\/posts\/269888","targetHints":{"allow":["GET"]}}],"collection":[{"href":"https:\/\/www.europesays.com\/fr\/wp-json\/wp\/v2\/posts"}],"about":[{"href":"https:\/\/www.europesays.com\/fr\/wp-json\/wp\/v2\/types\/post"}],"author":[{"embeddable":true,"href":"https:\/\/www.europesays.com\/fr\/wp-json\/wp\/v2\/users\/2"}],"replies":[{"embeddable":true,"href":"https:\/\/www.europesays.com\/fr\/wp-json\/wp\/v2\/comments?post=269888"}],"version-history":[{"count":0,"href":"https:\/\/www.europesays.com\/fr\/wp-json\/wp\/v2\/posts\/269888\/revisions"}],"wp:featuredmedia":[{"embeddable":true,"href":"https:\/\/www.europesays.com\/fr\/wp-json\/wp\/v2\/media\/269889"}],"wp:attachment":[{"href":"https:\/\/www.europesays.com\/fr\/wp-json\/wp\/v2\/media?parent=269888"}],"wp:term":[{"taxonomy":"category","embeddable":true,"href":"https:\/\/www.europesays.com\/fr\/wp-json\/wp\/v2\/categories?post=269888"},{"taxonomy":"post_tag","embeddable":true,"href":"https:\/\/www.europesays.com\/fr\/wp-json\/wp\/v2\/tags?post=269888"}],"curies":[{"name":"wp","href":"https:\/\/api.w.org\/{rel}","templated":true}]}}