{"id":269892,"date":"2025-07-24T07:05:18","date_gmt":"2025-07-24T07:05:18","guid":{"rendered":"https:\/\/www.europesays.com\/fr\/269892\/"},"modified":"2025-07-24T07:05:18","modified_gmt":"2025-07-24T07:05:18","slug":"apres-une-nouvelle-desillusion-le-leader-du-classement-general-du-liv-prend-deux-decisions-radicales","status":"publish","type":"post","link":"https:\/\/www.europesays.com\/fr\/269892\/","title":{"rendered":"Apr\u00e8s une nouvelle d\u00e9sillusion, le leader du classement g\u00e9n\u00e9ral du LIV prend deux d\u00e9cisions radicales !"},"content":{"rendered":"<p>\t\t\t\t\t\t<img width=\"770\" height=\"555\" src=\"https:\/\/www.europesays.com\/fr\/wp-content\/uploads\/2025\/07\/joaquin-niemann-liv-golf-770x555.jpg\" class=\"img-responsive wp-post-image\" alt=\"joaquin-niemann-liv-golf Photo by Stuart Kerr\/R&amp;A\/R&amp;A via Getty Images\" decoding=\"async\" fetchpriority=\"high\"  \/>\t\t\t\t\t<\/p>\n<p>\t\t\t\t\t\t Partager cet article <\/p>\n<p class=\"screen-reader-text juiz_sps_maybe_hidden_text\">Partager la publication \u00ab\u00a0Apr\u00e8s une nouvelle d\u00e9sillusion, le leader du classement g\u00e9n\u00e9ral du LIV prend deux d\u00e9cisions radicales !\u00a0\u00bb<\/p>\n<p><strong>Indiscutable num\u00e9ro 1 du ranking du LIV Golf avec quatre victoires cette saison, le Chilien Joaquin Niemann a d\u00e9cid\u00e9 de se s\u00e9parer de ses deux plus proches fid\u00e8les lieutenants apr\u00e8s son cut manqu\u00e9 \u00e0 Portrush.<\/strong><\/p>\n<p>\t\t\t\t\t<a id=\"180462\" href=\"https:\/\/www.makilas-golftour.com\/sejour\/makilas-agadir-2023-2-2\/\" target=\"_blank\" rel=\"sponsorised nofollow noopener\"><img decoding=\"async\" src=\"data:image\/svg+xml,%3Csvg%20xmlns=\" http:=\"\" class=\"img-responsive\" alt=\"\" data-lazy-src=\"https:\/\/www.europesays.com\/fr\/wp-content\/uploads\/2025\/07\/challengeorganisation-e01-rencontres-agadir-1170x275-1.jpeg\"\/><\/a><\/p>\n<p>Qu\u2019arrive-t-il \u00e0 celui que <strong>Phil<\/strong> <strong>Mickelson<\/strong> consid\u00e9rait il y a peu comme le meilleur joueur du monde devant <strong>Scottie<\/strong> <strong>Scheffler<\/strong> ?<\/p>\n<p>Il est \u00e9videmment question du chilien leader du classement par points du <strong>LIV Golf<\/strong>, <strong>Joaquin<\/strong> <strong>Niemann<\/strong>.<\/p>\n<p>Vainqueur \u00e0 quatre reprises sur le circuit financ\u00e9 par le PIF (le Fonds d\u2019investissement public d\u2019Arabie saoudite), le natif de Santiago a en effet d\u00e9cid\u00e9 de renvoyer son caddie et son entra\u00eeneur apr\u00e8s avoir rat\u00e9 le cut lors du <strong>153e Open au Royal Portrush<\/strong>.<\/p>\n<p>Niemann, 26 ans, n\u2019a pas appr\u00e9ci\u00e9 ce nouvel \u00e9chec en Majeur apr\u00e8s avoir fini son deuxi\u00e8me tour par trois bogeys en six trous. En quittant le green du 18 le vendredi, il s\u2019en est pris violemment \u00e0 son sac manquant au passage de peu de blesser son caddie.<\/p>\n<p>\t\t\t\t\t<a id=\"174716\" href=\"https:\/\/www.golf-consulting.fr\/\" target=\"_blank\" rel=\"sponsorised nofollow noopener\"><img decoding=\"async\" src=\"data:image\/svg+xml,%3Csvg%20xmlns=\" http:=\"\" class=\"img-responsive\" alt=\"\" data-lazy-src=\"https:\/\/www.europesays.com\/fr\/wp-content\/uploads\/2025\/06\/golfconsulting-e01-proam-barnes-25-1170x275-1.jpg\"\/><\/a><\/p>\n<blockquote class=\"twitter-tweet\" data-media-max-width=\"560\">\n<p dir=\"ltr\" lang=\"en\">One of us.<br \/>One of us! <a href=\"https:\/\/twitter.com\/hashtag\/niemann?src=hash&amp;ref_src=twsrc%5Etfw\" rel=\"nofollow noopener\" target=\"_blank\">#niemann<\/a> <a href=\"https:\/\/twitter.com\/hashtag\/livgolf?src=hash&amp;ref_src=twsrc%5Etfw\" rel=\"nofollow noopener\" target=\"_blank\">#livgolf<\/a> <a href=\"https:\/\/t.co\/sneZNL9xMR\" rel=\"nofollow\">pic.twitter.com\/sneZNL9xMR<\/a><\/p>\n<p>\u2014 Robert Emerson (@PukkaE) <a href=\"https:\/\/twitter.com\/PukkaE\/status\/1946204325564318138?ref_src=twsrc%5Etfw\" rel=\"nofollow noopener\" target=\"_blank\">July 18, 2025<\/a><\/p>\n<\/blockquote>\n<p>\t\t\t\t\t<a id=\"174987\" href=\"https:\/\/www.sudfrancegolf.com\/fr\/\" target=\"_blank\" rel=\"sponsorised nofollow noopener\"><img decoding=\"async\" src=\"data:image\/svg+xml,%3Csvg%20xmlns=\" http:=\"\" class=\"img-responsive\" alt=\"\" data-lazy-src=\"https:\/\/www.europesays.com\/fr\/wp-content\/uploads\/2025\/06\/giesudfrancegolf-e02-egolf-pass-2025-v2-1170x275-1.gif\"\/><\/a><br \/>\nDans le m\u00eame sac<\/p>\n<p>Frustr\u00e9, Niemann a donc d\u00e9cid\u00e9 d\u2019\u00e9carter <strong>Gary Matthews<\/strong>, qui l\u2019accompagnait depuis l\u2019<strong>U.S. Open 2020<\/strong>. Il devrait \u00eatre remplac\u00e9 par son ami <strong>Diego Salinas<\/strong>, joueur professionnel du circuit chilien.<\/p>\n<p>L\u2019autre changement majeur op\u00e9r\u00e9 par Niemann \u00e0 la veille de l\u2019\u00e9tape UK du LIV Golf concerne son coach. En effet, <strong>Eduardo Miquel<\/strong>, qui le suivait depuis son passage professionnel en 2018, a lui aussi \u00e9t\u00e9 pri\u00e9 d\u2019aller voir ailleurs. Ce sont les r\u00e9sultats en Majeur du Chilien qui l\u2019ont conduit \u00e0 prendre ces d\u00e9cisions radicales.<\/p>\n<p>Il vient en effet de manquer les deux derniers cuts, \u00e0 l\u2019U.S. Open et \u00e0 The Open, apr\u00e8s avoir sign\u00e9 son unique top 10 en carri\u00e8re lors du P<strong>GA Championship<\/strong>.<\/p>\n<p>\t\t\t\t\t<a id=\"178042\" href=\"https:\/\/leclub-golf.com\/fr\/actualites\/team-sud-ouest-vs-team-sud-est-le-duel-de-lete?utm_source=golf+planete&amp;utm_medium=referral&amp;utm_campaign=team+sud&amp;utm_id=team+sud_golf+planete_referral_banner\" target=\"_blank\" rel=\"sponsorised nofollow noopener\"><img decoding=\"async\" src=\"data:image\/svg+xml,%3Csvg%20xmlns=\" http:=\"\" class=\"img-responsive\" alt=\"\" data-lazy-src=\"https:\/\/www.europesays.com\/fr\/wp-content\/uploads\/2025\/07\/leclubgolf-e08-duel-teams-1170x275-1.png\"\/><\/a><\/p>\n<p>\u00a9Stuart Kerr\/R&amp;A\/R&amp;A via Getty Images<\/p>\n<p>\t\t\t<script async src=\"https:\/\/platform.twitter.com\/widgets.js\" charset=\"utf-8\"><\/script><\/p>\n","protected":false},"excerpt":{"rendered":"Partager cet article Partager la publication \u00ab\u00a0Apr\u00e8s une nouvelle d\u00e9sillusion, le leader du classement g\u00e9n\u00e9ral du LIV prend&hellip;\n","protected":false},"author":2,"featured_media":269893,"comment_status":"","ping_status":"","sticky":false,"template":"","format":"standard","meta":{"footnotes":""},"categories":[1418],"tags":[1011,27,1472,60],"class_list":{"0":"post-269892","1":"post","2":"type-post","3":"status-publish","4":"format-standard","5":"has-post-thumbnail","7":"category-golf","8":"tag-fr","9":"tag-france","10":"tag-golf","11":"tag-sports"},"share_on_mastodon":{"url":"https:\/\/pubeurope.com\/@fr\/114906944143440923","error":""},"_links":{"self":[{"href":"https:\/\/www.europesays.com\/fr\/wp-json\/wp\/v2\/posts\/269892","targetHints":{"allow":["GET"]}}],"collection":[{"href":"https:\/\/www.europesays.com\/fr\/wp-json\/wp\/v2\/posts"}],"about":[{"href":"https:\/\/www.europesays.com\/fr\/wp-json\/wp\/v2\/types\/post"}],"author":[{"embeddable":true,"href":"https:\/\/www.europesays.com\/fr\/wp-json\/wp\/v2\/users\/2"}],"replies":[{"embeddable":true,"href":"https:\/\/www.europesays.com\/fr\/wp-json\/wp\/v2\/comments?post=269892"}],"version-history":[{"count":0,"href":"https:\/\/www.europesays.com\/fr\/wp-json\/wp\/v2\/posts\/269892\/revisions"}],"wp:featuredmedia":[{"embeddable":true,"href":"https:\/\/www.europesays.com\/fr\/wp-json\/wp\/v2\/media\/269893"}],"wp:attachment":[{"href":"https:\/\/www.europesays.com\/fr\/wp-json\/wp\/v2\/media?parent=269892"}],"wp:term":[{"taxonomy":"category","embeddable":true,"href":"https:\/\/www.europesays.com\/fr\/wp-json\/wp\/v2\/categories?post=269892"},{"taxonomy":"post_tag","embeddable":true,"href":"https:\/\/www.europesays.com\/fr\/wp-json\/wp\/v2\/tags?post=269892"}],"curies":[{"name":"wp","href":"https:\/\/api.w.org\/{rel}","templated":true}]}}