{"id":269894,"date":"2025-07-24T07:07:11","date_gmt":"2025-07-24T07:07:11","guid":{"rendered":"https:\/\/www.europesays.com\/fr\/269894\/"},"modified":"2025-07-24T07:07:11","modified_gmt":"2025-07-24T07:07:11","slug":"il-est-tres-doue-cotter-previent-ce-fils-dune-legende-des-all-blacks-ne-tardera-pas-a-porter-le-maillot-noir","status":"publish","type":"post","link":"https:\/\/www.europesays.com\/fr\/269894\/","title":{"rendered":"\u00a0\u00bbIl est tr\u00e8s dou\u00e9\u00a0\u00bb, Cotter pr\u00e9vient : ce fils d&rsquo;une l\u00e9gende des All Blacks \u00a0\u00bbne tardera pas \u00e0 porter le maillot noir\u00a0\u00bb"},"content":{"rendered":"<p>Pass\u00e9 par <a href=\"https:\/\/www.lerugbynistere.fr\/clubs\/asm-clermont-auvergne.php\" ui-sref=\"app.team({teamId: 31})\" alt=\"Clermont\" data-route=\"app.team\" data-param=\"teamId\" data-id=\"31\" rel=\"nofollow noopener\" target=\"_blank\">Clermont<\/a>, <a href=\"https:\/\/www.lerugbynistere.fr\/clubs\/mhrc-montpellier.php\" ui-sref=\"app.team({teamId: 36})\" alt=\"Montpellier\" data-route=\"app.team\" data-param=\"teamId\" data-id=\"36\" rel=\"nofollow noopener\" target=\"_blank\">Montpellier<\/a>, l\u2019\u00c9cosse ou encore les <a href=\"https:\/\/www.lerugbynistere.fr\/equipes-nationales\/fidji.php\" ui-sref=\"app.team({teamId: 59})\" alt=\"Fidji\" data-route=\"app.team\" data-param=\"teamId\" data-id=\"59\" rel=\"nofollow noopener\" target=\"_blank\">Fidji<\/a>, Vern Cotter n\u2019a plus rien \u00e0 prouver. Aujourd\u2019hui \u00e0 la t\u00eate des Blues en <a href=\"https:\/\/www.lerugbynistere.fr\/championnats\/super-rugby\" ui-sref=\"app.competition({competitionId: 8})\" alt=\"Super Rugby\" data-route=\"app.competition\" data-param=\"competitionId\" data-id=\"8\" rel=\"nofollow noopener\" target=\"_blank\">Super Rugby<\/a>, le technicien n\u00e9o-z\u00e9landais a retrouv\u00e9 ses terres\u2026 et\u00a0<strong>d\u00e9couvert\u00a0une p\u00e9pite qui ne devrait pas rester longtemps dans l\u2019ombre<\/strong>. Son nom ? <a href=\"https:\/\/www.lerugbynistere.fr\/fiches-joueurs\/darde-4.php\" ui-sref=\"app.player({playerId: 5774})\" alt=\"Payton Spencer\" data-route=\"app.player\" data-param=\"playerId\" data-id=\"5774\" rel=\"nofollow noopener\" target=\"_blank\">Payton Spencer<\/a>, fils de la l\u00e9gende des <a href=\"https:\/\/www.lerugbynistere.fr\/equipes-nationales\/all-blacks.php\" ui-sref=\"app.team({teamId: 24})\" alt=\"All Blacks\" data-route=\"app.team\" data-param=\"teamId\" data-id=\"24\" rel=\"nofollow noopener\" target=\"_blank\">All Blacks<\/a>, Carlos \u00ab\u00a0King\u00a0\u00bb Spencer.<\/p>\n<p>Une promesse qui vient du 7<\/p>\n<p>Encore peu connu du grand public, Payton Spencer (1,95 m) a pourtant d\u00e9j\u00e0 un sacr\u00e9 CV. Form\u00e9 au Hamilton Boys&rsquo; High School, il s\u2019est d\u2019abord illustr\u00e9 sur le circuit international \u00e0 7 avec les All Blacks Sevens, <strong>o\u00f9 son talent balle en main a vite saut\u00e9 aux yeux<\/strong>. Sous contrat avec la f\u00e9d\u00e9ration n\u00e9o-z\u00e9landaise depuis 2023, il a notamment remport\u00e9 l&rsquo;\u00e9tape de Sydney cette ann\u00e9e-l\u00e0.<\/p>\n<blockquote class=\"twitter-tweet\"><p>&#13;<\/p>\n<p lang=\"en\" dir=\"ltr\">Like father, like son \ud83d\udcab<\/p>\n<p>Payton Spencer grabs his first try for <a href=\"https:\/\/twitter.com\/nz_sevens?ref_src=twsrc%5Etfw\" rel=\"nofollow noopener\" target=\"_blank\">@nz_sevens<\/a>! \ud83d\udc4a<\/p>\n<p>The son of former All Black Carlos Spencer <a href=\"https:\/\/twitter.com\/hashtag\/Sydney7s?src=hash&amp;ref_src=twsrc%5Etfw\" rel=\"nofollow noopener\" target=\"_blank\">#Sydney7s<\/a> | <a href=\"https:\/\/twitter.com\/hashtag\/HSBC7s?src=hash&amp;ref_src=twsrc%5Etfw\" rel=\"nofollow noopener\" target=\"_blank\">#HSBC7s<\/a> <a href=\"https:\/\/t.co\/lkWXvu1kYU\" rel=\"nofollow\">pic.twitter.com\/lkWXvu1kYU<\/a><\/p>\n<p>&#13;<br \/>\n\u2014 HSBC SVNS (@SVNSSeries) <a href=\"https:\/\/twitter.com\/SVNSSeries\/status\/1618834762147438593?ref_src=twsrc%5Etfw\" rel=\"nofollow noopener\" target=\"_blank\">January 27, 2023<\/a><\/p><\/blockquote>\n<p>\u00ab\u00a0Il sort du 7, est tr\u00e8s dou\u00e9\u00a0\u00bb, confirme Cotter, qui l\u2019a int\u00e9gr\u00e9 dans le squad des Blues en vue de la saison 2025. Il \u00e9tait pourtant dans le viseur des <a href=\"https:\/\/www.lerugbynistere.fr\/clubs\/crusaders.php\" ui-sref=\"app.team({teamId: 2307})\" alt=\"Crusaders\" data-route=\"app.team\" data-param=\"teamId\" data-id=\"2307\" rel=\"nofollow noopener\" target=\"_blank\">Crusaders<\/a>, des <a href=\"https:\/\/www.lerugbynistere.fr\/clubs\/chiefs.php\" ui-sref=\"app.team({teamId: 2306})\" alt=\"Chiefs\" data-route=\"app.team\" data-param=\"teamId\" data-id=\"2306\" rel=\"nofollow noopener\" target=\"_blank\">Chiefs<\/a> et des <a href=\"https:\/\/www.lerugbynistere.fr\/clubs\/highlanders.php\" ui-sref=\"app.team({teamId: 2308})\" alt=\"Highlanders\" data-route=\"app.team\" data-param=\"teamId\" data-id=\"2308\" rel=\"nofollow noopener\" target=\"_blank\">Highlanders<\/a>. Mais le jeune joueur de 20 ans, form\u00e9 \u00e0 Auckland, a choisi de porter le m\u00eame maillot que son paternel, superstar de la franchise d\u2019Auckland dans les ann\u00e9es 2000.\u00a0<\/p>\n<p>Mais contrairement \u00e0 Carlos,\u00a0qui a jou\u00e9 99 matchs pour les Blues entre 1996 et 2005, et 44 pour les All Blacks, Payton Spencer \u00e9volue non pas \u00e0 l&rsquo;ouverture, mais \u00e0 l&rsquo;arri\u00e8re. <strong>Poste qu&rsquo;il a aussi occup\u00e9 au rugby \u00e0 XIII dans sa jeunesse<\/strong>. Outre le rugby, Payton a \u00e9galement pratiqu\u00e9 le\u00a0cricket.\u00a0<\/p>\n<p>\u201cIl ne tardera pas \u00e0 porter le maillot noir\u201d<\/p>\n<p>C\u2019est peu dire que Cotter croit en lui. Le N\u00e9o-Z\u00e9landais ne tourne pas autour du ballon via le Midi Olympique : \u201cBient\u00f4t, vous allez d\u00e9couvrir Payton Spencer, le fils de Carlos. Il fait 1,95 m et joue arri\u00e8re. [&#8230;] Il ne tardera pas \u00e0 porter le maillot noir.\u201d<\/p>\n<p>Une d\u00e9claration forte, quand on sait \u00e0 quel point la concurrence est rude chez les Blacks. Mais on sait aussi que des performances remarqu\u00e9es et remarquables peuvent rapidement installer un joueur. Le plus dur \u00e9tant d&rsquo;\u00eatre constant.\u00a0<\/p>\n<p>L\u2019h\u00e9ritage, mais pas que<\/p>\n<p>Certes, porter le nom Spencer ouvre quelques portes, mais Payton construit son propre chemin, \u00e0 force de travail et d\u2019intelligence de jeu. \u00c0 l\u2019aise sous les ballons hauts, solide en d\u00e9fense,<strong> il poss\u00e8de aussi cette vista typiquement kiwi dans ses relances.<\/strong><\/p>\n<p>Une synth\u00e8se moderne de son p\u00e8re ? Peut-\u00eatre. En tout cas, Cotter l\u2019a dit, et on a appris \u00e0 l\u2019\u00e9couter : gardez un \u0153il sur lui.<\/p>\n<p>                            <script async src=\"https:\/\/platform.twitter.com\/widgets.js\" charset=\"utf-8\"><\/script><\/p>\n","protected":false},"excerpt":{"rendered":"Pass\u00e9 par Clermont, Montpellier, l\u2019\u00c9cosse ou encore les Fidji, Vern Cotter n\u2019a plus rien \u00e0 prouver. Aujourd\u2019hui \u00e0&hellip;\n","protected":false},"author":2,"featured_media":269895,"comment_status":"","ping_status":"","sticky":false,"template":"","format":"standard","meta":{"footnotes":""},"categories":[1416],"tags":[1011,27,479,1468,60],"class_list":{"0":"post-269894","1":"post","2":"type-post","3":"status-publish","4":"format-standard","5":"has-post-thumbnail","7":"category-rugby","8":"tag-fr","9":"tag-france","10":"tag-rugby","11":"tag-rugby-football","12":"tag-sports"},"share_on_mastodon":{"url":"https:\/\/pubeurope.com\/@fr\/114906952152741715","error":""},"_links":{"self":[{"href":"https:\/\/www.europesays.com\/fr\/wp-json\/wp\/v2\/posts\/269894","targetHints":{"allow":["GET"]}}],"collection":[{"href":"https:\/\/www.europesays.com\/fr\/wp-json\/wp\/v2\/posts"}],"about":[{"href":"https:\/\/www.europesays.com\/fr\/wp-json\/wp\/v2\/types\/post"}],"author":[{"embeddable":true,"href":"https:\/\/www.europesays.com\/fr\/wp-json\/wp\/v2\/users\/2"}],"replies":[{"embeddable":true,"href":"https:\/\/www.europesays.com\/fr\/wp-json\/wp\/v2\/comments?post=269894"}],"version-history":[{"count":0,"href":"https:\/\/www.europesays.com\/fr\/wp-json\/wp\/v2\/posts\/269894\/revisions"}],"wp:featuredmedia":[{"embeddable":true,"href":"https:\/\/www.europesays.com\/fr\/wp-json\/wp\/v2\/media\/269895"}],"wp:attachment":[{"href":"https:\/\/www.europesays.com\/fr\/wp-json\/wp\/v2\/media?parent=269894"}],"wp:term":[{"taxonomy":"category","embeddable":true,"href":"https:\/\/www.europesays.com\/fr\/wp-json\/wp\/v2\/categories?post=269894"},{"taxonomy":"post_tag","embeddable":true,"href":"https:\/\/www.europesays.com\/fr\/wp-json\/wp\/v2\/tags?post=269894"}],"curies":[{"name":"wp","href":"https:\/\/api.w.org\/{rel}","templated":true}]}}