{"id":269896,"date":"2025-07-24T07:08:12","date_gmt":"2025-07-24T07:08:12","guid":{"rendered":"https:\/\/www.europesays.com\/fr\/269896\/"},"modified":"2025-07-24T07:08:12","modified_gmt":"2025-07-24T07:08:12","slug":"atp-tsitsipas-vire-deja-le-dictateur-ivanisevic-son-coach-depuis-a-peine-deux-mois","status":"publish","type":"post","link":"https:\/\/www.europesays.com\/fr\/269896\/","title":{"rendered":"ATP > Tsitsipas vire d\u00e9j\u00e0 le \u00ab\u00a0dictateur\u00a0\u00bb Ivanisevic, son coach depuis \u00e0 peine deux mois"},"content":{"rendered":"<p>L\u2019information peut sembler un peu brutale mais elle n\u2019est fina\u00adle\u00adment pas tr\u00e8s surpre\u00adnante tant les propos de Goran Ivanisevic suite \u00e0 la d\u00e9faite de Stefanos Tsitsipas \u00e0 Wimbledon \u00e9taient brutaux (<a href=\"https:\/\/www.welovetennis.fr\/wimbledon\/ivanisevic-coach-de-tsitsipas-depuis-un-mois-jetais-sous-le-choc-je-nai-jamais-vu-un-joueur-aussi-mal-prepare-de-ma-vie-avec-mon-genou-je-suis-trois-fois-plus-en-forme-que-lui-cest-vrai\" data-wpel-link=\"internal\" rel=\"nofollow noopener\" target=\"_blank\">\u00ab\u202fJe n\u2019ai jamais vu un joueur aussi mal pr\u00e9par\u00e9 de ma vie. Avec mon genou, je suis trois fois plus en forme que lui. C\u2019est vrai\u00adment terrible\u202f\u00bb<\/a>).<\/p>\n<p>Moins de deux mois apr\u00e8s le d\u00e9but de sa colla\u00adbo\u00adra\u00adtion avec l\u2019en\u00adtra\u00ee\u00adneur croate, le joueur grec a donc d\u00e9cid\u00e9 de ne plus travailler avec lui. C\u2019est via son compte Instagram que Stefanos a annonc\u00e9 la nouvelle dans la nuit de mercredi \u00e0\u00a0jeudi.\u00a0<\/p>\n<p><strong>\u00ab\u202fTravailler avec Goran Ivanisevic a \u00e9t\u00e9 une exp\u00e9\u00adrience br\u00e8ve mais intense et un chapitre vrai\u00adment pr\u00e9cieux de mon parcours. Je lui suis recon\u00adnais\u00adsant du temps, des efforts et de l\u2019\u00e9nergie qu\u2019il a consa\u00adcr\u00e9s \u00e0 moi et \u00e0 mon \u00e9quipe. Alors que nos chemins se s\u00e9parent, je n\u2019ai que du respect pour Goran, non seule\u00adment pour ce qu\u2019il a accompli dans le tennis, mais aussi pour ce qu\u2019il est en tant que personne. Je ne lui souhaite que le meilleur pour l\u2019avenir.\u202f\u00bb<\/strong><\/p>\n<p><img fetchpriority=\"high\" decoding=\"async\" width=\"869\" height=\"1024\" src=\"https:\/\/www.europesays.com\/fr\/wp-content\/uploads\/2025\/07\/Capture-decran-2025-07-24-a-00.18.23.png\" alt=\"\" class=\"wp-image-563560 lazy\" style=\"width:480px;height:auto\"  data-\/><\/p>\n<p>Une d\u00e9ci\u00adsion qui inter\u00advient quelques heures seule\u00adment apr\u00e8s une inter\u00adview de Tsitsipas au m\u00e9dia de son pays, <a href=\"https:\/\/www.sdna.gr\/tenis\/1332758_tsitsipas-ekana-lathos-me-ton-patera-moy-kai-eprepe-na-apologitho\" data-wpel-link=\"external\" target=\"_blank\" rel=\"nofollow external noopener\">SDNA<\/a>, dans laquelle il r\u00e9pon\u00addait clai\u00adre\u00adment aux critiques acerbes de son d\u00e9sor\u00admais ex\u2010coach en le compa\u00adrant carr\u00e9\u00adment \u00e0 un dicta\u00adteur (voir ci\u2010dessous). Le divorce \u00e9tait d\u00e9j\u00e0\u00a0act\u00e9.\u00a0<\/p>\n<p>\u00ab\u202fQuand je travaille avec les bonnes personnes, celles que je choisis et qui me mettent \u00e0 l\u2019aise, il y a un \u00e9tat d\u2019es\u00adprit. Il s\u2019agit de personnes qui ont un terrain d\u2019en\u00adtente, qui savent \u00e0 quel point nous travaillons dur et ce que nous voulons atteindre gr\u00e2ce \u00e0 notre travail, mais qui gardent aussi une atmo\u00adsph\u00e8re amicale \u00e0 travers tout cela. <strong>Il est tr\u00e8s diffi\u00adcile d\u2019avoir des dicta\u00adteurs et des gens qui parlent de mani\u00e8re n\u00e9ga\u00adtive et avec lesquels on ne se sent pas en famille<\/strong>. Pouvoir construire une famille, des gens qui ne travaillent pas seule\u00adment avec vous sur le plan du tennis mais qui sont aussi vos amis apr\u00e8s votre carri\u00e8re, c\u2019est quelque chose que je veux vrai\u00adment construire.\u202f\u00bb<\/p>\n<p class=\"post-published-date\" style=\"color: silver; font-size: 75%; text-align: left;\">Publi\u00e9 le jeudi 24 juillet 2025 \u00e0 08:01<\/p>\n","protected":false},"excerpt":{"rendered":"L\u2019information peut sembler un peu brutale mais elle n\u2019est fina\u00adle\u00adment pas tr\u00e8s surpre\u00adnante tant les propos de Goran&hellip;\n","protected":false},"author":2,"featured_media":269897,"comment_status":"","ping_status":"","sticky":false,"template":"","format":"standard","meta":{"footnotes":""},"categories":[1415],"tags":[1011,27,60,1467,5443],"class_list":{"0":"post-269896","1":"post","2":"type-post","3":"status-publish","4":"format-standard","5":"has-post-thumbnail","7":"category-tennis","8":"tag-fr","9":"tag-france","10":"tag-sports","11":"tag-tennis","12":"tag-tsitsipas"},"share_on_mastodon":{"url":"https:\/\/pubeurope.com\/@fr\/114906955951059219","error":""},"_links":{"self":[{"href":"https:\/\/www.europesays.com\/fr\/wp-json\/wp\/v2\/posts\/269896","targetHints":{"allow":["GET"]}}],"collection":[{"href":"https:\/\/www.europesays.com\/fr\/wp-json\/wp\/v2\/posts"}],"about":[{"href":"https:\/\/www.europesays.com\/fr\/wp-json\/wp\/v2\/types\/post"}],"author":[{"embeddable":true,"href":"https:\/\/www.europesays.com\/fr\/wp-json\/wp\/v2\/users\/2"}],"replies":[{"embeddable":true,"href":"https:\/\/www.europesays.com\/fr\/wp-json\/wp\/v2\/comments?post=269896"}],"version-history":[{"count":0,"href":"https:\/\/www.europesays.com\/fr\/wp-json\/wp\/v2\/posts\/269896\/revisions"}],"wp:featuredmedia":[{"embeddable":true,"href":"https:\/\/www.europesays.com\/fr\/wp-json\/wp\/v2\/media\/269897"}],"wp:attachment":[{"href":"https:\/\/www.europesays.com\/fr\/wp-json\/wp\/v2\/media?parent=269896"}],"wp:term":[{"taxonomy":"category","embeddable":true,"href":"https:\/\/www.europesays.com\/fr\/wp-json\/wp\/v2\/categories?post=269896"},{"taxonomy":"post_tag","embeddable":true,"href":"https:\/\/www.europesays.com\/fr\/wp-json\/wp\/v2\/tags?post=269896"}],"curies":[{"name":"wp","href":"https:\/\/api.w.org\/{rel}","templated":true}]}}