{"id":269898,"date":"2025-07-24T07:10:13","date_gmt":"2025-07-24T07:10:13","guid":{"rendered":"https:\/\/www.europesays.com\/fr\/269898\/"},"modified":"2025-07-24T07:10:13","modified_gmt":"2025-07-24T07:10:13","slug":"les-mauvais-coups-en-motogp-yamaha-et-ktm-en-quete-urgente-de-victoire","status":"publish","type":"post","link":"https:\/\/www.europesays.com\/fr\/269898\/","title":{"rendered":"Les mauvais coups en MotoGP : Yamaha et KTM en qu\u00eate urgente de victoire"},"content":{"rendered":"<p><img data-lazyloaded=\"1\" width=\"1024\" height=\"681\" class=\"attachment-large size-large lazy wp-post-image\" alt=\"Yamaha Fabio Quartararo\" decoding=\"async\" fetchpriority=\"high\" src=\"https:\/\/www.europesays.com\/fr\/wp-content\/uploads\/2025\/07\/Les-mauvais-coups-en-MotoGP-Yamaha-et-KTM-en.jpeg\"\/><\/p>\n<p>Photo : Yamaha Racing<\/p>\n<p>Yamaha et KTM en difficult\u00e9 : les deux marques menac\u00e9es par une longue disette en MotoGP<\/p>\n<p>Il n\u2019est pas un secret que certaines marques en <strong>MotoGP<\/strong> n\u00e9cessitent encore du temps pour peaufiner leur d\u00e9veloppement. \u00c0 l\u2019heure actuelle, le championnat est domin\u00e9 sans partage par Ducati, qui engrange un impressionnant total de <strong>430 points au classement constructeurs<\/strong>. Derri\u00e8re, Aprilia fait figure de dauphin, mais \u00e0 bonne distance, avec seulement 187 points.<\/p>\n<p>Cela soul\u00e8ve une question essentielle : les autres marques sont-elles vraiment proches de Ducati, comme on le pense souvent ? En r\u00e9alit\u00e9, apr\u00e8s douze Grands Prix, l\u2019\u00e9cart a creus\u00e9 \u00e0 hauteur de 243 points. Mais ce n\u2019est pas cela qui fait couler le plus d\u2019encre en ce moment. Focalisons-nous plut\u00f4t sur les longues p\u00e9riodes sans victoire, un vrai sujet d\u2019inqui\u00e9tude pour ces acteurs.<\/p>\n<p>Accumuler trop de courses sans monter sur le podium ou remporter une victoire s\u2019av\u00e8re <strong>d\u00e9moralisant<\/strong> pour les \u00e9quipes, et surtout pour les pilotes qui r\u00eavent de porter leur moto au sommet. Si Aprilia et Honda ont su briser leur mauvaise s\u00e9rie en d\u00e9crochant podiums et victoires cette saison \u2014 souvenir marquant du travail de Johann Zarco \u00e0 Le Mans ou celui de Marco Bezzecchi \u00e0 Silverstone \u2014, ce n\u2019est pas encore le cas de toutes les marques.<\/p>\n<p>KTM et Yamaha r\u00e9clament un coup de pouce<\/p>\n<p>Deux constructeurs semblent en effet en grandes difficult\u00e9s : <strong>Yamaha et KTM<\/strong>. De notre c\u00f4t\u00e9, la marque japonaise traverse la pire s\u00e9rie du paddock, avec un total \u00e9crasant de <strong>62 Grands Prix sans victoire<\/strong>. Cette disette dure depuis plusieurs ann\u00e9es, et le poids s\u2019en fait sentir sur tout le team, particuli\u00e8rement sur son pilote phare, <strong>Fabio Quartararo<\/strong>.<\/p>\n<p>Le Fran\u00e7ais aurait pu chercher un autre chemin la saison derni\u00e8re, mais il a choisi de rester fid\u00e8le \u00e0 Yamaha en croyant au projet. R\u00e9sultat ? Cette s\u00e9cheresse se prolonge. Malgr\u00e9 quelques progr\u00e8s visibles \u2014 avec quatre pole positions et un podium \u00e0 Jerez \u2014, les r\u00e9sultats majeurs tardent \u00e0 arriver. Le pilote d\u00e9plore l\u2019incapacit\u00e9 de sa moto \u00e0 \u00eatre comp\u00e9titive au-del\u00e0 d\u2019un seul tour, l\u2019emp\u00eachant de pr\u00e9tendre aux premi\u00e8res places, autant oublier la victoire.<\/p>\n<p>Du c\u00f4t\u00e9 de KTM, la situation est aussi pr\u00e9occupante. Depuis le d\u00e9but de la saison, la marque fait face \u00e0 une crise \u00e9conomique qui, m\u00eame indirectement, handicape le d\u00e9partement comp\u00e9tition. Bien que leurs pilotes \u2014 notamment <strong>Maverick Vi\u00f1ales et Pedro Acosta<\/strong> \u2014 aient r\u00e9cemment montr\u00e9 des signes encourageants, la victoire reste hors de port\u00e9e. KTM cumule actuellement <strong>55 Grands Prix sans triomphe<\/strong>, se rapprochant dangereusement de sa plus longue disette, entre 2016 et 2020, qui atteignait 60 courses.<\/p>\n<p><img loading=\"lazy\" data-lazyloaded=\"1\" width=\"1147\" height=\"921\" decoding=\"async\" class=\"wp-image-202754 size-full lazy\" alt=\"KTM Yamaha\" style=\"width:100%; height:auto;\" src=\"https:\/\/www.europesays.com\/fr\/wp-content\/uploads\/2025\/07\/1753312229_897_Les-mauvais-coups-en-MotoGP-Yamaha-et-KTM-en.jpeg\"\/>Source : MotosanQuid des podiums ?<\/p>\n<p>Du c\u00f4t\u00e9 des podiums, le tableau reste peu r\u00e9jouissant. Les deux marques ont bien d\u00e9croch\u00e9 quelques places d\u2019honneur cette saison, mais Yamaha d\u00e9tient le pire bilan : <strong>depuis le dernier podium de Quartararo \u00e0 Jerez, la marque n\u2019a plus atteint le Top 3<\/strong>. Honda, autre g\u00e9ant japonais, n\u2019a pas vu ses pilotes monter sur la bo\u00eete depuis cinq Grands Prix, dernier exploit sign\u00e9 Johann Zarco \u00e0 Silverstone. En revanche, KTM peut se targuer d\u2019un podium d\u00e9croch\u00e9 par Pedro Acosta en R\u00e9publique Tch\u00e8que.<\/p>\n<p><img loading=\"lazy\" data-lazyloaded=\"1\" width=\"1176\" height=\"909\" decoding=\"async\" class=\"wp-image-202755 size-full lazy\" alt=\"KTM Yamaha\" style=\"width:100%; height:auto;\" src=\"https:\/\/www.europesays.com\/fr\/wp-content\/uploads\/2025\/07\/1753312229_211_Les-mauvais-coups-en-MotoGP-Yamaha-et-KTM-en.jpeg\"\/>Source : Motosan<\/p>\n<p>Il est clair que ces deux marques doivent trouver une solution concr\u00e8te rapidement. Actuellement, Dorna leur offre une aide sous forme de concessions et de tests priv\u00e9s afin de tester des pi\u00e8ces nouvelles, dans l\u2019espoir de combler leur retard. Atteindre le niveau de Ducati reste un Everest quasi infranchissable, mais \u00eatre \u00e0 la tra\u00eene par rapport aux autres fabricants qui commencent \u00e0 voir le bout du tunnel est un constat d\u00e9solant.<\/p>\n<p>Points \u00e0 retenir<\/p>\n<ul>\n<li>Ducati continue d\u2019\u00e9craser la concurrence avec un imposant \u00e9cart de points en constructeur.<\/li>\n<li>Aprilia et Honda ont r\u00e9ussi \u00e0 sortir la t\u00eate de l\u2019eau en d\u00e9crochant des podiums et victoires cette saison.<\/li>\n<li>Yamaha encha\u00eene 62 Grands Prix sans victoire, une longue panne qui \u00e9puise pilote et \u00e9quipe.<\/li>\n<li>KTM, malgr\u00e9 une r\u00e9cente mont\u00e9e en r\u00e9gime de ses pilotes, reste \u00e0 55 Grands Prix sans victoire, flirtant avec sa pire s\u00e9rie.<\/li>\n<li>Les podiums sont rares pour Yamaha depuis Jerez, Honda tire aussi la langue, tandis que KTM s\u2019accroche notamment gr\u00e2ce \u00e0 Acosta.<\/li>\n<li>Dorna essaie d\u2019aider en permettant tests et concessions, mais le foss\u00e9 avec Ducati reste abyssal.<\/li>\n<\/ul>\n<p>Alors, dans ce th\u00e9\u00e2tre des moteurs vrombissants, que faut-il retenir ? Que m\u00eame les g\u00e9ants ont leurs p\u00e9riodes de vaches maigres, et celle-ci semble durer pour Yamaha et KTM. Leurs motos ne font plus r\u00eaver, et leurs pilotes en paient le prix. Mais attention, dans le sport comme dans la vie, tout peut changer d\u2019un tour \u00e0 l\u2019autre. Peut-\u00eatre qu\u2019un jour, NON, un GRAND jour, on les verra pulv\u00e9riser ce mur Ducati. Ou pas. En attendant, on continue \u00e0 les regarder faire les cent pas dans les stands, en esp\u00e9rant qu\u2019ils trouvent enfin la formule magique\u2026 et vite. Apr\u00e8s tout, le suspense, c\u2019est aussi ce qui fait vibrer les paddocks, non ?<\/p>\n<p class=\"has-white-color has-text-color has-background has-link-color\" style=\"background-color:#b2b2b2;font-size:12px\">Cet article a \u00e9t\u00e9 g\u00e9n\u00e9r\u00e9 gr\u00e2ce \u00e0 l&rsquo;intelligence Artificielle. Chez LesNews, nos r\u00e9dacteurs exploitent l&rsquo;IA pour \u00e9laborer des articles innovants \u00e0 partir de <strong>sources fiables.<\/strong> Si vous rep\u00e9rez une image ou un contenu inappropri\u00e9, merci de nous le signaler via le <a href=\"https:\/\/lesnews.ca\/formulaire-dmca\/\" data-wpel-link=\"internal\" rel=\"nofollow noopener\" target=\"_blank\">formulaire DMCA <\/a>\u2013 nous agirons rapidement pour le corriger. \/ This article has been generated using Artificial Intelligence. At LesNews, our editors leverage AI to craft innovative articles <strong>sourced<\/strong> from <strong>reliable references<\/strong>. If you come across any image or content that appears inappropriate, please notify us through the <a href=\"https:\/\/lesnews.ca\/formulaire-dmca\/\" data-wpel-link=\"internal\" rel=\"nofollow noopener\" target=\"_blank\">DMCA form<\/a> \u2013 we will promptly take action to address it.<\/p>\n<p>  Navigation de l\u2019article<\/p>\n","protected":false},"excerpt":{"rendered":"Photo : Yamaha Racing Yamaha et KTM en difficult\u00e9 : les deux marques menac\u00e9es par une longue disette&hellip;\n","protected":false},"author":2,"featured_media":269899,"comment_status":"","ping_status":"","sticky":false,"template":"","format":"standard","meta":{"footnotes":""},"categories":[1413],"tags":[1011,27,1457,1456,60],"class_list":{"0":"post-269898","1":"post","2":"type-post","3":"status-publish","4":"format-standard","5":"has-post-thumbnail","7":"category-moto","8":"tag-fr","9":"tag-france","10":"tag-moto","11":"tag-motocycle","12":"tag-sports"},"share_on_mastodon":{"url":"https:\/\/pubeurope.com\/@fr\/114906964018864465","error":""},"_links":{"self":[{"href":"https:\/\/www.europesays.com\/fr\/wp-json\/wp\/v2\/posts\/269898","targetHints":{"allow":["GET"]}}],"collection":[{"href":"https:\/\/www.europesays.com\/fr\/wp-json\/wp\/v2\/posts"}],"about":[{"href":"https:\/\/www.europesays.com\/fr\/wp-json\/wp\/v2\/types\/post"}],"author":[{"embeddable":true,"href":"https:\/\/www.europesays.com\/fr\/wp-json\/wp\/v2\/users\/2"}],"replies":[{"embeddable":true,"href":"https:\/\/www.europesays.com\/fr\/wp-json\/wp\/v2\/comments?post=269898"}],"version-history":[{"count":0,"href":"https:\/\/www.europesays.com\/fr\/wp-json\/wp\/v2\/posts\/269898\/revisions"}],"wp:featuredmedia":[{"embeddable":true,"href":"https:\/\/www.europesays.com\/fr\/wp-json\/wp\/v2\/media\/269899"}],"wp:attachment":[{"href":"https:\/\/www.europesays.com\/fr\/wp-json\/wp\/v2\/media?parent=269898"}],"wp:term":[{"taxonomy":"category","embeddable":true,"href":"https:\/\/www.europesays.com\/fr\/wp-json\/wp\/v2\/categories?post=269898"},{"taxonomy":"post_tag","embeddable":true,"href":"https:\/\/www.europesays.com\/fr\/wp-json\/wp\/v2\/tags?post=269898"}],"curies":[{"name":"wp","href":"https:\/\/api.w.org\/{rel}","templated":true}]}}