{"id":269906,"date":"2025-07-24T07:14:11","date_gmt":"2025-07-24T07:14:11","guid":{"rendered":"https:\/\/www.europesays.com\/fr\/269906\/"},"modified":"2025-07-24T07:14:11","modified_gmt":"2025-07-24T07:14:11","slug":"prince-william-il-abandonne-kate-middleton-en-pleines-vacances-pour-filer-loin-delle","status":"publish","type":"post","link":"https:\/\/www.europesays.com\/fr\/269906\/","title":{"rendered":"Prince William : il abandonne Kate Middleton en pleines vacances pour filer loin d\u2019elle"},"content":{"rendered":"<p>Comme tout le monde, la famille royale d\u2019Angleterre a le droit \u00e0<br \/>\nune pause estivale. <a href=\"https:\/\/www.closermag.fr\/royautes\/kate-et-william-grand-changement-dans-leur-vie-et-ils-attendaient-ca-depuis-un-bail-3560210\" rel=\"nofollow noopener\" target=\"_blank\"><br \/>\nKate et William<\/a> ne d\u00e9rogent pas \u00e0 la r\u00e8gle. Apr\u00e8s une saison<br \/>\ntr\u00e8s charg\u00e9e, ils ont eux aussi le droit \u00e0 un peu de repos. Alors<br \/>\nque leurs trois enfants George, Charlotte et Louis ont termin\u00e9<br \/>\nl\u2019\u00e9cole il y a quelques jours, ils profitent ainsi des deux mois<br \/>\nd\u2019\u00e9t\u00e9 pour passer des moments en famille.<\/p>\n<p>N\u00e9anmoins, le Prince William va abandonner sa femme et<br \/>\nprobablement ses enfants, pour aller passer du bon temps tout seul.<br \/>\nEt la destination n\u2019a rien de tr\u00e8s surprenant.<\/p>\n<p>William : son voyage en Suisse sans Kate<\/p>\n<p>L\u2019heure des vacances a sonn\u00e9 et avec elles son lot de loisirs.<br \/>\nLe fils a\u00een\u00e9 du roi Charles III l\u2019a bien compris. M\u00eame s\u2019il est<br \/>\ntr\u00e8s complice avec la princesse de Galles et ses trois enfants, le<br \/>\n<a href=\"https:\/\/x.com\/KensingtonRoyal?ref_src=twsrc%5Etfw%7Ctwcamp%5Etweetembed%7Ctwterm%5E1553659628088705024%7Ctwgr%5Ea26be9be6b65dc12c0a99c46179904681b488001%7Ctwcon%5Es1_&amp;ref_url=https%3A%2F%2Fwww.watson.ch%2Ffr%2Fsociete%2Fprince-william%2F420288564-euro-2025-ce-que-l-on-sait-sur-la-venue-de-william-en-suisse\" rel=\"nofollow\"><br \/>\npalais de Kensington<\/a> a annonc\u00e9 qu\u2019il s&rsquo;appr\u00eatait \u00e0 faire un<br \/>\npetit s\u00e9jour \u00e0 l\u2019\u00e9tranger, \u00e0 plusieurs milliers de kilom\u00e8tres de<br \/>\nses proches. Que tout le monde se rassure, il n\u2019ira pas tr\u00e8s loin<br \/>\net s\u00fbrement pas tr\u00e8s longtemps. En effet, <a href=\"https:\/\/www.closermag.fr\/royautes\/prince-harry-persona-non-grata-son-equipe-reagit-aux-menaces-de-bannissement-du-royaume-uni-par-son-frere-le-prince-william-3565529\" rel=\"nofollow noopener\" target=\"_blank\"><br \/>\nle fr\u00e8re de Harry<\/a> se rendra en Suisse dimanche, afin de<br \/>\n<strong>soutenir les Lionness lors de la finale de l&rsquo;Euro f\u00e9minin<br \/>\n2025.<\/strong><\/p>\n<p>Visiblement, le prince William est tr\u00e8s attach\u00e9 \u00e0 ce sport et \u00e0<br \/>\ncette \u00e9quipe. Plus t\u00f4t dans le mois, le 9 juillet, il s\u2019\u00e9tait d\u00e9j\u00e0<br \/>\nd\u00e9plac\u00e9 pour alle<strong>r les voir jouer \u00e0 Zurich<\/strong>, lors<br \/>\nde leur match contre les Pays-Bas. Tr\u00e8s impliqu\u00e9 dans ce sport, il<br \/>\navait aussi rendu visite \u00e0 l&rsquo;\u00e9quipe au centre national de football<br \/>\nanglais de St. George&rsquo;s Park, ou il avait pu \u00e9changer avec<br \/>\nl&rsquo;entra\u00eeneuse Sarina Wiegman et d&rsquo;autres dirigeants de la<br \/>\nF\u00e9d\u00e9ration anglaise de football. Il en avait profit\u00e9 pour mettre en<br \/>\nvaleur ce sport et rendre hommage aux Lionness : \u201cVous \u00eates<br \/>\nbrillantes ensemble, vous cr\u00e9ez une unit\u00e9 sp\u00e9ciale, tr\u00e8s rare dans<br \/>\nles autres sports. Le fait est qu\u2019il y a dix ans, le football<br \/>\nf\u00e9minin \u00e9tait rarement mis en lumi\u00e8re, et aujourd\u2019hui ce que vous<br \/>\navez fait a cr\u00e9\u00e9 de nombreuses opportunit\u00e9s.\u201d<\/p>\n<p>Le prince William et le prince George :<br \/>\nune passion commune<\/p>\n<p>Pour l\u2019instant, on ne sait pas si le prince William voyagera<br \/>\nseul, ou bien avec <a href=\"https:\/\/www.closermag.fr\/royautes\/george-12-ans-et-gentleman-farmer-kate-et-william-devoilent-un-nouveau-cliche-officiel-3565985\" rel=\"nofollow noopener\" target=\"_blank\"><br \/>\nson fils a\u00een\u00e9 George<\/a>, qui vient tout juste de <a href=\"https:\/\/www.closermag.fr\/royautes\/prince-george-apres-la-publication-de-ce-cliche-officiel-pour-ses-12-ans-tout-le-monde-dit-la-meme-chose-3566324\" rel=\"nofollow noopener\" target=\"_blank\"><br \/>\nf\u00eater ses 12 ans.<\/a> Cela serait un beau cadeau d\u2019anniversaire,<br \/>\navec quelques jours de d\u00e9calage.<\/p>\n<p>L\u2019a\u00een\u00e9 de la fratrie semble partager la m\u00eame passion que son<br \/>\np\u00e8re pour le football. Le duo a d\u00e9j\u00e0 \u00e9t\u00e9 vu plusieurs fois dans les<br \/>\ngradins, pour <a href=\"https:\/\/www.closermag.fr\/royautes\/prince-william-escapade-surprise-a-paris-avec-george-mais-sans-kate-il-tente-de-rester-discret-et-cest-rate-3535789\" rel=\"nofollow noopener\" target=\"_blank\"><br \/>\nsoutenir l\u2019Aston Villa.<\/a><\/p>\n","protected":false},"excerpt":{"rendered":"Comme tout le monde, la famille royale d\u2019Angleterre a le droit \u00e0 une pause estivale. Kate et William&hellip;\n","protected":false},"author":2,"featured_media":269907,"comment_status":"","ping_status":"","sticky":false,"template":"","format":"standard","meta":{"footnotes":""},"categories":[1359],"tags":[548,58,59,1011,27,5858,973,6987,3936],"class_list":{"0":"post-269906","1":"post","2":"type-post","3":"status-publish","4":"format-standard","5":"has-post-thumbnail","7":"category-people","8":"tag-article-simple","9":"tag-divertissement","10":"tag-entertainment","11":"tag-fr","12":"tag-france","13":"tag-kate-middleton","14":"tag-people","15":"tag-prince-george","16":"tag-prince-william"},"share_on_mastodon":{"url":"https:\/\/pubeurope.com\/@fr\/114906979659465866","error":""},"_links":{"self":[{"href":"https:\/\/www.europesays.com\/fr\/wp-json\/wp\/v2\/posts\/269906","targetHints":{"allow":["GET"]}}],"collection":[{"href":"https:\/\/www.europesays.com\/fr\/wp-json\/wp\/v2\/posts"}],"about":[{"href":"https:\/\/www.europesays.com\/fr\/wp-json\/wp\/v2\/types\/post"}],"author":[{"embeddable":true,"href":"https:\/\/www.europesays.com\/fr\/wp-json\/wp\/v2\/users\/2"}],"replies":[{"embeddable":true,"href":"https:\/\/www.europesays.com\/fr\/wp-json\/wp\/v2\/comments?post=269906"}],"version-history":[{"count":0,"href":"https:\/\/www.europesays.com\/fr\/wp-json\/wp\/v2\/posts\/269906\/revisions"}],"wp:featuredmedia":[{"embeddable":true,"href":"https:\/\/www.europesays.com\/fr\/wp-json\/wp\/v2\/media\/269907"}],"wp:attachment":[{"href":"https:\/\/www.europesays.com\/fr\/wp-json\/wp\/v2\/media?parent=269906"}],"wp:term":[{"taxonomy":"category","embeddable":true,"href":"https:\/\/www.europesays.com\/fr\/wp-json\/wp\/v2\/categories?post=269906"},{"taxonomy":"post_tag","embeddable":true,"href":"https:\/\/www.europesays.com\/fr\/wp-json\/wp\/v2\/tags?post=269906"}],"curies":[{"name":"wp","href":"https:\/\/api.w.org\/{rel}","templated":true}]}}