{"id":269908,"date":"2025-07-24T07:15:24","date_gmt":"2025-07-24T07:15:24","guid":{"rendered":"https:\/\/www.europesays.com\/fr\/269908\/"},"modified":"2025-07-24T07:15:24","modified_gmt":"2025-07-24T07:15:24","slug":"un-concours-photos-organise-cet-ete-sur-les-narces-de-la-sauvetat","status":"publish","type":"post","link":"https:\/\/www.europesays.com\/fr\/269908\/","title":{"rendered":"Un concours photos organis\u00e9 cet \u00e9t\u00e9 sur les Narces de la Sauvetat"},"content":{"rendered":"<p>\t\t\t\t\t\t\t\t\t\t\t\t\t\t\t\t\t\t\t\t\t\t\t\t\t\t\t\t\t\t\t\t\t\t\t\t\t\t\t\t\t\t\t\t\t\t\t\t\t\t\t\t\t\t\t\t\t\t\t\t\t\t\t<a href=\"https:\/\/www.lacommere43.fr\/component\/banners\/click\/1799.html\" target=\"_blank\" title=\"Lozarts 2025 Chambon\" rel=\"noopener\"><br \/>\n\t\t\t\t\t\t\t<img decoding=\"async\" src=\"https:\/\/www.europesays.com\/fr\/wp-content\/uploads\/2025\/07\/01-_LE_CHAMBON_26-07_et_9-08_A3.jpg\" alt=\"Lozarts 2025 Chambon\"\/><br \/>\n\t\t\t\t\t\t<\/a><\/p>\n<p>\t\t\t\t\t\t\t\t\t\t\t\t\t\t\t\t\t\t\t\t\t\t\t\t\t\t\t\t\t\t\t\t\t\t\t\t\t\t\t\t\t\t\t\t\t\t\t\t\t\t\t\t\t\t\t\t\t\t\t\t\t\t\t<a href=\"https:\/\/www.lacommere43.fr\/component\/banners\/click\/1701.html\" target=\"_blank\" title=\"Durand Charles Laradev carr\u00e9\" rel=\"noopener\"><br \/>\n\t\t\t\t\t\t\t<img decoding=\"async\" src=\"https:\/\/www.europesays.com\/fr\/wp-content\/uploads\/2025\/05\/05264e5f-f9b0-4af5-8f46-d08bf3dcc47e2.jpg\" alt=\"Durand Charles Laradev carr\u00e9\"\/><br \/>\n\t\t\t\t\t\t<\/a><\/p>\n<p><strong>Dans la continuit\u00e9 du concours Phot\u2019eau de l\u2019an pass\u00e9, o\u00f9 la communaut\u00e9 de communes du Pays de Cayres-Pradelles invitait \u00e0 regarder l\u2019eau diff\u00e9remment, aujourd\u2019hui, elle propose de d\u00e9couvrir ou red\u00e9couvrir les Narces de la Sauvetat sur la commune de Landos.<\/strong><\/p>\n<p>Les Narces de la Sauvetat se situent au bord de la nationale 88, sur le plateau du Dev\u00e8s. Tourbi\u00e8re qui s\u2019est d\u00e9velopp\u00e9e dans un crat\u00e8re de maar. Le \u00ab Maar \u00bb de la Sauvetat a \u00e9t\u00e9 exploit\u00e9 pendant environ deux d\u00e9cennies pour sa tourbe.<\/p>\n<p>Malgr\u00e9 les perturbations que le site a connu, ce dernier abrite encore un patrimoine naturel remarquable. Ce concours photo, vous incite \u00e0 partir \u00e0 la rencontre des esp\u00e8ces caract\u00e9ristiques des milieux tourbeux montagnards autant d\u2019un point de vue floristique, que faunistique ou encore du point de vue paysager.<\/p>\n<p>Le site b\u00e9n\u00e9ficie d\u2019un am\u00e9nagement d\u2019un belv\u00e9d\u00e8re d\u2019accueil et d\u2019un sentier de d\u00e9couverte accessible \u00e0 tous les publics. Alors n\u2019h\u00e9sitez pas \u00e0 y passer quelques instants ou bien plus, pour immortaliser ce que vous allez y d\u00e9celer lors d\u2019une balade en solitaire, en famille ou entre amis.<\/p>\n<p>Le concours photo est ouvert \u00e0 tous, petits et grands, seule consigne \u00eatre aux Narces de la Sauvetat. Vous pouvez envoyer vos clich\u00e9s \u00e0 <a href=\"https:\/\/www.lacommere43.fr\/loisirs\/item\/75785-un-concours-photos-organise-cet-ete-sur-les-narces-de-la-sauvetat.html\/mailto:administration@ccpcp.fr\" target=\"_blank\" rel=\"noopener\">administration@ccpcp.fr<\/a> avant le 31 ao\u00fbt.<br \/>Votre photo doit \u00eatre accompagn\u00e9e d\u2019une fiche de participation et d\u2019un descriptif. Vous pouvez retrouver toutes les modalit\u00e9s de participation sur le site de la Communaut\u00e9 de Communes du Pays de Cayres-Pradelles : <a href=\"https:\/\/www.ccpcp.fr\" target=\"_blank\" rel=\"noopener\">www.ccpcp.fr<\/a>\u00a0<\/p>\n<p>Les r\u00e9sultats seront annonc\u00e9s lors de la F\u00eate des tourbi\u00e8res, qui aura lieu aux Narces de la Sauvetat le samedi 13 septembre d\u00e8s 13 h 30 pour des animations gratuites autour de la nature.<\/p>\n","protected":false},"excerpt":{"rendered":"Dans la continuit\u00e9 du concours Phot\u2019eau de l\u2019an pass\u00e9, o\u00f9 la communaut\u00e9 de communes du Pays de Cayres-Pradelles&hellip;\n","protected":false},"author":2,"featured_media":269909,"comment_status":"","ping_status":"","sticky":false,"template":"","format":"standard","meta":{"footnotes":""},"categories":[1358],"tags":[2281,1348,1384,1385,1386,58,59,2282,1011,27,2280,2284,2285,2283],"class_list":{"0":"post-269908","1":"post","2":"type-post","3":"status-publish","4":"format-standard","5":"has-post-thumbnail","7":"category-arts-et-design","8":"tag-actualite-43","9":"tag-arts","10":"tag-arts-and-design","11":"tag-arts-et-design","12":"tag-design","13":"tag-divertissement","14":"tag-entertainment","15":"tag-faits-divers-auvergne","16":"tag-fr","17":"tag-france","18":"tag-information-haute-loire","19":"tag-infos-43","20":"tag-journal-haute-loire","21":"tag-la-commere-43"},"share_on_mastodon":{"url":"https:\/\/pubeurope.com\/@fr\/114906983645239299","error":""},"_links":{"self":[{"href":"https:\/\/www.europesays.com\/fr\/wp-json\/wp\/v2\/posts\/269908","targetHints":{"allow":["GET"]}}],"collection":[{"href":"https:\/\/www.europesays.com\/fr\/wp-json\/wp\/v2\/posts"}],"about":[{"href":"https:\/\/www.europesays.com\/fr\/wp-json\/wp\/v2\/types\/post"}],"author":[{"embeddable":true,"href":"https:\/\/www.europesays.com\/fr\/wp-json\/wp\/v2\/users\/2"}],"replies":[{"embeddable":true,"href":"https:\/\/www.europesays.com\/fr\/wp-json\/wp\/v2\/comments?post=269908"}],"version-history":[{"count":0,"href":"https:\/\/www.europesays.com\/fr\/wp-json\/wp\/v2\/posts\/269908\/revisions"}],"wp:featuredmedia":[{"embeddable":true,"href":"https:\/\/www.europesays.com\/fr\/wp-json\/wp\/v2\/media\/269909"}],"wp:attachment":[{"href":"https:\/\/www.europesays.com\/fr\/wp-json\/wp\/v2\/media?parent=269908"}],"wp:term":[{"taxonomy":"category","embeddable":true,"href":"https:\/\/www.europesays.com\/fr\/wp-json\/wp\/v2\/categories?post=269908"},{"taxonomy":"post_tag","embeddable":true,"href":"https:\/\/www.europesays.com\/fr\/wp-json\/wp\/v2\/tags?post=269908"}],"curies":[{"name":"wp","href":"https:\/\/api.w.org\/{rel}","templated":true}]}}