{"id":269912,"date":"2025-07-24T07:17:12","date_gmt":"2025-07-24T07:17:12","guid":{"rendered":"https:\/\/www.europesays.com\/fr\/269912\/"},"modified":"2025-07-24T07:17:12","modified_gmt":"2025-07-24T07:17:12","slug":"ain-de-perouges-au-casting-de-the-voice-kids-cette-montmerloise-suit-les-traces-de-son-pere","status":"publish","type":"post","link":"https:\/\/www.europesays.com\/fr\/269912\/","title":{"rendered":"Ain. De P\u00e9rouges au casting de The Voice Kids, cette Montmerloise suit les traces de son p\u00e8re"},"content":{"rendered":"<p>M\u00e9lodie a \u00e9t\u00e9 berc\u00e9e par la musique depuis son plus jeune \u00e2ge. \u00ab\u00a0Mon p\u00e8re chantait constamment \u00e0 la maison. D\u00e8s l\u2019\u00e2ge de 3 ans, il m\u2019emmenait lors de ses r\u00e9p\u00e9titions et je le voyais se produire sur sc\u00e8ne\u00a0\u00bb, se rem\u00e9more-t-elle avec tendresse. Son p\u00e8re, Didier Romilis, est un v\u00e9ritable passionn\u00e9 de musique, en particulier de vari\u00e9t\u00e9 fran\u00e7aise. Il se produit depuis de nombreuses ann\u00e9es, que ce soit en solo ou avec son duo Entre nous avec son ami William Mary, sur les sc\u00e8nes locales.<\/p>\n<p>M\u00e9lodie a aujourd\u2019hui 14\u00a0ans. Elle a toujours v\u00e9cu \u00e0 Montmerle. Elle est all\u00e9e \u00e0 l\u2019\u00e9cole communale Mick-Micheyl avant de poursuivre au coll\u00e8ge du Val de Sa\u00f4ne \u00e0 Montceaux. \u00c0 la rentr\u00e9e, elle int\u00e9grera la seconde au lyc\u00e9e Aiguerande \u00e0 Belleville-en-Beaujolais (Rh\u00f4ne).<\/p>\n<p>  Sa passion pour le chant a pris le dessus<\/p>\n<p>Entre 8 et 11 ans, elle a pris des cours de piano \u00e0 l\u2019\u00e9cole de musique de Montmerle. \u00ab\u00a0Je continue \u00e0 jouer chez moi\u00a0\u00bb, dit-elle.<\/p>\n<p>Cependant, c\u2019est sa passion pour le chant qui a pris le dessus. Son p\u00e8re lui a donn\u00e9 ses premiers cours de chant et depuis, elle participe \u00e0 divers concours.<\/p>\n<p>En 2022, elle a \u00e9t\u00e9 finaliste au tremplin du festival de P\u00e9rouges. En 2023, elle a eu l\u2019opportunit\u00e9 de passer le casting de The\u00a0Voice Kids \u00e0 Valence (Dr\u00f4me), une exp\u00e9rience enrichissante qui lui a permis de participer \u00e0 une master class avec la coach vocale de l\u2019\u00e9mission, Vonny Marshall-Edwards.<\/p>\n<p>Depuis 2024, M\u00e9lodie prend des cours de chant et participe \u00e0 un atelier avec d\u2019autres chanteurs et musiciens \u00e0 l\u2019\u00e9cole de musique Muzikadem \u00e0 Villefranche-sur-Sa\u00f4ne.<\/p>\n<p>  Le duo TelP\u00e8reTelleFille<\/p>\n<p>M\u00e9lodie se produit seule sur sc\u00e8ne et depuis peu en duo avec\u2026 son p\u00e8re. Duo qu\u2019ils ont nomm\u00e9 tout naturellement TelP\u00e8reTelleFille. En juin, ils ont particip\u00e9 \u00e0 la F\u00eate de la musique de Fareins et \u00e0 celle de Gleiz\u00e9 (Rh\u00f4ne). Leur r\u00e9pertoire inclut des titres d\u2019Ycare et Zaz, de Jean-Jacques Goldman ou encore Lady Gaga et Bradley Cooper.<\/p>\n","protected":false},"excerpt":{"rendered":"M\u00e9lodie a \u00e9t\u00e9 berc\u00e9e par la musique depuis son plus jeune \u00e2ge. \u00ab\u00a0Mon p\u00e8re chantait constamment \u00e0 la&hellip;\n","protected":false},"author":2,"featured_media":269913,"comment_status":"","ping_status":"","sticky":false,"template":"","format":"standard","meta":{"footnotes":""},"categories":[1356],"tags":[2738,1687,58,6751,59,107,1011,27,40921,873,252,20714,1364],"class_list":{"0":"post-269912","1":"post","2":"type-post","3":"status-publish","4":"format-standard","5":"has-post-thumbnail","7":"category-television","8":"tag-ain","9":"tag-culture-loisirs","10":"tag-divertissement","11":"tag-edition-ain-ouest","12":"tag-entertainment","13":"tag-fil-info","14":"tag-fr","15":"tag-france","16":"tag-montmerle-sur-saone","17":"tag-musique","18":"tag-television","19":"tag-thoissey-bassin","20":"tag-tv"},"share_on_mastodon":{"url":"https:\/\/pubeurope.com\/@fr\/114906991462332677","error":""},"_links":{"self":[{"href":"https:\/\/www.europesays.com\/fr\/wp-json\/wp\/v2\/posts\/269912","targetHints":{"allow":["GET"]}}],"collection":[{"href":"https:\/\/www.europesays.com\/fr\/wp-json\/wp\/v2\/posts"}],"about":[{"href":"https:\/\/www.europesays.com\/fr\/wp-json\/wp\/v2\/types\/post"}],"author":[{"embeddable":true,"href":"https:\/\/www.europesays.com\/fr\/wp-json\/wp\/v2\/users\/2"}],"replies":[{"embeddable":true,"href":"https:\/\/www.europesays.com\/fr\/wp-json\/wp\/v2\/comments?post=269912"}],"version-history":[{"count":0,"href":"https:\/\/www.europesays.com\/fr\/wp-json\/wp\/v2\/posts\/269912\/revisions"}],"wp:featuredmedia":[{"embeddable":true,"href":"https:\/\/www.europesays.com\/fr\/wp-json\/wp\/v2\/media\/269913"}],"wp:attachment":[{"href":"https:\/\/www.europesays.com\/fr\/wp-json\/wp\/v2\/media?parent=269912"}],"wp:term":[{"taxonomy":"category","embeddable":true,"href":"https:\/\/www.europesays.com\/fr\/wp-json\/wp\/v2\/categories?post=269912"},{"taxonomy":"post_tag","embeddable":true,"href":"https:\/\/www.europesays.com\/fr\/wp-json\/wp\/v2\/tags?post=269912"}],"curies":[{"name":"wp","href":"https:\/\/api.w.org\/{rel}","templated":true}]}}