{"id":269921,"date":"2025-07-24T07:22:14","date_gmt":"2025-07-24T07:22:14","guid":{"rendered":"https:\/\/www.europesays.com\/fr\/269921\/"},"modified":"2025-07-24T07:22:14","modified_gmt":"2025-07-24T07:22:14","slug":"intervilles-sur-france-2-a-vu-ses-audiences-glisser-vers-le-bas-et-ca-prouve-que-la-nostalgie-a-ses-limites","status":"publish","type":"post","link":"https:\/\/www.europesays.com\/fr\/269921\/","title":{"rendered":"\u00ab\u00a0Intervilles\u00a0\u00bb sur France 2 a vu ses audiences glisser vers le bas, et \u00e7a prouve que la nostalgie a ses limites"},"content":{"rendered":"<p>        <img decoding=\"async\" loading=\"lazy\" src=\"https:\/\/www.europesays.com\/fr\/wp-content\/uploads\/2025\/07\/12f6caa_upload-1-ltvvmvv2r48g-screenshot-2025-07-04-09-57-36.png\"  width=\"728\" height=\"410\" alt=\"Nagui \u00e9tait le pr\u00e9sentateur principal d\u2019\u00ab\u00a0Intervilles\u00a0\u00bb en juillet 2025\u00a0sur France 2\"\/>  <\/p>\n<p>capture d\u2019\u00e9cran France 2<\/p>\n<p>Nagui \u00e9tait le pr\u00e9sentateur principal d\u2019\u00ab\u00a0Intervilles\u00a0\u00bb en juillet 2025\u00a0sur France 2<\/p>\n<p class=\"asset asset-text\">DIVERTISSEMENT &#8211; La d\u00e9gringolade est bient\u00f4t termin\u00e9e. Ce jeudi 24\u00a0juillet, les t\u00e9l\u00e9spectateurs pourront dire adieu \u00e0 <a href=\"https:\/\/www.huffingtonpost.fr\/divertissement\/article\/intervilles-a-gap-le-sort-de-topa-la-vachette-emeut-les-telespectateurs_252480.html\" rel=\"nofollow noopener\" target=\"_blank\">Topa la vachette<\/a> et suivre en direct la grande<a href=\"https:\/\/www.huffingtonpost.fr\/divertissement\/article\/intervilles-sur-france-2-ce-n-est-pas-l-absence-de-vachettes-qui-a-le-plus-fait-reagir-les-telespectateurs_252207.html\" rel=\"nofollow noopener\" target=\"_blank\"> finale d\u2019Intervilles<\/a>. Une 4e et derni\u00e8re \u00e9mission qui vient clore un mois d\u2019audiences en chute libre pour le jeu pr\u00e9sent\u00e9 par <a href=\"https:\/\/www.huffingtonpost.fr\/medias\/article\/intervilles-le-clin-d-il-touchant-de-nagui-lors-de-son-hommage-a-thierry-ardisson_252726.html\" rel=\"nofollow noopener\" target=\"_blank\">Nagui<\/a>, Bruno Guillon ou encore Magali Ripoll et Camille Cerf.<\/p>\n<p class=\"asset asset-text\">Ce n\u2019est en effet pas du tout le carton sur lequel misait France 2, tablant sans doute trop sur l\u2019effet \u00ab\u00a0nostalgie\u00a0\u00bb du retour de cette \u00e9mission culte. Mais les audiences ne mentent pas. Le tout premier \u00e9pisode diffus\u00e9 le 3\u00a0juillet et qui voyait s\u2019affronter Beauvais et Coulanges-l\u00e8s-Nevers avait rassembl\u00e9 3,35\u00a0millions\u00a0de t\u00e9l\u00e9spectateurs, soit 22,0% de part d\u2019audience. Un score impressionnant dont la cha\u00eene pouvait se f\u00e9liciter, 12\u00a0ans apr\u00e8s la derni\u00e8re diffusion d\u2019Intervilles, et qui semblait valider le choix pourtant critiqu\u00e9 par certains (comme Cyril Hanouna), de faire rena\u00eetre le jeu.<\/p>\n<p class=\"asset asset-text\">Mais la semaine suivante, c\u2019\u00e9tait la douche froide, et pas que pour certains candidats. L\u2019\u00e9pisode du 10\u00a0juillet o\u00f9 Gap et Bourgoin-Jallieu s\u2019opposaient, n\u2019a en effet attir\u00e9 que\u00a02,41\u00a0millions de personnes. Une chute brutale qui s\u2019est confirm\u00e9e lors de la diffusion du 3e match le 17\u00a0juillet\u00a0: 2\u00a0millions de Fran\u00e7ais seulement ont suivi la rencontre Wallers-Arenberg versus Saint-Amand-les-Eaux.<\/p>\n<p class=\"asset asset-text\">Le retour d\u2019Intervilles avait pourtant \u00e9t\u00e9 annonc\u00e9 en tr\u00e8s grande pompe lors de la conf\u00e9rence de rentr\u00e9e de France T\u00e9l\u00e9visions en septembre\u00a02024. C\u2019\u00e9tait LA nouveaut\u00e9 (ou fac-simil\u00e9 de) sur laquelle le groupe misait probablement le plus au rayon divertissement. La preuve, France T\u00e9l\u00e9 a teas\u00e9 pendant des mois ce come-back, en diffusant par exemple le tout premier teaser lors du match France-\u00c9cosse du tournoi des Six nations en mars. Puis, au fil des semaines, France 2\u00a0a essay\u00e9 d\u2019entretenir l\u2019impatience \u00e0 coups de posts Instagram d\u00e9voilant les coulisses du retour de l\u2019\u00e9mission, l\u2019identit\u00e9 de tous les pr\u00e9sentateurs, ou encore la \u00ab\u00a0naissance\u00a0\u00bb de la seule et unique vachette, la mascotte Topa. Mais rien n\u2019y a fait.<\/p>\n<p>                     Les al\u00e9as de l\u2019effet nostalgie    <\/p>\n<p class=\"asset asset-text\">Comment expliquer l\u2019\u00e9chec d\u2019une \u00e9mission qui misait tout ou presque sur l\u2019effet nostalgie\u00a0? C\u2019est un choix qu\u2019ont pourtant fait de nombreuses cha\u00eenes ces derniers mois, rencontrant pour certaines beaucoup de succ\u00e8s. On pense par exemple au retour du<a href=\"https:\/\/www.huffingtonpost.fr\/medias\/article\/le-bigdil-avec-vincent-lagaf-sur-rmc-story-continue-son-retour-fracassant-et-gagne-une-marche-dans-les-audiences_244694.html\" rel=\"nofollow noopener\" target=\"_blank\"> Bigdil avec Vincent Lagaf <\/a>sur RMC Story en janvier qui a attir\u00e9 1,80\u00a0million de personnes pour son premier num\u00e9ro, un score in\u00e9dit pour la cha\u00eene. M6\u00a0a quant \u00e0 elle choisi de relancer La Roue de la Fortune et Le Juste Prix avec \u00c9ric-Antoine \u00e0 l\u2019animation, puis Le Maillon Faible pour une <a href=\"https:\/\/www.huffingtonpost.fr\/divertissement\/article\/dans-le-maillon-faible-vincent-dedienne-fait-l-unanimite-avec-ses-punchlines_240984.html\" rel=\"nofollow noopener\" target=\"_blank\">soir\u00e9e sp\u00e9ciale avec Vincent Dedienne<\/a>, des cartons. Mais la recette ne fonctionne pas \u00e0 tous les coups, la preuve avec le flop du retour de Que le Meilleur Gagne, toujours sur M6.<\/p>\n<p class=\"asset asset-text\">En guise d\u2019explication de ce crash d\u2019Intervilles 2025, on peut avancer une hypoth\u00e8se\u00a0: les jeux ressuscit\u00e9s qui ont fonctionn\u00e9 n\u2019ont que tr\u00e8s peu modifi\u00e9 leur formule d\u2019origine. Or, sur les r\u00e9seaux sociaux, les critiques d\u2019une partie des t\u00e9l\u00e9spectateurs sont acerbes envers les \u00ab\u00a0nouveaut\u00e9s\u00a0\u00bb de l\u2019\u00e9mission de France 2. Ils pointent du doigt l\u2019absence des vachettes, qui \u00e9taient selon eux essentielles \u00e0 la dynamique du jeu. D\u2019autres mettent en avant la taille tr\u00e8s r\u00e9duite des structures et les d\u00e9cors qu\u2019ils jugent similaires \u00e0 une \u00ab\u00a0aire de jeux\u00a0\u00bb. Enfin, certains \u00e9voquent \u00ab\u00a0un manque de rythme\u00a0\u00bb et une \u00e9quipe d\u2019animateurs \u00ab\u00a0pas dr\u00f4les\u00a0\u00bb. Beaucoup regrettent en effet \u00ab\u00a0l\u2019Intervilles d\u2019origine\u00bb.<\/p>\n<p class=\"asset asset-text\">Si Intervilles a sans doute souffert du dangereux comparatif \u00ab\u00a0C\u2019\u00e9tait mieux avant\u00a0\u00bb, heureusement, la cha\u00eene ne s\u2019\u00e9tait pas avanc\u00e9e sur une saison 2. Il y a fort \u00e0 parier que le costume de Topa retourne sagement dormir dans un placard chez France T\u00e9l\u00e9 apr\u00e8s ce jeudi 24\u00a0juillet au soir.<\/p>\n","protected":false},"excerpt":{"rendered":"capture d\u2019\u00e9cran France 2 Nagui \u00e9tait le pr\u00e9sentateur principal d\u2019\u00ab\u00a0Intervilles\u00a0\u00bb en juillet 2025\u00a0sur France 2 DIVERTISSEMENT &#8211; La&hellip;\n","protected":false},"author":2,"featured_media":225262,"comment_status":"","ping_status":"","sticky":false,"template":"","format":"standard","meta":{"footnotes":""},"categories":[8],"tags":[58,59,1011,27,594,28148,10477,252],"class_list":{"0":"post-269921","1":"post","2":"type-post","3":"status-publish","4":"format-standard","5":"has-post-thumbnail","7":"category-divertissement","8":"tag-divertissement","9":"tag-entertainment","10":"tag-fr","11":"tag-france","12":"tag-france-2","13":"tag-intervilles","14":"tag-nagui","15":"tag-television"},"share_on_mastodon":{"url":"https:\/\/pubeurope.com\/@fr\/114907011313679427","error":""},"_links":{"self":[{"href":"https:\/\/www.europesays.com\/fr\/wp-json\/wp\/v2\/posts\/269921","targetHints":{"allow":["GET"]}}],"collection":[{"href":"https:\/\/www.europesays.com\/fr\/wp-json\/wp\/v2\/posts"}],"about":[{"href":"https:\/\/www.europesays.com\/fr\/wp-json\/wp\/v2\/types\/post"}],"author":[{"embeddable":true,"href":"https:\/\/www.europesays.com\/fr\/wp-json\/wp\/v2\/users\/2"}],"replies":[{"embeddable":true,"href":"https:\/\/www.europesays.com\/fr\/wp-json\/wp\/v2\/comments?post=269921"}],"version-history":[{"count":0,"href":"https:\/\/www.europesays.com\/fr\/wp-json\/wp\/v2\/posts\/269921\/revisions"}],"wp:featuredmedia":[{"embeddable":true,"href":"https:\/\/www.europesays.com\/fr\/wp-json\/wp\/v2\/media\/225262"}],"wp:attachment":[{"href":"https:\/\/www.europesays.com\/fr\/wp-json\/wp\/v2\/media?parent=269921"}],"wp:term":[{"taxonomy":"category","embeddable":true,"href":"https:\/\/www.europesays.com\/fr\/wp-json\/wp\/v2\/categories?post=269921"},{"taxonomy":"post_tag","embeddable":true,"href":"https:\/\/www.europesays.com\/fr\/wp-json\/wp\/v2\/tags?post=269921"}],"curies":[{"name":"wp","href":"https:\/\/api.w.org\/{rel}","templated":true}]}}