{"id":269926,"date":"2025-07-24T07:25:10","date_gmt":"2025-07-24T07:25:10","guid":{"rendered":"https:\/\/www.europesays.com\/fr\/269926\/"},"modified":"2025-07-24T07:25:10","modified_gmt":"2025-07-24T07:25:10","slug":"russie-un-avion-de-ligne-avec-49-personnes-a-bord-a-disparu-des-radars-le-fuselage-en-flammes-retrouve-le-figaro","status":"publish","type":"post","link":"https:\/\/www.europesays.com\/fr\/269926\/","title":{"rendered":"Russie : un avion de ligne avec 49 personnes \u00e0 bord \u00aba disparu des radars\u00bb, le fuselage en flammes retrouv\u00e9 &#8211; Le Figaro"},"content":{"rendered":"<ol>\n<li><a href=\"https:\/\/news.google.com\/rss\/articles\/CBMi4wFBVV95cUxQVmIzd0dudS04Y2dSb0ZqNHRhS2NwZUFqdXE0STNHeERlVm1UZkJ0TDd0N2ZtSTR4d1RvdVFrT0IxdXNCVU5kRU1kbGRNbVVRdzRqeExEc0I5aXVIU0tmTlJxS3JKbHZKZEJZV3BUUm5renJ6MnRBNGphUlBONWEtbzhZR04teEJ0bVo3Qkl1QlBsRnNoSVBKWUEwZFV5eUxCR2Vqc1RBSTliQkRNeVhEZGtXX2ZjRVBPQjZKdGRCeVA2MWduS1NaMlVDNUFocW1uelM3eTBGUlhSeVJlVS13MFJhVQ?oc=5\" target=\"_blank\" rel=\"noopener\">Russie : un avion de ligne avec 49 personnes \u00e0 bord \u00aba disparu des radars\u00bb, le fuselage en flammes retrouv\u00e9<\/a>&nbsp;&nbsp;Le Figaro<\/li>\n<li><a href=\"https:\/\/news.google.com\/rss\/articles\/CBMi4wFBVV95cUxNNTNOU1NrR0ZHSUlpZ292aXhkMV82REVnUFQ2T1NQaF9CeXRhVTN4OEJkSl91OHo4SFdwNGRpZ3hSNkNyTkhhZjhHUHI0a0JUeGlpRE9MM2w2eXRETTlxVmRWNk9iVjdZTlBPVWFmR1V2ZkhJRmlVc2dBak5yVjZSTzNZc05jQnVnWTRaUndFbEdNQXNRTjhiQkRWQXVxVzBKTzhWQlE5MlpCREZzcFREdk42MVZtTk5rWmRJS3Rkc0VEQUd5aktlY1lIbDluT2FpeDI5X2czb05pRnJJTXNZdGlUMA?oc=5\" target=\"_blank\" rel=\"noopener\">Russie : un avion dispara\u00eet des radars avec 49 personnes \u00e0 bord, dont cinq enfants<\/a>&nbsp;&nbsp;Le Parisien<\/li>\n<li><a href=\"https:\/\/news.google.com\/rss\/articles\/CBMirgFBVV95cUxNS0VnTlYxNk1JVXBZb0JVN0ZjbXV0aHVmX2c4M3NIWEJ1dWZ6R0hGT3FJYmw0ek5udHBHRGZCVm5YeXVTREJPekNBZGZxZnRVRUVvS3VMU1BMMkxqOHp0UkhCVEt6amp5dVBvRWR0R3ZvbW1DaU5TVnloaE05Vkk5Vlh2cFFIMklyWkQyTzdHRm5YU0d1MDJaT2pBLU5JQ2RnaHVzM01CV1JsclhBM1E?oc=5\" target=\"_blank\" rel=\"noopener\">Russie: Avion de ligne disparu: le fuselage en flammes a \u00e9t\u00e9 retrouv\u00e9<\/a>&nbsp;&nbsp;Le Matin<\/li>\n<li><a href=\"https:\/\/news.google.com\/rss\/articles\/CBMi2gFBVV95cUxOY2dPOVVGRmRxX0QzYkV6X084M2JfMkVzMmpCdGhROW5UcW9FNk9uYUw0THQyLXYtd0JsS1BRRExYX2M5VDNDRmdyd2VCWE0xNWxsdGFObmR1eV9XdE8yVWY4TkYwWDVVXzQ5VWtYa1lyMjNmYzJiRGJlRUswQ3JYdEphcU02ei1odllBb3h6Ulg1SW9NMnZUUVBHUzAtMWhNcU11eklPazZ4VDNSbHZXOEs1RkNsQ19iZXRJY0hfb1VuR0dETUkzYjNEa1FYSnFwWDMzdUJlakFmQQ?oc=5\" target=\"_blank\" rel=\"noopener\">Un avion de ligne avec 49 personnes \u00e0 bord \u00ab\u00a0a disparu des radars\u00a0\u00bb en Russie<\/a>&nbsp;&nbsp;BFMTV<\/li>\n<li><a href=\"https:\/\/news.google.com\/rss\/articles\/CBMi4wFBVV95cUxPajNETERGbDljd1BPYjlUaE9NR2FyMG1sTnFVeUxwM19VVkNrR3pSTmxobFkwd2tBc3pfVEYwVzlfTjBlY3Qwbmh5OGQyM2xGb0pJY3VoZ0lGTTVWZ1U0TmFmamRGcXhjdHE3MVVFeU1ZZWJFbldFQ3lHVGtHb01QRG5wNkE1aU44dmdMYjJ5bWFUZ2RWQkN6SklhOWJHNlRkSHF6MW5sNVI2LTZabWJpdHdmTVZzcU5JRUZPbXk2VWNBN3ZwMWlZQTJVZjNMdkhtTXM0OVl4cUU2TTZXSUllelRNSQ?oc=5\" target=\"_blank\" rel=\"noopener\">Russie : un avion de ligne avec 49 personnes \u00e0 bord \u00ab a disparu des radars \u00bb<\/a>&nbsp;&nbsp;Ouest-France<\/li>\n<\/ol>\n","protected":false},"excerpt":{"rendered":"Russie : un avion de ligne avec 49 personnes \u00e0 bord \u00aba disparu des radars\u00bb, le fuselage en&hellip;\n","protected":false},"author":2,"featured_media":269927,"comment_status":"","ping_status":"","sticky":false,"template":"","format":"standard","meta":{"footnotes":""},"categories":[5],"tags":[11,37,1011,27,14,12,132,28],"class_list":{"0":"post-269926","1":"post","2":"type-post","3":"status-publish","4":"format-standard","5":"has-post-thumbnail","7":"category-international","8":"tag-actualites","9":"tag-avion","10":"tag-fr","11":"tag-france","12":"tag-international","13":"tag-news","14":"tag-russie","15":"tag-world"},"share_on_mastodon":{"url":"https:\/\/pubeurope.com\/@fr\/114907022928616108","error":""},"_links":{"self":[{"href":"https:\/\/www.europesays.com\/fr\/wp-json\/wp\/v2\/posts\/269926","targetHints":{"allow":["GET"]}}],"collection":[{"href":"https:\/\/www.europesays.com\/fr\/wp-json\/wp\/v2\/posts"}],"about":[{"href":"https:\/\/www.europesays.com\/fr\/wp-json\/wp\/v2\/types\/post"}],"author":[{"embeddable":true,"href":"https:\/\/www.europesays.com\/fr\/wp-json\/wp\/v2\/users\/2"}],"replies":[{"embeddable":true,"href":"https:\/\/www.europesays.com\/fr\/wp-json\/wp\/v2\/comments?post=269926"}],"version-history":[{"count":0,"href":"https:\/\/www.europesays.com\/fr\/wp-json\/wp\/v2\/posts\/269926\/revisions"}],"wp:featuredmedia":[{"embeddable":true,"href":"https:\/\/www.europesays.com\/fr\/wp-json\/wp\/v2\/media\/269927"}],"wp:attachment":[{"href":"https:\/\/www.europesays.com\/fr\/wp-json\/wp\/v2\/media?parent=269926"}],"wp:term":[{"taxonomy":"category","embeddable":true,"href":"https:\/\/www.europesays.com\/fr\/wp-json\/wp\/v2\/categories?post=269926"},{"taxonomy":"post_tag","embeddable":true,"href":"https:\/\/www.europesays.com\/fr\/wp-json\/wp\/v2\/tags?post=269926"}],"curies":[{"name":"wp","href":"https:\/\/api.w.org\/{rel}","templated":true}]}}