{"id":269928,"date":"2025-07-24T07:26:10","date_gmt":"2025-07-24T07:26:10","guid":{"rendered":"https:\/\/www.europesays.com\/fr\/269928\/"},"modified":"2025-07-24T07:26:10","modified_gmt":"2025-07-24T07:26:10","slug":"pourquoi-le-couple-presidentiel-attaque-linfluenceuse-trumpiste-en-justice","status":"publish","type":"post","link":"https:\/\/www.europesays.com\/fr\/269928\/","title":{"rendered":"pourquoi le couple pr\u00e9sidentiel attaque l\u2019influenceuse trumpiste en justice"},"content":{"rendered":"<p>        <img decoding=\"async\" loading=\"lazy\" src=\"https:\/\/www.europesays.com\/fr\/wp-content\/uploads\/2025\/07\/7d1c13e_1730110630097-000-36k33ev.jpg\"  width=\"728\" height=\"409\" alt=\"Le couple pr\u00e9sidentiel r\u00e9clame un montant \u00ab\u00a0exemplaire\u00a0\u00bb de dommages et int\u00e9r\u00eats \u00e0 l\u2019influenceuse d\u2019extr\u00eame droite am\u00e9ricaine. (Photo d\u2019illustration)\"\/>  <\/p>\n<p>LUDOVIC MARIN \/ AFP<\/p>\n<p>Le couple pr\u00e9sidentiel r\u00e9clame un montant \u00ab\u00a0exemplaire\u00a0\u00bb de dommages et int\u00e9r\u00eats \u00e0 l\u2019influenceuse d\u2019extr\u00eame droite am\u00e9ricaine. (Photo d\u2019illustration)<\/p>\n<p class=\"asset asset-text\">INTERNATIONAL &#8211; Une fake news qui prend des proportions cons\u00e9quentes. Le pr\u00e9sident fran\u00e7ais <a href=\"https:\/\/www.huffingtonpost.fr\/politique\/article\/proces-de-rachida-dati-macron-douche-leurs-espoirs-des-elus-qui-demandent-la-demission-de-la-ministre_252879.html\" rel=\"nofollow noopener\" target=\"_blank\">Emmanuel Macron<\/a> et son \u00e9pouse <a href=\"https:\/\/www.huffingtonpost.fr\/justice\/article\/brigitte-macron-femme-transgenre-deux-femmes-qui-ont-propage-la-fake-news-finalement-relaxees_252468.html\" rel=\"nofollow noopener\" target=\"_blank\">Brigitte Macron<\/a> ont engag\u00e9 mercredi 23\u00a0juillet des poursuites en diffamation\u00a0aux \u00c9tats-Unis contre l\u2019influenceuse am\u00e9ricaine <a href=\"https:\/\/www.huffingtonpost.fr\/politique\/article\/qui-est-candace-owens-qui-inspire-la-droite-de-la-droite-en-france_152204.html\" rel=\"nofollow noopener\" target=\"_blank\">Candace Owens<\/a> pour avoir relay\u00e9 et largement exploit\u00e9 dans des vid\u00e9os l\u2019infox selon laquelle Brigitte Macron serait \u00ab\u00a0n\u00e9e homme\u00a0\u00bb.<\/p>\n<p class=\"asset asset-text\">Cette infox resurgissant r\u00e9guli\u00e8rement en France sur les r\u00e9seaux sociaux depuis la premi\u00e8re \u00e9lection d\u2019Emmanuel Macron en 2017 a prosp\u00e9r\u00e9 \u00e0 l\u2019\u00e9tranger, en particulier aux \u00c9tats-Unis apr\u00e8s que la blogueuse d\u2019extr\u00eame droite Candace Owens s\u2019en est empar\u00e9e en mars\u00a02024, lui donnant un \u00e9cho mondial depuis janvier\u00a02025 par une s\u00e9rie de vid\u00e9os intitul\u00e9e \u00ab\u00a0Becoming Brigitte\u00a0\u00bb (\u00ab\u00a0Devenir Brigitte\u00a0\u00bb).<\/p>\n<p class=\"asset asset-text\">Le couple pr\u00e9sidentiel a d\u00e9pos\u00e9 une plainte en diffamation mercredi devant un tribunal du Delaware, r\u00e9clamant un montant \u00ab\u00a0exemplaire\u00a0\u00bb de dommages et int\u00e9r\u00eats \u00e0 d\u00e9terminer lors d\u2019un proc\u00e8s.<\/p>\n<p>    Une \u00ab\u00a0campagne de diffamation\u00a0\u00bb    <\/p>\n<p class=\"asset asset-text\">Leurs avocats affirment dans la plainte que Candace Owens avait pleinement conscience de la fausset\u00e9 de ces all\u00e9gations et a syst\u00e9matiquement rejet\u00e9 toutes les demandes de rectification, persistant dans sa \u00ab\u00a0campagne de diffamation\u00a0\u00bb et sa \u00ab\u00a0campagne d\u2019humiliation mondiale\u00a0\u00bb pour \u00ab\u00a0gagner en notori\u00e9t\u00e9 et faire de l\u2019argent\u00a0\u00bb, soulignant qu\u2019elle compte \u00e0 pr\u00e9sent 6,9\u00a0millions d\u2019abonn\u00e9s \u00e0 son compte X et 4,7\u00a0millions sur YouTube.<\/p>\n<p class=\"asset asset-text\">Emmanuel Macron serait le \u00ab\u00a0produit d\u2019un programme secret de la CIA\u00a0\u00bb ou d\u2019un \u00ab\u00a0programme gouvernemental similaire de contr\u00f4le mental\u00a0\u00bb, aurait des liens avec Jeffrey Epstein, et le couple pr\u00e9sidentiel fran\u00e7ais serait \u00ab\u00a0parent par le sang\u00a0\u00bb, affirme encore Candace Owens dans ses vid\u00e9os, rappelle la plainte.<\/p>\n<p class=\"asset asset-text\">Au vu des r\u00e9actions de l\u2019influenceuse am\u00e9ricaine d\u2019extr\u00eame droite sur son compte X, celle-ci semble bien loin d\u2019une quelconque forme de repentance. \u00ab\u00a0Les Macron ne poursuivent pas des journalistes \u00e0 l\u2019autre bout du monde parce que nous avons menti\u00a0\u00bb, a-t-elle par exemple \u00e9crit ce 24\u00a0juillet, poursuivant ses diatribes \u00e0 l\u2019encontre de la premi\u00e8re dame fran\u00e7aise et de son \u00e9poux.<\/p>\n<p class=\"asset asset-text\">Selon l\u2019infox \u00e0 l\u2019origine de cette affaire, tr\u00e8s relay\u00e9e en France par des mouvances m\u00ealant complotistes, covido-sceptiques ou d\u2019extr\u00eame droite, Brigitte Macron, n\u00e9e Trogneux, n\u2019aurait jamais exist\u00e9, mais son fr\u00e8re Jean-Michel aurait pris cette identit\u00e9 apr\u00e8s avoir chang\u00e9 de sexe.<\/p>\n<p class=\"asset asset-text\">Deux femmes, Natacha Rey et Amandine Roy, qui l\u2019avaient largement diffus\u00e9e, ont \u00e9t\u00e9 condamn\u00e9es en septembre par la justice fran\u00e7aise \u00e0 payer plusieurs milliers d\u2019euros de dommages et int\u00e9r\u00eats \u00e0 Brigitte Macron et 5\u00a0000\u00a0euros \u00e0 Jean-Michel Trogneux, mais elles ont \u00e9t\u00e9 relax\u00e9es en appel le 10\u00a0juillet. Brigitte Macron et son fr\u00e8re se sont pourvus en cassation contre cette d\u00e9cision.<\/p>\n","protected":false},"excerpt":{"rendered":"LUDOVIC MARIN \/ AFP Le couple pr\u00e9sidentiel r\u00e9clame un montant \u00ab\u00a0exemplaire\u00a0\u00bb de dommages et int\u00e9r\u00eats \u00e0 l\u2019influenceuse d\u2019extr\u00eame&hellip;\n","protected":false},"author":2,"featured_media":269929,"comment_status":"","ping_status":"","sticky":false,"template":"","format":"standard","meta":{"footnotes":""},"categories":[4],"tags":[11,986,1073,73,842,1011,27,14,12,25],"class_list":{"0":"post-269928","1":"post","2":"type-post","3":"status-publish","4":"format-standard","5":"has-post-thumbnail","7":"category-france","8":"tag-actualites","9":"tag-brigitte-macron","10":"tag-emmanuel-macron","11":"tag-etats-unis","12":"tag-fake-news","13":"tag-fr","14":"tag-france","15":"tag-international","16":"tag-news","17":"tag-republique-francaise"},"share_on_mastodon":{"url":"https:\/\/pubeurope.com\/@fr\/114907027099273965","error":""},"_links":{"self":[{"href":"https:\/\/www.europesays.com\/fr\/wp-json\/wp\/v2\/posts\/269928","targetHints":{"allow":["GET"]}}],"collection":[{"href":"https:\/\/www.europesays.com\/fr\/wp-json\/wp\/v2\/posts"}],"about":[{"href":"https:\/\/www.europesays.com\/fr\/wp-json\/wp\/v2\/types\/post"}],"author":[{"embeddable":true,"href":"https:\/\/www.europesays.com\/fr\/wp-json\/wp\/v2\/users\/2"}],"replies":[{"embeddable":true,"href":"https:\/\/www.europesays.com\/fr\/wp-json\/wp\/v2\/comments?post=269928"}],"version-history":[{"count":0,"href":"https:\/\/www.europesays.com\/fr\/wp-json\/wp\/v2\/posts\/269928\/revisions"}],"wp:featuredmedia":[{"embeddable":true,"href":"https:\/\/www.europesays.com\/fr\/wp-json\/wp\/v2\/media\/269929"}],"wp:attachment":[{"href":"https:\/\/www.europesays.com\/fr\/wp-json\/wp\/v2\/media?parent=269928"}],"wp:term":[{"taxonomy":"category","embeddable":true,"href":"https:\/\/www.europesays.com\/fr\/wp-json\/wp\/v2\/categories?post=269928"},{"taxonomy":"post_tag","embeddable":true,"href":"https:\/\/www.europesays.com\/fr\/wp-json\/wp\/v2\/tags?post=269928"}],"curies":[{"name":"wp","href":"https:\/\/api.w.org\/{rel}","templated":true}]}}