{"id":269930,"date":"2025-07-24T07:27:11","date_gmt":"2025-07-24T07:27:11","guid":{"rendered":"https:\/\/www.europesays.com\/fr\/269930\/"},"modified":"2025-07-24T07:27:11","modified_gmt":"2025-07-24T07:27:11","slug":"les-chasseurs-de-watts-lanceurs-dalerte-credibles-du-cyclisme","status":"publish","type":"post","link":"https:\/\/www.europesays.com\/fr\/269930\/","title":{"rendered":"Les chasseurs de watts, lanceurs d\u2019alerte cr\u00e9dibles du cyclisme\u00a0?"},"content":{"rendered":"<p>En qui croire dans un monde o\u00f9 Tadej Pogacar et Jonas Vingegaard battent les records des temps maudits, <a href=\"https:\/\/www.20minutes.fr\/sport\/cyclisme\/tour-de-france\/4164691-20250722-direct-tour-france-2025-16e-etape-mythique-mont-ventoux-simple-formalite-tadej-pogacar-suivez-etape\" class=\"color-ultramarine c-link\" target=\"_blank\" rel=\"noopener\">comme celui de l\u2019ascension du Mont Ventoux<\/a> d\u00e9tenu jusqu\u2019\u00e0 mardi par Iban Mayo (54\u201931 pour le Slov\u00e8ne et 54\u201933 pour le Danois contre 55\u201931 pour l\u2019Espagnol). O\u00f9 Mauro Gianetti, impliqu\u00e9 dans des affaires de dopage comme coureur puis comme dirigeant, est \u00e0 la t\u00eate de l\u2019\u00e9quipe UAE. Et o\u00f9 un manager d\u2019\u00e9quipe suspicieux confie \u00e0 nos confr\u00e8res de Ouest-France que \u00ab\u00a0<a href=\"https:\/\/www.20minutes.fr\/sport\/cyclisme\/tour-de-france\/4164573-20250721-tour-france-2025-face-domination-pogacar-manager-equipe-evoque-embarras-instances\" class=\"color-ultramarine c-link\" target=\"_blank\" rel=\"noopener\">les instances [du cyclisme] sont embarrass\u00e9es<\/a> et ne savent pas quoi faire\u00a0\u00bb devant les performances du maillot jaune\u00a0?<\/p>\n<p>La r\u00e9ponse se trouve peut-\u00eatre dans les calculs de Fr\u00e9d\u00e9ric Portoleau, ing\u00e9nieur en a\u00e9ronautique et m\u00e9canique des fluides. Ce dernier est bien connu des amateurs de cyclisme pour ses calculs de donn\u00e9es de puissance des leaders du peloton sur les grands cols <a href=\"https:\/\/www.20minutes.fr\/sport\/tour-de-france\/\" class=\"color-ultramarine c-link\" target=\"_blank\" rel=\"noopener\">du Tour de France<\/a>, qu\u2019il publie depuis plusieurs ann\u00e9es <a href=\"https:\/\/www.chronoswatts.com\/news\/236\/\" rel=\"nofollow noopener\" target=\"_blank\" class=\"color-ultramarine c-link\">sur le site Chronoswatts<\/a>. Pour s\u2019affranchir du poids des coureurs, par manque de fiabilit\u00e9 ou par absence de donn\u00e9es, Portoleau a con\u00e7u un \u00ab\u00a0coureur \u00e9talon\u00a0\u00bb de 78 kg, mat\u00e9riel compris. \u00ab\u00a0C\u2019est un coureur fictif qui est plac\u00e9 dans le peloton et qui nous renseigne sur l\u2019allure du moment\u00a0\u00bb, nous explique-t-il.<\/p>\n<p>Le reste rel\u00e8ve de la physique pure\u00a0: on prend des donn\u00e9es telles que le vent, l\u2019aspiration, l\u2019a\u00e9rodynamisme, le roulement, la pente et on les passe au mixeur pour obtenir un r\u00e9sultat avec une marge d\u2019erreur autour des 2\u00a0%. \u00ab\u00a0En mati\u00e8re de pr\u00e9cision des donn\u00e9es, le cas id\u00e9al, c\u2019est par exemple la partie foresti\u00e8re du Ventoux, illustre l\u2019ing\u00e9nieur. On est sur une pente forte. Le coureur doit en priorit\u00e9 lutter contre la pesanteur pour s\u2019\u00e9lever. Et il y a peu de vent. De plus, \u00e0 faible vitesse, il y a peu d\u2019aspiration. Donc on peut faire des estimations de puissance pr\u00e9cises.\u00a0\u00bb<\/p>\n<p>D\u2019Hautcam au Ventoux, gros watts et fant\u00f4mes de l\u2019\u00e8re EPO<\/p>\n<p>Le travail de Fr\u00e9d\u00e9ric Portoleau, estime-t-il, \u00ab\u00a0est d\u00e9sormais respect\u00e9 au niveau du calcul lui-m\u00eame. Il n\u2019y a plus trop de contradicteurs de ce c\u00f4t\u00e9-l\u00e0. Mais il peut y en avoir sur <a href=\"https:\/\/www.20minutes.fr\/lyon\/1654235-20150720-tour-france-frederic-grappe-reportage-stade-2-pure-escroquerie-scientifique\" class=\"color-ultramarine c-link\" target=\"_blank\" rel=\"noopener\">ce qui est de l\u2019interpr\u00e9tation par rapport au dopage<\/a>.\u00a0\u00bb \u00c7a, c\u2019est le boulot d\u2019Antoine Vayer, \u00e0 qui Portoleau transmet ses donn\u00e9es. Cet ancien entra\u00eeneur de Festina a fix\u00e9 un seuil d\u2019acceptabilit\u00e9 des puissances d\u00e9velopp\u00e9es sur un v\u00e9lo par un coureur professionnel.<\/p>\n<ul>\n<li>Suspect\u00a0: 410 watts<\/li>\n<li>Miraculeux\u00a0: 430 watts<\/li>\n<li>Mutant\u00a0: 450 watts<\/li>\n<\/ul>\n<p>Le bar\u00e8me ne fait pas l\u2019unanimit\u00e9, notamment dans sa fourchette basse. Alban Lorenzini, <a href=\"https:\/\/www.cyclesetforme.fr\/\" rel=\"nofollow noopener\" target=\"_blank\" class=\"color-ultramarine c-link\">sp\u00e9cialiste des capteurs de puissance, entra\u00eeneur et testeur de mat\u00e9riel<\/a>, est tr\u00e8s loin de gober le porridge servi par les UAE, mais concede que les \u00e9volutions r\u00e9centes du cyclisme en mati\u00e8re d&rsquo;entra\u00eenement, de nutrition et de mat\u00e9riel ont eu un impact global sur les vitesses observ\u00e9es. \u00ab\u00a0Ces radars devraient \u00eatre rehauss\u00e9s de dix watts, mais pas plus, estime-t-il. On a progress\u00e9 sur les fins de col, mais de l\u00e0 \u00e0 accepter sans broncher le gouffre qui s\u00e9pare Pogacar du reste des coureurs\u2026\u00a0\u00bb<\/p>\n<p>A Hautacam, <a href=\"https:\/\/www.20minutes.fr\/sport\/cyclisme\/tour-de-france\/4164209-20250718-tour-france-2025-bjarne-riis-hautacam-tadej-pogacar-continue-alimenter-suspicion\" class=\"color-ultramarine c-link\" target=\"_blank\" rel=\"noopener\">le Slov\u00e8ne n\u2019a pas battu le record de l\u2019ascension<\/a> \u00e9tabli par Bjarne Riis en\u00a01996 malgr\u00e9 un meilleur d\u00e9but de col dans le sillage de Jhonatan Narvaez, mais il a d\u00e9velopp\u00e9 une puissance estim\u00e9e \u00e0 460 watts par Fr\u00e9d\u00e9ric Portoleau. Sur la mont\u00e9e de Peyragudes, le maillot jaune aurait m\u00eame fait sauter le plafond des 500 watts (505), une performance hors normes m\u00eame sur un effort d\u2019une vingtaine de minutes. Les \u00e9carts creus\u00e9s (36 secondes sur Vingegaard, 1\u201920 sur Roglic) en attestent. Les travaux de l\u2019ing\u00e9nieur sur le Ventoux ne s\u2019annoncent gu\u00e8re plus flatteurs. \u00ab\u00a0Sur le tron\u00e7on qui va de Saint-Esteve jusqu\u2019au chalet Reynard, en for\u00eat, Pogacar et Vingegaard sont mont\u00e9s \u00e0 la m\u00eame vitesse que Pantani en\u00a01994. L\u2019Italien avait produit un gros effort sur le bas.\u00a0\u00bb<\/p>\n<p>Et si tout le monde divulguait ses watts comme Onley\u00a0?<\/p>\n<p>Le Tour de France 2025 confirme quoi qu\u2019il advienne la tendance \u00e0 l\u2019emballement observ\u00e9e depuis le d\u00e9but de l&rsquo;apr\u00e8s le Covid, avec un point de bascule vers l\u2019irr\u00e9el <a href=\"https:\/\/www.chronoswatts.com\/en\/news\/228\/\" rel=\"nofollow noopener\" target=\"_blank\" class=\"color-ultramarine c-link\">franchi au Plateau de Beille<\/a>, en\u00a02024. \u00ab\u00a0Depuis quatre ans, confirme Portoleau, on voit des performances assez \u00e9tonnantes et encore plus fortes depuis ce qu\u2019a fait Pogacar sur cette \u00e9tape de\u00a02024.\u00a0\u00bb<\/p>\n<p>Pour quiconque voudrait intenter un proc\u00e8s en charlatanerie, Jonas Vingegaard en personne avait valid\u00e9 les <a href=\"https:\/\/lanternerouge.com\/2024\/07\/14\/greatest-climbing-performances-of-all-time-on-plateau-de-beille-tour-de-france-2024-stage-15\/\" rel=\"nofollow noopener\" target=\"_blank\" class=\"color-ultramarine c-link\">chiffres du site Lanterne Rouge<\/a> pour l\u2019ascension du Plateau de Beille. \u00ab\u00a0Les autres membres de l\u2019\u00e9quipe ont dit que quelqu\u2019un avait estim\u00e9 le nombre de watts par kilo que nous avions parcouru, d\u00e9clarait le coureur de Visma-Lease a bike. Pour \u00eatre franc, c\u2019est tr\u00e8s pr\u00e9cis.\u00a0\u00bb<\/p>\n<p>La machine Portoleau semble si bien huil\u00e9e que ce dernier ne s\u2019enthousiasme pas plus que \u00e7a de voir le jeune Oscar Onley, pourtant quatri\u00e8me du classement g\u00e9n\u00e9ral, rendre publiques ses donn\u00e9es d\u2019ascension du Mont Ventoux. \u00ab\u00a0\u00c7a peut m\u2019aider \u00e0 voir si mes calculs sont dans la m\u00eame plage. Mais publier des donn\u00e9es brutes ne les rend pas forc\u00e9ment fiables. Je pr\u00e9f\u00e8re ce qu\u2019a fait une fois Thibaut Pinot, qui avait publi\u00e9 son profil de puissance <a href=\"https:\/\/theses.hal.science\/tel-02428889\" rel=\"nofollow noopener\" target=\"_blank\" class=\"color-ultramarine c-link\">avec l\u2019aide de son fr\u00e8re et entra\u00eeneur, Julien Pinot<\/a>, docteur en sciences du sport, et qui en avait fait un article scientifique.\u00a0\u00bb<\/p>\n<blockquote class=\"twitter-tweet\" align=\"center\" data-lang=\"fr_FR\">\n<p lang=\"fr\" dir=\"ltr\">Est-ce que <a href=\"https:\/\/twitter.com\/OscarOnley?ref_src=twsrc%5Etfw\" target=\"_blank\" rel=\"noopener\">@OscarOnley<\/a> qui publie toutes ses donn\u00e9es dont les BPM et donne pas mal de gages de propret\u00e9 par ailleurs, renseignements pris et progression observ\u00e9e,  n&rsquo;est pas le vainqueur moral de ce <a href=\"https:\/\/twitter.com\/hashtag\/TDF2025?src=hash&amp;ref_src=twsrc%5Etfw\" target=\"_blank\" rel=\"noopener\">#TDF2025<\/a> ? <a href=\"https:\/\/t.co\/lcbMspw2zF\">pic.twitter.com\/lcbMspw2zF<\/a><\/p>\n<p>\u2014 \ud83c\udd70ntoine VAYER \ud83d\udcf8\ud83d\udd8b\ufe0f (@festinaboy) <a href=\"https:\/\/twitter.com\/festinaboy\/status\/1947927288621801509?ref_src=twsrc%5Etfw\" target=\"_blank\" rel=\"noopener\">July 23, 2025<\/a><\/p><\/blockquote>\n<p class=\"mb-xxl@xs color-ultramarine font-weight-semi-bold@xs font-source-serif-pro heading-s@xs\">L\u2019acc\u00e8s \u00e0 ce contenu a \u00e9t\u00e9 bloqu\u00e9 afin de respecter votre choix de consentement<\/p>\n<p class=\"mb-m@xs text-l@xs\">En cliquant sur\u00ab J\u2019accepte \u00bb, vous acceptez le d\u00e9p\u00f4t de cookies par des services externes et aurez ainsi acc\u00e8s aux contenus de nos partenaires.<\/p>\n<p class=\"mb-xl@xs text-s@xs\">Plus d\u2019informations sur la page<a href=\"https:\/\/www.20minutes.fr\/gestion-cookies\" class=\"mx-xxs@xs color-ultramarine\" target=\"_blank\" rel=\"noopener\">Politique de gestion des cookies<\/a><\/p>\n<p>J\u2019accepte<\/p>\n<p>Le watt en lanceur d\u2019alerte du cyclisme, oui, mais pas n\u2019importe comment. \u00ab\u00a0Les capteurs de puissance ne sont pas toujours fiables \u00e0 100\u00a0%, et il faudrait que toutes les \u00e9quipes soient \u00e9quip\u00e9es du m\u00eame et qu\u2019ils soient calibr\u00e9s de la m\u00eame fa\u00e7on, encha\u00eene Alban Lorenzini. Mais un suivi biom\u00e9canique dans la m\u00eame veine que le passeport biologique permettrait de d\u00e9celer certaines formes de triche, dans le sens o\u00f9 l\u2019on sait ce qu\u2019il n\u2019est pas possible de gagner. On gagne des watts progressivement au cours de la pr\u00e9paration, mais faire des steps de 30 watts, par exemple, du jour au lendemain o\u00f9 d\u2019une semaine \u00e0 l\u2019autre, c\u2019est impossible, m\u00eame chez un athl\u00e8te professionnel.\u00a0\u00bb En attendant mieux, il reste toujours les chasseurs de watts.<\/p>\n<p><script async src=\"https:\/\/platform.twitter.com\/widgets.js\" charset=\"utf-8\"><\/script><\/p>\n","protected":false},"excerpt":{"rendered":"En qui croire dans un monde o\u00f9 Tadej Pogacar et Jonas Vingegaard battent les records des temps maudits,&hellip;\n","protected":false},"author":2,"featured_media":269931,"comment_status":"","ping_status":"","sticky":false,"template":"","format":"standard","meta":{"footnotes":""},"categories":[2],"tags":[11,207,15150,1011,27,27884,40922,12,517,1138,210,36598],"class_list":{"0":"post-269930","1":"post","2":"type-post","3":"status-publish","4":"format-standard","5":"has-post-thumbnail","7":"category-actualites","8":"tag-actualites","9":"tag-cyclisme","10":"tag-dopage","11":"tag-fr","12":"tag-france","13":"tag-jonas-vingegaard","14":"tag-jumbo-visma","15":"tag-news","16":"tag-sport","17":"tag-tadej-pogacar","18":"tag-tour-de-france","19":"tag-uae"},"share_on_mastodon":{"url":"https:\/\/pubeurope.com\/@fr\/114907030729111355","error":""},"_links":{"self":[{"href":"https:\/\/www.europesays.com\/fr\/wp-json\/wp\/v2\/posts\/269930","targetHints":{"allow":["GET"]}}],"collection":[{"href":"https:\/\/www.europesays.com\/fr\/wp-json\/wp\/v2\/posts"}],"about":[{"href":"https:\/\/www.europesays.com\/fr\/wp-json\/wp\/v2\/types\/post"}],"author":[{"embeddable":true,"href":"https:\/\/www.europesays.com\/fr\/wp-json\/wp\/v2\/users\/2"}],"replies":[{"embeddable":true,"href":"https:\/\/www.europesays.com\/fr\/wp-json\/wp\/v2\/comments?post=269930"}],"version-history":[{"count":0,"href":"https:\/\/www.europesays.com\/fr\/wp-json\/wp\/v2\/posts\/269930\/revisions"}],"wp:featuredmedia":[{"embeddable":true,"href":"https:\/\/www.europesays.com\/fr\/wp-json\/wp\/v2\/media\/269931"}],"wp:attachment":[{"href":"https:\/\/www.europesays.com\/fr\/wp-json\/wp\/v2\/media?parent=269930"}],"wp:term":[{"taxonomy":"category","embeddable":true,"href":"https:\/\/www.europesays.com\/fr\/wp-json\/wp\/v2\/categories?post=269930"},{"taxonomy":"post_tag","embeddable":true,"href":"https:\/\/www.europesays.com\/fr\/wp-json\/wp\/v2\/tags?post=269930"}],"curies":[{"name":"wp","href":"https:\/\/api.w.org\/{rel}","templated":true}]}}