{"id":269932,"date":"2025-07-24T07:28:14","date_gmt":"2025-07-24T07:28:14","guid":{"rendered":"https:\/\/www.europesays.com\/fr\/269932\/"},"modified":"2025-07-24T07:28:14","modified_gmt":"2025-07-24T07:28:14","slug":"firminy-accessibilite-depots-sauvages-pourquoi-des-poubelles-ont-ete-deplacees-sur-la-place-du-marche","status":"publish","type":"post","link":"https:\/\/www.europesays.com\/fr\/269932\/","title":{"rendered":"Firminy. Accessibilit\u00e9, d\u00e9p\u00f4ts sauvages&#8230; Pourquoi des poubelles ont \u00e9t\u00e9 d\u00e9plac\u00e9es sur la place du March\u00e9"},"content":{"rendered":"<p>Depuis quelques semaines, un abri en bois a \u00e9t\u00e9 install\u00e9 derri\u00e8re la Bourse du travail. Il est destin\u00e9 \u00e0 accueillir les containers \u00e0 poubelles install\u00e9s rue Traversi\u00e8re, utilis\u00e9s par les riverains et commer\u00e7ants du secteur.<\/p>\n<p>Une initiative qui a fait bondir les g\u00e9rants du bar-tabac Le Flash puisque l\u2019ensemble tr\u00f4ne pr\u00e8s de leur \u00e9tablissement et leur terrasse.<\/p>\n<p>Samedi 21\u00a0juin, deux des g\u00e9rants sont all\u00e9s \u00e9changer avec le maire lors de l\u2019inauguration de la nouvelle rue du March\u00e9. La sc\u00e8ne ne s\u2019est pas tr\u00e8s bien pass\u00e9e, preuve que les commer\u00e7ants en ont gros sur la patate.<\/p>\n<p>\u00ab On ne nous a pas propos\u00e9s d\u2019alternative\u00a0\u00bb<\/p>\n<p>Un peu plus tard, le maire, Julien Luya, revient sur la gen\u00e8se de ce changement. \u00ab\u00a0Nous avons&#8230;<\/p>\n","protected":false},"excerpt":{"rendered":"Depuis quelques semaines, un abri en bois a \u00e9t\u00e9 install\u00e9 derri\u00e8re la Bourse du travail. Il est destin\u00e9&hellip;\n","protected":false},"author":2,"featured_media":269933,"comment_status":"","ping_status":"","sticky":false,"template":"","format":"standard","meta":{"footnotes":""},"categories":[9653],"tags":[1111,11,2430,7539,1777,674,10282,10283,1011,27,12,25,4001,104],"class_list":{"0":"post-269932","1":"post","2":"type-post","3":"status-publish","4":"format-standard","5":"has-post-thumbnail","7":"category-saint-etienne","8":"tag-actu","9":"tag-actualites","10":"tag-auvergne-rhone-alpes","11":"tag-edition-loire-sud","12":"tag-eu","13":"tag-europe","14":"tag-firminy","15":"tag-firminy-ville","16":"tag-fr","17":"tag-france","18":"tag-news","19":"tag-republique-francaise","20":"tag-saint-etienne","21":"tag-societe"},"share_on_mastodon":{"url":"https:\/\/pubeurope.com\/@fr\/114907034635197399","error":""},"_links":{"self":[{"href":"https:\/\/www.europesays.com\/fr\/wp-json\/wp\/v2\/posts\/269932","targetHints":{"allow":["GET"]}}],"collection":[{"href":"https:\/\/www.europesays.com\/fr\/wp-json\/wp\/v2\/posts"}],"about":[{"href":"https:\/\/www.europesays.com\/fr\/wp-json\/wp\/v2\/types\/post"}],"author":[{"embeddable":true,"href":"https:\/\/www.europesays.com\/fr\/wp-json\/wp\/v2\/users\/2"}],"replies":[{"embeddable":true,"href":"https:\/\/www.europesays.com\/fr\/wp-json\/wp\/v2\/comments?post=269932"}],"version-history":[{"count":0,"href":"https:\/\/www.europesays.com\/fr\/wp-json\/wp\/v2\/posts\/269932\/revisions"}],"wp:featuredmedia":[{"embeddable":true,"href":"https:\/\/www.europesays.com\/fr\/wp-json\/wp\/v2\/media\/269933"}],"wp:attachment":[{"href":"https:\/\/www.europesays.com\/fr\/wp-json\/wp\/v2\/media?parent=269932"}],"wp:term":[{"taxonomy":"category","embeddable":true,"href":"https:\/\/www.europesays.com\/fr\/wp-json\/wp\/v2\/categories?post=269932"},{"taxonomy":"post_tag","embeddable":true,"href":"https:\/\/www.europesays.com\/fr\/wp-json\/wp\/v2\/tags?post=269932"}],"curies":[{"name":"wp","href":"https:\/\/api.w.org\/{rel}","templated":true}]}}