{"id":26994,"date":"2025-04-15T16:45:08","date_gmt":"2025-04-15T16:45:08","guid":{"rendered":"https:\/\/www.europesays.com\/fr\/26994\/"},"modified":"2025-04-15T16:45:08","modified_gmt":"2025-04-15T16:45:08","slug":"pres-de-nice-philippe-elu-municipal-a-ete-agresse-en-pleine-rue-ma-famille-a-peur","status":"publish","type":"post","link":"https:\/\/www.europesays.com\/fr\/26994\/","title":{"rendered":"Pr\u00e8s de Nice. Philippe, \u00e9lu municipal, a \u00e9t\u00e9 agress\u00e9 en pleine rue : \u00ab\u00a0Ma famille a peur\u00a0\u00bb"},"content":{"rendered":"<p>            Par<br \/>\n        <strong><br \/>\n            <a href=\"https:\/\/actu.fr\/auteur\/ugo-maillard\" title=\"Consulter tous les articles de Ugo Maillard\" rel=\"nofollow noopener\" target=\"_blank\">Ugo Maillard<\/a><br \/>\n        <\/strong><\/p>\n<p>        Publi\u00e9 le<\/p>\n<p>            15 avr. 2025 \u00e0 17h19        <\/p>\n<p>Deux semaines se sont \u00e9coul\u00e9es depuis son agression. Philippe Touzeau-Menoni, conseiller municipal \u00e0 Cagnes-sur-Mer (<a href=\"https:\/\/actu.fr\/provence-alpes-cote-d-azur\/alpes-maritimes_06\" rel=\"nofollow noopener\" target=\"_blank\">Alpes-Maritimes<\/a>), a \u00e9t\u00e9 pris \u00e0 partie par deux individus alors qu\u2019il \u00e9tait attabl\u00e9 dans un caf\u00e9 de la commune, situ\u00e9e pr\u00e8s de Nice.<\/p>\n<p>    <a href=\"https:\/\/www.google.com\/maps\/embed?pb=!1m18!1m12!1m3!1d46174.22508731646!2d7.108968600491453!3d43.67127688525682!2m3!1f0!2f0!3f0!3m2!1i1024!2i768!4f13.1!3m3!1m2!1s0x12cdd3a2d11dc9c9%3A0x5c4349fc32c96606!2sCagnes-sur-Mer!5e0!3m2!1sfr!2sfr!4v1744723019913!5m2!1sfr!2sfr\" title=\"Ouvrie le lien\" rel=\"nofollow noopener\" target=\"_blank\">Cliquez ici pour visualiser le contenu<\/a><\/p>\n<p class=\" wall-content\">Ces derniers l\u2019ont attir\u00e9 dans une petite rue et ont<strong> frapp\u00e9<\/strong> l\u2019\u00e9lu d\u2019opposition (sans \u00e9tiquette). Ce lundi 14\u00a0avril, soit plus de deux semaines apr\u00e8s l\u2019agression dont il a \u00e9t\u00e9 victime, Philippe Touzeau-Menoni est encore marqu\u00e9 physiquement.<\/p>\n<p class=\" wall-content\">\u00ab\u2009J\u2019ai le tympan qui me fait encore tr\u00e8s mal et la m\u00e2choire d\u00e9form\u00e9e\u2009\u00bb, constate l\u2019\u00e9lu. Il t\u00e9moigne aupr\u00e8s d\u2019<a href=\"https:\/\/actu.fr\/nice\/\" rel=\"nofollow noopener\" target=\"_blank\">actu Nice <\/a>et d\u00e9nonce des violences li\u00e9es \u00e0 ses prises de position \u00e0 la mairie de Cagnes.<\/p>\n<p>\u00ab\u2009Un cadeau aux gens du voyage\u2009\u00bb<\/p>\n<p class=\" wall-content\">Pour Philippe Touzeau-Menoni, le motif de l\u2019agression ne fait aucun doute\u2009: \u00ab\u2009Je me suis oppos\u00e9 \u00e0 la cr\u00e9ation d\u2019un lotissement social de <strong>40 logements<\/strong> \u00e0 des gens du voyage s\u00e9dentaris\u00e9s sur la commune. J\u2019ai la certitude que mes agresseurs sont issus de cette communaut\u00e9\u2009\u00bb.<\/p>\n<p>Vid\u00e9os : en ce moment sur Actu<\/p>\n<p class=\" wall-content\">Marqu\u00e9 physiquement et psychologiquement par cet \u00e9pisode, l\u2019\u00e9lu cagnois a d\u00e9cid\u00e9 de d\u00e9poser plainte. Plainte qui sera \u00ab\u2009instruite par le parquet\u2009\u00bb dans les prochains jours.<\/p>\n<blockquote class=\"ac-article-quote wall-content\">\n<p>C&rsquo;est un cadeau de la mairie aux gens du voyage de donner ce terrain communal en pleine zone agricole.<\/p>\n<p>    <strong>Philippe Touzeau-Menoni<\/strong><br \/>\n        Elu d&rsquo;opposition \u00e0 Cagnes-sur-Mer    <\/p><\/blockquote>\n<p class=\" wall-content\">L\u2019\u00e9lu d\u2019opposition a \u00e9galement demand\u00e9 une protection fonctionnelle, ce qui implique que ses frais d\u2019avocat sont pris en charge par la mairie.<\/p>\n<p class=\" wall-content\">Pour l\u2019heure, ses deux agresseurs sont toujours en libert\u00e9 puisqu\u2019aucune interpellation n\u2019a eu lieu.<\/p>\n<p>\u00ab\u2009Ma famille a peur, moi non\u2009\u00bb<\/p>\n<p class=\" wall-content\">Si le motif de l\u2019agression n\u2019est pas reconnu par la justice, Philippe n\u2019en d\u00e9mord pas\u2009: \u00ab\u2009J\u2019ai \u00e9t\u00e9 vis\u00e9, car je refuse que cette communaut\u00e9 de 40\u00a0familles s\u2019installe sur la commune. Ils sont connus pour \u00eatre source de probl\u00e8me, contrairement \u00e0 d\u2019autres gens du voyage s\u00e9dentaris\u00e9s et tr\u00e8s respectueux\u2009\u00bb.<\/p>\n<p class=\" wall-content\">L\u2019\u00e9lu qui confie \u00e0 notre r\u00e9daction recevoir r\u00e9guli\u00e8rement des menaces ne compte pas abandonner son combat politique.<\/p>\n<p class=\" wall-content\">\u00ab\u2009Ma famille, mes proches ont peur, moi non. Je ne suis pas plus courageux qu\u2019un autre, mais je n\u2019ai pas l\u2019habitude de baisser les yeux\u2009\u00bb, assure le Cagnois.<\/p>\n<p class=\" wall-content\">Il l\u2019assure \u00e0 actu Nice, \u00ab\u2009je repartirai sur une liste pour les \u00e9lections municipales de 2026, s\u00fbrement pour la mener\u2009\u00bb.<\/p>\n<p class=\" wall-content\">\u00c0 noter que Louis N\u00e8gre est le maire de Cagnes-sur-Mer depuis 1995.\u00a0<\/p>\n<p class=\" wall-content\">Suivez toute l\u2019actualit\u00e9 de vos villes et m\u00e9dias favoris en vous inscrivant \u00e0 <a href=\"https:\/\/moncompte.actu.fr\" title=\"D\u00e9couvez Mon Actu\" rel=\"nofollow noopener\" data-trk=\"{&quot;cta&quot;:{&quot;action&quot;:&quot;https:\\\/\\\/moncompte.actu.fr&quot;,&quot;category&quot;:&quot;mon compte&quot;,&quot;from&quot;:&quot;article footer&quot;,&quot;name&quot;:&quot;Mon actu&quot;,&quot;type&quot;:&quot;cta&quot;}}\" target=\"_blank\">Mon Actu<\/a>.<\/p>\n<ul class=\"ac-article-tag wall-content\">\n<li><a href=\"https:\/\/actu.fr\/tag\/police\" data-trk=\"{&quot;cta&quot;:{&quot;action&quot;:&quot;Police&quot;,&quot;category&quot;:&quot;tag&quot;,&quot;from&quot;:&quot;article footer&quot;,&quot;name&quot;:&quot;Police&quot;,&quot;type&quot;:&quot;cta&quot;}}\" rel=\"nofollow noopener\" target=\"_blank\">#Police<\/a><\/li>\n<li><a href=\"https:\/\/actu.fr\/tag\/violences-contre-les-elus\" data-trk=\"{&quot;cta&quot;:{&quot;action&quot;:&quot;Violences contre les \\u00e9lus&quot;,&quot;category&quot;:&quot;tag&quot;,&quot;from&quot;:&quot;article footer&quot;,&quot;name&quot;:&quot;Violences contre les \\u00e9lus&quot;,&quot;type&quot;:&quot;cta&quot;}}\" rel=\"nofollow noopener\" target=\"_blank\">#Violences contre les \u00e9lus<\/a><\/li>\n<\/ul>\n","protected":false},"excerpt":{"rendered":"Par Ugo Maillard Publi\u00e9 le 15 avr. 2025 \u00e0 17h19 Deux semaines se sont \u00e9coul\u00e9es depuis son agression.&hellip;\n","protected":false},"author":2,"featured_media":26995,"comment_status":"","ping_status":"","sticky":false,"template":"","format":"standard","meta":{"footnotes":""},"categories":[2819],"tags":[1111,11,1777,674,118,1011,27,12,2401,1072,882,25,9547],"class_list":{"0":"post-26994","1":"post","2":"type-post","3":"status-publish","4":"format-standard","5":"has-post-thumbnail","7":"category-nice","8":"tag-actu","9":"tag-actualites","10":"tag-eu","11":"tag-europe","12":"tag-faits-divers","13":"tag-fr","14":"tag-france","15":"tag-news","16":"tag-nice","17":"tag-police","18":"tag-provence-alpes-cote-dazur","19":"tag-republique-francaise","20":"tag-violences-contre-les-elus"},"share_on_mastodon":{"url":"https:\/\/pubeurope.com\/@fr\/114342993832552749","error":""},"_links":{"self":[{"href":"https:\/\/www.europesays.com\/fr\/wp-json\/wp\/v2\/posts\/26994","targetHints":{"allow":["GET"]}}],"collection":[{"href":"https:\/\/www.europesays.com\/fr\/wp-json\/wp\/v2\/posts"}],"about":[{"href":"https:\/\/www.europesays.com\/fr\/wp-json\/wp\/v2\/types\/post"}],"author":[{"embeddable":true,"href":"https:\/\/www.europesays.com\/fr\/wp-json\/wp\/v2\/users\/2"}],"replies":[{"embeddable":true,"href":"https:\/\/www.europesays.com\/fr\/wp-json\/wp\/v2\/comments?post=26994"}],"version-history":[{"count":0,"href":"https:\/\/www.europesays.com\/fr\/wp-json\/wp\/v2\/posts\/26994\/revisions"}],"wp:featuredmedia":[{"embeddable":true,"href":"https:\/\/www.europesays.com\/fr\/wp-json\/wp\/v2\/media\/26995"}],"wp:attachment":[{"href":"https:\/\/www.europesays.com\/fr\/wp-json\/wp\/v2\/media?parent=26994"}],"wp:term":[{"taxonomy":"category","embeddable":true,"href":"https:\/\/www.europesays.com\/fr\/wp-json\/wp\/v2\/categories?post=26994"},{"taxonomy":"post_tag","embeddable":true,"href":"https:\/\/www.europesays.com\/fr\/wp-json\/wp\/v2\/tags?post=26994"}],"curies":[{"name":"wp","href":"https:\/\/api.w.org\/{rel}","templated":true}]}}