{"id":269942,"date":"2025-07-24T07:39:14","date_gmt":"2025-07-24T07:39:14","guid":{"rendered":"https:\/\/www.europesays.com\/fr\/269942\/"},"modified":"2025-07-24T07:39:14","modified_gmt":"2025-07-24T07:39:14","slug":"inma-rouen-inaugure-son-tout-premier-forum-des-projets-et-accueille-son-nouveau-directeur","status":"publish","type":"post","link":"https:\/\/www.europesays.com\/fr\/269942\/","title":{"rendered":"In&#038;Ma Rouen inaugure son tout premier Forum des Projets et accueille son nouveau directeur"},"content":{"rendered":"<p>\n                    En poste depuis le 10 juin 2025, \u00c9ric Mauboussin est le nouveau directeur du campus In&amp;Ma de Rouen. Avec les apprenants, il vient d\u2019\u00e9trenner son tout premier Forum des Projets. Un temps fort qui, au-del\u00e0 du dipl\u00f4me, vient cl\u00f4turer dix mois de travail en mode projet, en lien avec des probl\u00e9matiques industrielles ou li\u00e9es \u00e0 la vie du campus\u2026                <\/p>\n<p class=\"pf0\">In&amp;Ma, \u00c9cole Sup\u00e9rieure de la Performance, ouverte depuis le 21 septembre 2023 \u00e0 Rouen et inaugur\u00e9e le 8 novembre de cette m\u00eame ann\u00e9e, est sp\u00e9cialis\u00e9e dans les formations dipl\u00f4mantes de Bac +4 \u00e0 Bac +5 en alternance, principalement dans les domaines de l\u2019ing\u00e9nierie d\u2019affaires et du management industriel, en lien \u00e9troit avec les besoins des entreprises locales. Depuis plus de 30 ans, cette \u00e9cole cr\u00e9\u00e9e par les CCI* et aujourd\u2019hui pr\u00e9sente sur quatre campus (Albi, Ch\u00e2lons, La R\u00e9union et Rouen) forme les futurs chefs de projet de l\u2019industrie ou responsables de sites industriels.<\/p>\n<p class=\"pf0\">Pour \u00c9ric Mauboussin, ancien directeur de site industriel dans le secteur automobile et \u00e0 la t\u00eate du campus In&amp;Ma Rouen depuis le 10 juin dernier, l\u2019excellence op\u00e9rationnelle \u00e0 laquelle forme le campus est au c\u0153ur de la comp\u00e9titivit\u00e9 des entreprises. \u00ab Nous r\u00e9pondons \u00e0 une v\u00e9ritable attente des entreprises du territoire, dans la mesure o\u00f9 69 % de nos apprenants sont en alternance dans des entreprises locales, les autres \u00e9tant en poste dans des entreprises limitrophes. De plus, ils passent 70 % de leur temps en entreprise, ce qui leur permet de s\u2019immerger pleinement dans leur univers industriel \u00bb, explique le nouveau directeur.<\/p>\n<p class=\"pf0\">Des apprenants qui ont derni\u00e8rement \u00e9t\u00e9 encourag\u00e9s \u00e0 se d\u00e9passer en un minimum de temps\u2026 Alors qu\u2019ils pensaient restituer de mani\u00e8re tr\u00e8s institutionnelle le fruit de dix mois de travail en mode projet r\u00e9alis\u00e9 au cours de leur cursus, les \u00e9tudiants du Mast\u00e8re \u00ab Experts en Management de Projets Industriels et en Excellence Op\u00e9rationnelle \u00bb ont \u00e9t\u00e9 inform\u00e9s qu\u2019ils disposaient de cinq jours pour imaginer une pr\u00e9sentation collective de leur r\u00e9flexion : le tout premier Forum des Projets !<\/p>\n<p class=\"pf0\">\u00ab Ce forum est l\u2019occasion pour les 22 porteurs de projets (78 apprenants au total) de vendre leurs solutions. Il s\u2019agit d\u2019un exercice p\u00e9dagogique qui a pour but de les obliger \u00e0 rapidement se repositionner : quelle est ma cible ? Comment r\u00e9sumer et pr\u00e9senter le plus efficacement possible mon travail ? \u00bb, d\u00e9taille C\u00e9dric Facon, responsable p\u00e9dagogique au sein d\u2019In&amp;Ma Rouen. Ainsi, c\u2019est tout le plateau de formation de l\u2019\u00e9cole qui, le temps d\u2019une journ\u00e9e, s\u2019est retrouv\u00e9 transform\u00e9 en un salon professionnel grandeur nature, o\u00f9 chaque stand se devait d\u2019\u00eatre le plus convaincant possible quant au travail r\u00e9alis\u00e9.<\/p>\n<p class=\"pf0\">Au programme, des th\u00e9matiques aussi vari\u00e9es que l\u2019industrie et l\u2019IA, la supply chain, le management visuel, l\u2019industrie 4.0, la strat\u00e9gie et le management RH, le bilan carbone, la tra\u00e7abilit\u00e9 et la RFID\u2026 \u00ab Nous avons con\u00e7u un jeu qui permet de faire le point sur l\u2019\u00e9tat de vos connaissances en mati\u00e8re d\u2019excellence op\u00e9rationnelle\u2026 Cet outil p\u00e9dagogique, nous l\u2019avons imagin\u00e9 pour des personnes qui s\u2019interrogent sur leur orientation, de fa\u00e7on \u00e0 ce qu\u2019elles puissent d\u00e9couvrir toute l\u2019\u00e9tendue des m\u00e9tiers qu\u2019il est possible d\u2019exercer. Et en g\u00e9n\u00e9ral, cela marque plus qu\u2019une simple plaquette d\u2019\u00e9cole\u2026 \u00bb, expliquent les porteurs de projet de ce premier atelier rencontr\u00e9.<\/p>\n<p class=\"pf0\">\u00c0 leurs c\u00f4t\u00e9s, RSE\u2019Up a fait le choix de s\u2019organiser en soci\u00e9t\u00e9 pour proposer des formations relatives au CSRD (directive relative \u00e0 la publication d\u2019informations en mati\u00e8re de durabilit\u00e9 par les entreprises), qui constituera prochainement une nouvelle obligation de reporting pour les entreprises, et dont plus de 77 % ne connaissent pas l\u2019existence\u2026<\/p>\n<p class=\"pf0\">\u00ab Tous les cas pr\u00e9sent\u00e9s par les apprenants correspondent \u00e0 des probl\u00e9matiques concr\u00e8tes auxquelles ils peuvent \u00eatre confront\u00e9s en entreprise ou sur leur lieu d\u2019apprentissage, l\u2019id\u00e9e \u00e9tant de toujours \u00eatre en prise directe avec le r\u00e9el \u00bb, assure C\u00e9dric Facon.<\/p>\n","protected":false},"excerpt":{"rendered":"En poste depuis le 10 juin 2025, \u00c9ric Mauboussin est le nouveau directeur du campus In&amp;Ma de Rouen.&hellip;\n","protected":false},"author":2,"featured_media":269943,"comment_status":"","ping_status":"","sticky":false,"template":"","format":"standard","meta":{"footnotes":""},"categories":[9587],"tags":[1111,11,13086,1777,674,40923,1011,27,13090,40924,12,5161,25,9590],"class_list":{"0":"post-269942","1":"post","2":"type-post","3":"status-publish","4":"format-standard","5":"has-post-thumbnail","7":"category-rouen","8":"tag-actu","9":"tag-actualites","10":"tag-cci-rouen-metropole","11":"tag-eu","12":"tag-europe","13":"tag-forum-des-projets","14":"tag-fr","15":"tag-france","16":"tag-inma","17":"tag-inma-rouen","18":"tag-news","19":"tag-normandie","20":"tag-republique-francaise","21":"tag-rouen"},"share_on_mastodon":{"url":"https:\/\/pubeurope.com\/@fr\/114907077841681103","error":""},"_links":{"self":[{"href":"https:\/\/www.europesays.com\/fr\/wp-json\/wp\/v2\/posts\/269942","targetHints":{"allow":["GET"]}}],"collection":[{"href":"https:\/\/www.europesays.com\/fr\/wp-json\/wp\/v2\/posts"}],"about":[{"href":"https:\/\/www.europesays.com\/fr\/wp-json\/wp\/v2\/types\/post"}],"author":[{"embeddable":true,"href":"https:\/\/www.europesays.com\/fr\/wp-json\/wp\/v2\/users\/2"}],"replies":[{"embeddable":true,"href":"https:\/\/www.europesays.com\/fr\/wp-json\/wp\/v2\/comments?post=269942"}],"version-history":[{"count":0,"href":"https:\/\/www.europesays.com\/fr\/wp-json\/wp\/v2\/posts\/269942\/revisions"}],"wp:featuredmedia":[{"embeddable":true,"href":"https:\/\/www.europesays.com\/fr\/wp-json\/wp\/v2\/media\/269943"}],"wp:attachment":[{"href":"https:\/\/www.europesays.com\/fr\/wp-json\/wp\/v2\/media?parent=269942"}],"wp:term":[{"taxonomy":"category","embeddable":true,"href":"https:\/\/www.europesays.com\/fr\/wp-json\/wp\/v2\/categories?post=269942"},{"taxonomy":"post_tag","embeddable":true,"href":"https:\/\/www.europesays.com\/fr\/wp-json\/wp\/v2\/tags?post=269942"}],"curies":[{"name":"wp","href":"https:\/\/api.w.org\/{rel}","templated":true}]}}