{"id":269947,"date":"2025-07-24T07:44:08","date_gmt":"2025-07-24T07:44:08","guid":{"rendered":"https:\/\/www.europesays.com\/fr\/269947\/"},"modified":"2025-07-24T07:44:08","modified_gmt":"2025-07-24T07:44:08","slug":"en-plus-des-bornes-le-relais-comment-donner-une-seconde-vie-a-ses-vetements","status":"publish","type":"post","link":"https:\/\/www.europesays.com\/fr\/269947\/","title":{"rendered":"en plus des bornes Le Relais, comment donner une seconde vie \u00e0 ses v\u00eatements\u00a0?"},"content":{"rendered":"<p>            Par<br \/>\n        <strong><br \/>\n            <a href=\"https:\/\/actu.fr\/auteur\/lou-batteux\" title=\"Consulter tous les articles de Lou Batteux\" rel=\"nofollow noopener\" target=\"_blank\">Lou Batteux<\/a><br \/>\n        <\/strong><\/p>\n<p>        Publi\u00e9 le<\/p>\n<p>            24 juil. 2025 \u00e0 9h34        <\/p>\n<p>Lorsque Le Relais a interrompu ses collectes de v\u00eatements et interdit l\u2019acc\u00e8s \u00e0 ses bornes partout en France le mardi 15 juillet, des dizaines de sacs de v\u00eatements usag\u00e9s se sont empil\u00e9s devant les conteneurs. Pourtant, il existe <strong>de nombreuses autres adresses \u00e0 Rennes qui r\u00e9cup\u00e8rent vos vieilles affaires<\/strong> pour les revendre, les recycler ou les donner.<\/p>\n<p>Des associations locales<\/p>\n<ul class=\" wall-content\">\n<li><strong>Le Tri solidaire du Secours catholique<\/strong><\/li>\n<\/ul>\n<p class=\" wall-content\">L\u2019association qui vient en aide aux plus d\u00e9munis se mobilise \u00e0 Rennes. Deux jours par semaine, les 12 b\u00e9n\u00e9voles du <strong>Tissu solidaire, un atelier de tri initi\u00e9 par le Secours catholique<\/strong>, recueillent et trient les dons de v\u00eatements avant de les vendre \u00e0 <strong>la boutique La Griffe solidaire <\/strong>(25, rue Guillaume-Lejean, \u00e0 Rennes).<\/p>\n<p class=\" wall-content\">Si vous souhaitez donner vos <strong>v\u00eatements, chaussures, linge de maison<\/strong> (serviettes de toilette, draps, housses de couette\u2026), ou encore vos<strong> articles de maroquinerie et bijoux fantaisie<\/strong>, rendez-vous au Tissu solidaire, place d\u2019Erlangen, au sein du centre paroissial Saint-Jean-Marie-Vianney dans le quartier Maurepas-Patton (dirigez-vous vers la porte 8).<\/p>\n<p class=\" wall-content\">Les d\u00e9p\u00f4ts sont possibles <strong>le mercredi et le jeudi, de 14h \u00e0 17h<\/strong>. En dehors de ces horaires, vous y trouverez un <strong>conteneur d\u00e9di\u00e9<\/strong>. Les b\u00e9n\u00e9voles demandent \u00e0 ce que les articles donn\u00e9s soient en <strong>bon \u00e9tat, propres, id\u00e9alement repass\u00e9s et adapt\u00e9s \u00e0 la saison<\/strong> pour \u00e9viter d\u2019encombrer l\u2019espace de stockage.<\/p>\n<p>Retrouvez plus d\u2019informations sur <a href=\"https:\/\/illeetvilaine.secours-catholique.org\/notre-actualite\/rennes-ou-quand-et-comment-donner-des-vetements\" rel=\"nofollow noopener\" target=\"_blank\">le site du Secours catholique<\/a> ou en contactant directement le Tri solidaire au 06 84 85 08 09.<\/p>\n<p>\u00a0<\/p>\n<ul class=\" wall-content\">\n<li><strong>La boutique solidaire Chez Henry<\/strong><\/li>\n<\/ul>\n<p class=\" wall-content\">L\u2019association d\u2019aide humanitaire <strong>La Croix-Rouge dispose de nombreuses boutiques solidaires en France<\/strong>. \u00c0 Rennes, la boutique <strong>Chez Henry, au 13, rue du Chapitre<\/strong>, propose \u00ab\u00a0une large offre de v\u00eatements de seconde main de qualit\u00e9 et \u00e0 petit prix, issue de dons collect\u00e9s aupr\u00e8s de particuliers et de partenaires engag\u00e9s\u00a0\u00bb peut-on lire sur <a href=\"https:\/\/www.croix-rouge.fr\/unite-locale-de-rennes#missions\" rel=\"nofollow noopener\" target=\"_blank\">le site de l\u2019association<\/a>.<\/p>\n<p class=\" wall-content\">Il est possible d\u2019y d\u00e9poser vos <strong>v\u00eatements, sacs, chaussures ou accessoires<\/strong> aux heures d\u2019ouverture du magasin : <strong>le mardi et le jeudi, de 14h30 \u00e0 19h<\/strong>, ainsi que <strong>le mercredi, le vendredi et le samedi de 10h \u00e0 19h<\/strong>.<\/p>\n<p>Pour plus d\u2019informations, contactez la boutique au 02 21 07 05 02.<\/p>\n<p>\u00a0<\/p>\n<ul class=\" wall-content\">\n<li><strong>La communaut\u00e9 Emma\u00fcs de Rennes<\/strong><\/li>\n<\/ul>\n<p class=\" wall-content\">L\u2019association r\u00e9put\u00e9e pour donner une seconde vie \u00e0 vos objets re\u00e7oit et vend vos dons \u00e0 la\u00a0<strong>Communaut\u00e9 Emma\u00fcs de Rennes<\/strong><strong>, au 21, rue de la Doneli\u00e8re<\/strong>. V\u00eatements, meubles, livres, informatique, vaisselle, jouets\u2026 Vous pouvez vous d\u00e9barrasser de vos affaires en <strong>les d\u00e9posant \u00e0 cette<\/strong><strong>\u00a0<\/strong><strong>salle de vente de Rennes<\/strong>\u00a0le mardi, entre 14h et 17h30, ainsi que le mercredi, le vendredi et le samedi de 10h \u00e0 12h30 et de 14h \u00e0 17h30.<\/p>\n<p class=\" wall-content\">Pour les gros objets plus encombrants, <strong>un service de ramassage gratuit \u00e0 domicile<\/strong> est propos\u00e9 sur la r\u00e9gion. Pour cela, il faut appeler le 02 99 45 45 36 et convenir d\u2019un rendez-vous pour le retrait.<\/p>\n<p class=\" wall-content\">Toutes les trois semaines environ, dans diff\u00e9rents quartiers de la capitale bretonne, une d\u00e9ch\u00e8terie mobile constitu\u00e9e de deux conteneurs maritimes vient directement \u00e0 vous pour collecter les objets dont vous ne vous servez plus. En mars 2024, Rennes M\u00e9tropole, en partenariat avec Suez, a fait \u00e9voluer la d\u00e9ch\u00e8terie mobile \u00ab\u00a0classique\u00a0\u00bb, d\u00e9j\u00e0 existante depuis 2019 dans la ville, en cette Tri-troc mobile, int\u00e9grant un <strong>espace de trocs gratuits pour les objets en bon \u00e9tat<\/strong>.<\/p>\n<p class=\" wall-content\">Au sein de l\u2019espace de tri, il est possible de d\u00e9poser plusieurs d\u00e9chets tels que vos encombrants, \u00e9quipements \u00e9lectriques et \u00e9lectroniques, cartons, ferrailles, d\u00e9chets dangereux (solvants, peintures\u2026), huiles, pneus, piles, textiles. \u00ab\u00a0Les v\u00e9g\u00e9taux, les gravats, le pl\u00e2tre et l\u2019amiante ne sont pas accept\u00e9s\u00a0\u00bb, informe Rennes Ville et M\u00e9tropole sur <a href=\"https:\/\/www.facebook.com\/metropole.rennes\/photos\/la-tri-troc-mobile-vous-connaissez-pas-besoin-de-se-rendre-en-d%C3%A9cheterie-cest-el\/1121230333368345\/?_rdr\" rel=\"nofollow noopener\" target=\"_blank\">sa page Facebook<\/a>.<\/p>\n<blockquote class=\"ac-article-quote wall-content\">\n<p>\u00c0 l&rsquo;espace dons ou troc, vous pouvez y laisser ou prendre gratuitement des objets en bon \u00e9tat : jouets, livres, pu\u00e9riculture, petits meubles, etc. Les objets ne trouvant pas preneur sont donn\u00e9s \u00e0 une association.<\/p>\n<p>    <strong>Rennes Ville et M\u00e9tropole <\/strong>\n            <\/p><\/blockquote>\n<p class=\" wall-content\">Cette semaine, la Tric-Troc mobile se d\u00e9place dans <strong>les quartiers de Br\u00e9quigny et du Blosne<\/strong>. Retrouvez plus d\u2019informations concernant les dates et horaires de passage sur <a href=\"https:\/\/dechets.metropole.rennes.fr\/les-rendez-vous-dechets\/\" rel=\"nofollow noopener\" target=\"_blank\">le site de la m\u00e9tropole rennaise<\/a>.<\/p>\n<p>Contactez le num\u00e9ro info d\u00e9chets 02 23 62 26 22 pour plus de renseignements.<\/p>\n<p>Utopia 56, l\u2019association pour les exil\u00e9s<\/p>\n<p class=\" wall-content\">\u00ab\u00a0\u00c0 Rennes, plusieurs centaines de personnes sont contraintes de vivre \u00e0 la rue, dans des conditions d\u2019extr\u00eame pr\u00e9carit\u00e9\u00a0\u00bb, expose l\u2019association sur <a href=\"https:\/\/utopia56.org\/rennes-3\/\" rel=\"nofollow noopener\" target=\"_blank\">son site<\/a>.<\/p>\n<p class=\" wall-content\">Depuis 2015, les b\u00e9n\u00e9voles d\u2019Utopia 56 apportent une aide d\u2019urgence aux personnes SDF, accompagnent les mineurs en proc\u00e9dure de recours et assurent deux tourn\u00e9es sociales hebdomadaires \u00e0 destination de toute personne dans le besoin. Lors de celles-ci, des dons financiers ou mat\u00e9riels, effectu\u00e9s par des particuliers au pr\u00e9alable, sont distribu\u00e9s aux personnes concern\u00e9es.<\/p>\n<p class=\" wall-content\">V\u00eatements, produits d\u2019hygi\u00e8ne, couvertures, tentes\u2026 Pour <strong>effectuer un don mat\u00e9riel<\/strong>, contactez l\u2019association via <a href=\"https:\/\/utopia56.net\/faire-un-don-materiel\/\" rel=\"nofollow noopener\" target=\"_blank\">un formulaire sur son site<\/a>, ou par mail \u00e0 <a href=\"https:\/\/actu.fr\/cdn-cgi\/l\/email-protection\" class=\"__cf_email__\" data-cfemail=\"f0949f9e83b085849f809991c5c6de9f8297\" rel=\"nofollow noopener\" target=\"_blank\">[email\u00a0protected]<\/a> ou encore par t\u00e9l\u00e9phone au 07 53 36 51 91.<\/p>\n<p>Des points de collecte dans plusieurs magasins<\/p>\n<p class=\" wall-content\">\u00c0 Rennes, plusieurs enseignes organisent \u00e9galement des collectes de v\u00eatements au sein de leur boutique, <strong>sans forc\u00e9ment exiger que les articles soient issus de leur marque<\/strong>. Voici une<strong> liste non exhaustive<\/strong> de celles-ci.<\/p>\n<p class=\" wall-content\">Les magasins Zara, au 5, Quai Lamartine et dans le centre commercial Alma, disposent de conteneurs pour la collecte de v\u00eatements usag\u00e9s. Votre don doit \u00eatre <strong>emball\u00e9 dans un colis bien scell\u00e9.<\/strong> Les chaussures, accessoires et bijoux fantaisie sont aussi accept\u00e9s.<\/p>\n<p class=\" wall-content\"><a href=\"https:\/\/www.zara.com\/fr\/fr\/preowned-donate-mkt5798.html?v1=2317177\" rel=\"nofollow noopener\" target=\"_blank\">Sur son site<\/a>, Zara explique que \u00ab\u00a0tous les v\u00eatements collect\u00e9s sont remis \u00e0 des organisations locales, qui les trient en fonction de leur \u00e9tat et de leur qualit\u00e9\u00a0\u00bb. Ils sont ensuite soit remis \u00e0 des personnes menac\u00e9es d\u2019exclusion, soit vendus dans des magasins de seconde main, soit recycl\u00e9s.<\/p>\n<p class=\" wall-content\">Depuis 2013, H&amp;M propose un service de collecte de v\u00eatements dans tous ses magasins. \u00c0 Rennes, dans les magasins H&amp;M implant\u00e9s <strong>au sein des centres commerciaux Carrefour Rennes Cesson, E. Leclerc Saint-Gr\u00e9goire et La Visitation<\/strong>, vous pouvez rapporter n\u2019importe quel textile, peu importe son \u00e9tat d\u2019usage et sa marque.<\/p>\n<blockquote class=\"ac-article-quote wall-content\">\n<p>Les v\u00eatements collect\u00e9s sont ensuite pris en charge par la soci\u00e9t\u00e9 I:CO, partenaire de H&amp;M, qui poss\u00e8de les infrastructures n\u00e9cessaires pour leur offrir une seconde vie. Ils sont tri\u00e9s selon de nombreux crit\u00e8res, pour \u00eatre ensuite soit port\u00e9s \u00e0 nouveau, r\u00e9utilis\u00e9s en chiffon, recycl\u00e9s ou utilis\u00e9s pour produire de l\u2019\u00e9nergie.<\/p>\n<p>    <strong>H&amp;M<\/strong><br \/>\n        Cha\u00eene de magasins de pr\u00eat-\u00e0-porter    <\/p><\/blockquote>\n<p class=\" wall-content\">Il vous suffit de pr\u00e9senter votre sac de v\u00eatements \u00e0 recycler<strong> en caisse<\/strong> et vous recevrez un <strong>bon de r\u00e9duction<\/strong> en prime.<\/p>\n<p class=\" wall-content\">Les magasins Oka\u00efdi, dont celui du <strong>centre commercial Grand Quartier, Rennes Alma et Cerrefour Rennes Cesson<\/strong>\u00a0sont \u00e9quip\u00e9s de bornes de collecte afin de r\u00e9cup\u00e9rer les v\u00eatements, chaussures et linge de maison en fin de vie. \u00ab\u00a0Quels que soient leur marque et leur \u00e9tat, nous les acceptons tous !\u00a0\u00bb informe l\u2019enseigne sur <a href=\"https:\/\/www.okaidi.fr\/eko-pour-un-monde-plus-responsable\/mois-du-recyclage\" rel=\"nofollow noopener\" target=\"_blank\">son site<\/a>. Vos vieilles affaires seront ensuite transform\u00e9es en de nouveaux v\u00eatements ou produits.<\/p>\n<p class=\" wall-content\">Chez Faguo, au 3, rue de la Motte Fablet, \u00e0 Rennes, vos v\u00eatements \u2013 <strong>de la marque uniquement<\/strong> \u2013 peuvent b\u00e9n\u00e9ficier d\u2019une seconde vie. Vous pouvez rapporter votre pi\u00e8ce Faguo, lav\u00e9e et pli\u00e9e, peu importe son anciennet\u00e9, en magasin et le responsable boutique \u00e9value l\u2019\u00e9tat de l\u2019article. Vous pourrez ensuite recevoir <strong>un bon d\u2019achat<\/strong> d\u2019une valeur allant jusqu\u2019\u00e0 25 % de celle initiale de votre pi\u00e8ce.<\/p>\n<p class=\" wall-content\">Dans chaque boutique Faguo, un corner \u00ab\u00a0seconde vie\u00a0\u00bb est disponible et propose des pi\u00e8ces en tr\u00e8s bon \u00e9tat \u00e0 prix doux.<\/p>\n<p class=\" wall-content\">Suivez toute l\u2019actualit\u00e9 de vos villes et m\u00e9dias favoris en vous inscrivant \u00e0 <a href=\"https:\/\/moncompte.actu.fr\" title=\"D\u00e9couvez Mon Actu\" rel=\"nofollow noopener\" data-trk=\"{&quot;cta&quot;:{&quot;action&quot;:&quot;https:\\\/\\\/moncompte.actu.fr&quot;,&quot;category&quot;:&quot;mon compte&quot;,&quot;from&quot;:&quot;article footer&quot;,&quot;name&quot;:&quot;Mon actu&quot;,&quot;type&quot;:&quot;cta&quot;}}\" target=\"_blank\">Mon Actu<\/a>.<\/p>\n","protected":false},"excerpt":{"rendered":"Par Lou Batteux Publi\u00e9 le 24 juil. 2025 \u00e0 9h34 Lorsque Le Relais a interrompu ses collectes de&hellip;\n","protected":false},"author":2,"featured_media":269948,"comment_status":"","ping_status":"","sticky":false,"template":"","format":"standard","meta":{"footnotes":""},"categories":[2821],"tags":[1111,11,829,215,37652,1777,674,1011,27,12,584,25,104,3400],"class_list":{"0":"post-269947","1":"post","2":"type-post","3":"status-publish","4":"format-standard","5":"has-post-thumbnail","7":"category-rennes","8":"tag-actu","9":"tag-actualites","10":"tag-bretagne","11":"tag-commerce","12":"tag-emmaus","13":"tag-eu","14":"tag-europe","15":"tag-fr","16":"tag-france","17":"tag-news","18":"tag-rennes","19":"tag-republique-francaise","20":"tag-societe","21":"tag-solidarite"},"share_on_mastodon":{"url":"https:\/\/pubeurope.com\/@fr\/114907097616300414","error":""},"_links":{"self":[{"href":"https:\/\/www.europesays.com\/fr\/wp-json\/wp\/v2\/posts\/269947","targetHints":{"allow":["GET"]}}],"collection":[{"href":"https:\/\/www.europesays.com\/fr\/wp-json\/wp\/v2\/posts"}],"about":[{"href":"https:\/\/www.europesays.com\/fr\/wp-json\/wp\/v2\/types\/post"}],"author":[{"embeddable":true,"href":"https:\/\/www.europesays.com\/fr\/wp-json\/wp\/v2\/users\/2"}],"replies":[{"embeddable":true,"href":"https:\/\/www.europesays.com\/fr\/wp-json\/wp\/v2\/comments?post=269947"}],"version-history":[{"count":0,"href":"https:\/\/www.europesays.com\/fr\/wp-json\/wp\/v2\/posts\/269947\/revisions"}],"wp:featuredmedia":[{"embeddable":true,"href":"https:\/\/www.europesays.com\/fr\/wp-json\/wp\/v2\/media\/269948"}],"wp:attachment":[{"href":"https:\/\/www.europesays.com\/fr\/wp-json\/wp\/v2\/media?parent=269947"}],"wp:term":[{"taxonomy":"category","embeddable":true,"href":"https:\/\/www.europesays.com\/fr\/wp-json\/wp\/v2\/categories?post=269947"},{"taxonomy":"post_tag","embeddable":true,"href":"https:\/\/www.europesays.com\/fr\/wp-json\/wp\/v2\/tags?post=269947"}],"curies":[{"name":"wp","href":"https:\/\/api.w.org\/{rel}","templated":true}]}}