{"id":269955,"date":"2025-07-24T07:48:11","date_gmt":"2025-07-24T07:48:11","guid":{"rendered":"https:\/\/www.europesays.com\/fr\/269955\/"},"modified":"2025-07-24T07:48:11","modified_gmt":"2025-07-24T07:48:11","slug":"nice-jazz-fest-au-menu-de-ce-jeudi","status":"publish","type":"post","link":"https:\/\/www.europesays.com\/fr\/269955\/","title":{"rendered":"Nice Jazz Fest : au menu de ce jeudi\u2026"},"content":{"rendered":"<p>                    <img loading=\"lazy\" decoding=\"async\" src=\"https:\/\/www.europesays.com\/fr\/wp-content\/uploads\/2025\/07\/a9acbcdf56589883750771a6f1795f.png\" class=\"img-responsive post-image\" width=\"680\" height=\"510\" alt=\"Nice Jazz Fest : au (\u2026)\" title=\"Nice Jazz Fest : au menu de ce jeudi\u2026\"\/><\/p>\n<p class=\"chapo\">Sur la place Mass\u00e9na, les \u00ab\u00a0hostilit\u00e9s\u00a0\u00bb seront ouvertes (19h30) par le duo Earth Gang venu directement d\u2019Atlanta. Il va proposer une musique hip-hop avec des accents de R&amp;B, de gospel, de funk et de jazz. Ensuite, la french touch interviendra avec Polo &amp; Pan (21 heures) avant de c\u00e9der la place en cl\u00f4ture (\u00e0 partir de 23 heures) \u00e0 la chanteuse britannique Raye qui est une valeur montante.<\/p>\n<p>Au th\u00e9\u00e2tre de Verdure, quatre concerts programm\u00e9s chaque jour, brassant des univers diff\u00e9rents. Ce soir, 19h15,<strong> Daoud<\/strong> enverra son \u00e9nergie audacieuse pour ce qui sera une d\u00e9couverte pour beaucoup. \u00c0 20h30, le<strong> Sullivan Fortner Trio.<\/strong> Le pianiste accompagne<strong> C\u00e9cile McLorin Salvant<\/strong> et fut un compagnon de route de <strong>Roy Hargrove<\/strong>. Il a re\u00e7u une victoire dans la cat\u00e9gorie \u00ab\u00a0Meilleure performance jazz\u00a0\u00bb aux Grammy.<\/p>\n<p>\u00c0 21h45 <strong>China Moses<\/strong>, fille de <strong>Dee Dee Bridgewater,<\/strong> partagera sa vision de la black american music de sa voix chaude et de sa personnalit\u00e9 p\u00e9tillante. Enfin, \u00e0 23 heures, la l\u00e9gende,<strong> Scot Scofied,<\/strong> guitariste historique des grands anciens (Miles, Mingus, Chet&#8230;) qui a depuis d\u00e9velopp\u00e9 une \u00e9blouissante carri\u00e8re sur un demi-si\u00e8cle, lib\u00e9rant ses arp\u00e8ges en tous genres (funk, blues, rock et m\u00eame\u2026 country).<br class=\"autobr\"\/><br \/>\n<strong><br class=\"autobr\"\/><br \/>\nApr\u00e8s les <a href=\"https:\/\/www.nicejazzfest.fr\/fr\/\" class=\"spip_out\" rel=\"external nofollow noopener\" target=\"_blank\">concerts sur Mass\u00e9na et au th\u00e9\u00e2tre de Verdure<\/a>, jam session pr\u00e8s du kiosque \u00e0 musique\u00a0: on n\u2019est pas couch\u00e9s\u2026<\/strong><\/p>\n<p>Lire aussi\u00a0: <a href=\"https:\/\/www.petitesaffiches.fr\/actualites,069\/economie,045\/les-grandes-ambitions-du-nice-jazz,36450.html\" rel=\"nofollow noopener\" target=\"_blank\">Les grandes ambitions du Nice Jazz Fest\u2019<\/a><\/p>\n<p>Photo de Une\u00a0: La chanteuse britannique Raye \u00a9DR<\/p>\n","protected":false},"excerpt":{"rendered":"Sur la place Mass\u00e9na, les \u00ab\u00a0hostilit\u00e9s\u00a0\u00bb seront ouvertes (19h30) par le duo Earth Gang venu directement d\u2019Atlanta. Il&hellip;\n","protected":false},"author":2,"featured_media":269956,"comment_status":"","ping_status":"","sticky":false,"template":"","format":"standard","meta":{"footnotes":""},"categories":[2819],"tags":[1111,11,2408,1777,674,1011,27,12,2401,882,25],"class_list":{"0":"post-269955","1":"post","2":"type-post","3":"status-publish","4":"format-standard","5":"has-post-thumbnail","7":"category-nice","8":"tag-actu","9":"tag-actualites","10":"tag-appels-d","11":"tag-eu","12":"tag-europe","13":"tag-fr","14":"tag-france","15":"tag-news","16":"tag-nice","17":"tag-provence-alpes-cote-dazur","18":"tag-republique-francaise"},"share_on_mastodon":{"url":"https:\/\/pubeurope.com\/@fr\/114907113496495635","error":""},"_links":{"self":[{"href":"https:\/\/www.europesays.com\/fr\/wp-json\/wp\/v2\/posts\/269955","targetHints":{"allow":["GET"]}}],"collection":[{"href":"https:\/\/www.europesays.com\/fr\/wp-json\/wp\/v2\/posts"}],"about":[{"href":"https:\/\/www.europesays.com\/fr\/wp-json\/wp\/v2\/types\/post"}],"author":[{"embeddable":true,"href":"https:\/\/www.europesays.com\/fr\/wp-json\/wp\/v2\/users\/2"}],"replies":[{"embeddable":true,"href":"https:\/\/www.europesays.com\/fr\/wp-json\/wp\/v2\/comments?post=269955"}],"version-history":[{"count":0,"href":"https:\/\/www.europesays.com\/fr\/wp-json\/wp\/v2\/posts\/269955\/revisions"}],"wp:featuredmedia":[{"embeddable":true,"href":"https:\/\/www.europesays.com\/fr\/wp-json\/wp\/v2\/media\/269956"}],"wp:attachment":[{"href":"https:\/\/www.europesays.com\/fr\/wp-json\/wp\/v2\/media?parent=269955"}],"wp:term":[{"taxonomy":"category","embeddable":true,"href":"https:\/\/www.europesays.com\/fr\/wp-json\/wp\/v2\/categories?post=269955"},{"taxonomy":"post_tag","embeddable":true,"href":"https:\/\/www.europesays.com\/fr\/wp-json\/wp\/v2\/tags?post=269955"}],"curies":[{"name":"wp","href":"https:\/\/api.w.org\/{rel}","templated":true}]}}