{"id":269957,"date":"2025-07-24T07:49:28","date_gmt":"2025-07-24T07:49:28","guid":{"rendered":"https:\/\/www.europesays.com\/fr\/269957\/"},"modified":"2025-07-24T07:49:28","modified_gmt":"2025-07-24T07:49:28","slug":"alpes-maritimes-une-femme-de-22-ans-victime-dun-viol-a-nice-apres-avoir-tente-de-se-suicider-3","status":"publish","type":"post","link":"https:\/\/www.europesays.com\/fr\/269957\/","title":{"rendered":"Alpes-Maritimes. Une femme de 22 ans victime d&rsquo;un viol \u00e0 Nice apr\u00e8s avoir tent\u00e9 de se suicider"},"content":{"rendered":"<p>C&rsquo;est une affaire sordide rapport\u00e9e par <a href=\"https:\/\/www.nicematin.com\/justice\/un-homme-en-garde-a-vue-a-nice-suspecte-d-avoir-viole-une-jeune-femme-vulnerable-place-garibaldi-995160\" target=\"_blank\" rel=\"nofollow noopener\">Nice-Matin<\/a>. Dans la nuit de dimanche \u00e0 lundi, la ville des Alpes-Maritimes a \u00e9t\u00e9 le th\u00e9\u00e2tre de faits d&rsquo;une extr\u00eame gravit\u00e9.<\/p>\n<p>Vers 4 heures du matin, les pompiers, apr\u00e8s avoir \u00e9t\u00e9 alert\u00e9 par un t\u00e9moin, ont retrouv\u00e9 une femme de 22 ans dans un \u00e9tat de grande vuln\u00e9rabilit\u00e9 sur la place Garibaldi. La jeune femme venait d&rsquo;\u00eatre victime d&rsquo;un viol, dont l&rsquo;auteur pr\u00e9sum\u00e9, un homme de 48 ans de nationalit\u00e9 fran\u00e7aise, a \u00e9t\u00e9 interpell\u00e9 et plac\u00e9 en garde \u00e0 vue plus tard dans la matin\u00e9e.<\/p>\n<p>  Le suspect d\u00e9j\u00e0 condamn\u00e9<\/p>\n<p>Selon les secours, la victime \u00e9tait dans un \u00e9tat second au moment de leur intervention, sous l&rsquo;effet probable de m\u00e9dicaments aval\u00e9s en surnombre.<\/p>\n<p>Le suspect a d\u00e9j\u00e0 \u00e9t\u00e9 condamn\u00e9 pour des faits d\u2019exhibition sexuelle en 2022. Une information judiciaire pour viol sur personne vuln\u00e9rable a \u00e9t\u00e9 ouverte.<\/p>\n<p class=\"note\">&gt;&gt; Lire l&rsquo;article de <a href=\"https:\/\/www.nicematin.com\/justice\/un-homme-en-garde-a-vue-a-nice-suspecte-d-avoir-viole-une-jeune-femme-vulnerable-place-garibaldi-995160\" target=\"_blank\" rel=\"nofollow noopener\">Nice-Matin<\/a>.<\/p>\n","protected":false},"excerpt":{"rendered":"C&rsquo;est une affaire sordide rapport\u00e9e par Nice-Matin. Dans la nuit de dimanche \u00e0 lundi, la ville des Alpes-Maritimes&hellip;\n","protected":false},"author":2,"featured_media":269601,"comment_status":"","ping_status":"","sticky":false,"template":"","format":"standard","meta":{"footnotes":""},"categories":[2819],"tags":[1111,11,271,272,1777,674,274,107,1011,27,329,12,2401,882,25],"class_list":{"0":"post-269957","1":"post","2":"type-post","3":"status-publish","4":"format-standard","5":"has-post-thumbnail","7":"category-nice","8":"tag-actu","9":"tag-actualites","10":"tag-crime","11":"tag-delit-et-contravention","12":"tag-eu","13":"tag-europe","14":"tag-faits-divers-justice","15":"tag-fil-info","16":"tag-fr","17":"tag-france","18":"tag-france-monde","19":"tag-news","20":"tag-nice","21":"tag-provence-alpes-cote-dazur","22":"tag-republique-francaise"},"share_on_mastodon":{"url":"https:\/\/pubeurope.com\/@fr\/114907117238492761","error":""},"_links":{"self":[{"href":"https:\/\/www.europesays.com\/fr\/wp-json\/wp\/v2\/posts\/269957","targetHints":{"allow":["GET"]}}],"collection":[{"href":"https:\/\/www.europesays.com\/fr\/wp-json\/wp\/v2\/posts"}],"about":[{"href":"https:\/\/www.europesays.com\/fr\/wp-json\/wp\/v2\/types\/post"}],"author":[{"embeddable":true,"href":"https:\/\/www.europesays.com\/fr\/wp-json\/wp\/v2\/users\/2"}],"replies":[{"embeddable":true,"href":"https:\/\/www.europesays.com\/fr\/wp-json\/wp\/v2\/comments?post=269957"}],"version-history":[{"count":0,"href":"https:\/\/www.europesays.com\/fr\/wp-json\/wp\/v2\/posts\/269957\/revisions"}],"wp:featuredmedia":[{"embeddable":true,"href":"https:\/\/www.europesays.com\/fr\/wp-json\/wp\/v2\/media\/269601"}],"wp:attachment":[{"href":"https:\/\/www.europesays.com\/fr\/wp-json\/wp\/v2\/media?parent=269957"}],"wp:term":[{"taxonomy":"category","embeddable":true,"href":"https:\/\/www.europesays.com\/fr\/wp-json\/wp\/v2\/categories?post=269957"},{"taxonomy":"post_tag","embeddable":true,"href":"https:\/\/www.europesays.com\/fr\/wp-json\/wp\/v2\/tags?post=269957"}],"curies":[{"name":"wp","href":"https:\/\/api.w.org\/{rel}","templated":true}]}}