{"id":26996,"date":"2025-04-15T16:46:08","date_gmt":"2025-04-15T16:46:08","guid":{"rendered":"https:\/\/www.europesays.com\/fr\/26996\/"},"modified":"2025-04-15T16:46:08","modified_gmt":"2025-04-15T16:46:08","slug":"76-logements-une-salle-de-sport-un-foyer-voici-la-residence-etudiante-attendue-en-septembre-2026-a-cote-de-la-fac-de-droit-de-nice","status":"publish","type":"post","link":"https:\/\/www.europesays.com\/fr\/26996\/","title":{"rendered":"76 logements, une salle de sport, un foyer: voici la r\u00e9sidence \u00e9tudiante attendue en septembre 2026 \u00e0 c\u00f4t\u00e9 de la fac de droit de Nice"},"content":{"rendered":"<p>Le campus Trotabas troquera bient\u00f4t son cours de tennis d\u00e9saffect\u00e9 contre une r\u00e9sidence \u00e9tudiante flambant neuve (1). Port\u00e9 par le Crous et Bouygues, le chantier d\u00e9butera en juillet pour une livraison \u00e0 la rentr\u00e9e de septembre 2026.<\/p>\n<p>Au total, 76 \u00e9tudiants pourront \u00eatre log\u00e9s \u00e0 proximit\u00e9 imm\u00e9diate de la fac de droit et de sciences politiques. Seront aussi am\u00e9nag\u00e9s un foyer, une salle de sport et une laverie. L\u2019ensemble co\u00fbtera 7,9 millions d\u2019euros (2).<\/p>\n<p><strong>\u00ab\u00a0Ce projet va \u00eatre pris d\u2019assaut\u00a0\u00bb<\/strong><\/p>\n<p>En pleine crise du logement dans les Alpes-Maritimes, cette nouvelle r\u00e9sidence s\u2019annonce comme une bouff\u00e9e d\u2019air: \u00ab\u00a0Chaque ann\u00e9e, bien que \u00e7a soit difficile \u00e0 quantifier exactement, des centaines de jeunes font des demandes et ne peuvent \u00eatre log\u00e9s\u00a0\u00bb, souligne Julien Br\u00e9mond. Le directeur adjoint du Crous Nice-Toulon estime donc que \u00ab\u00a0ce projet va \u00eatre pris d\u2019assaut\u00a0\u00bb.<\/p>\n<p>Une attractivit\u00e9 \u00e9galement due au type de logement, des studios T1 tr\u00e8s recherch\u00e9s, allant de 18 \u00e0 22m\u00b2.<\/p>\n<p>\u00ab\u00a0C\u2019est une demande qui revient souvent chez les \u00e9tudiants. \u00c0 Trotabas, l\u2019offre est compl\u00e9mentaire car elle jouxte la r\u00e9sidence Les Collinettes, o\u00f9 il n\u2019y a que des chambres de 9m2. Si le studio est plus cher, il comprend une petite cuisine \u00e9quip\u00e9e de plaques \u00e0 induction, d\u2019un \u00e9vier et d\u2019un frigo.\u00a0\u00bb<\/p>\n<p>Int\u00e9grant aussi une salle de bains, le logement sera traversant, \u00ab\u00a0facilitant les courants d\u2019air\u00a0\u00bb, tandis qu\u2019un ventilateur accroch\u00e9 au plafond a\u00e9rera la pi\u00e8ce.<\/p>\n<p>Quant au loyer mensuel, pas encore fix\u00e9, il devrait avoisiner les 400 euros. Un montant couvrant l\u2019eau, le chauffage et l\u2019\u00e9lectricit\u00e9.<\/p>\n<p>Les demandes (3) seront ouvertes d\u2019ici un an, au printemps 2026.<\/p>\n<p>1. L\u2019implantation de la r\u00e9sidence n\u2019obstruera pas la vue mer appr\u00e9ciable depuis la terrasse du restaurant universitaire. Le site sera desservi par une passerelle traversant une ch\u00eanaie, tandis que les logements seront accessibles via une promenade ouverte sur les jardins.<\/p>\n<p>2. Le financement est assur\u00e9 par la R\u00e9gion (900.000 euros), la M\u00e9tropole Nice-C\u00f4te d\u2019Azur (125.000 euros), la Ville de Nice (375.000 euros), le D\u00e9partement (378.750 euros) et l\u2019\u00c9tat (3.637.000 euros). Les 2,5 millions restants seront emprunt\u00e9s dans des fonds priv\u00e9s.<\/p>\n<p>3. Sur le site <a href=\"http:\/\/Etudiant.gouv.fr\" target=\"_blank\" rel=\"noopener nofollow\">Etudiant.gouv.fr<\/a><\/p>\n","protected":false},"excerpt":{"rendered":"Le campus Trotabas troquera bient\u00f4t son cours de tennis d\u00e9saffect\u00e9 contre une r\u00e9sidence \u00e9tudiante flambant neuve (1). Port\u00e9&hellip;\n","protected":false},"author":2,"featured_media":26997,"comment_status":"","ping_status":"","sticky":false,"template":"","format":"standard","meta":{"footnotes":""},"categories":[2819],"tags":[1111,11,1777,674,1011,27,12,2401,882,25,3366],"class_list":{"0":"post-26996","1":"post","2":"type-post","3":"status-publish","4":"format-standard","5":"has-post-thumbnail","7":"category-nice","8":"tag-actu","9":"tag-actualites","10":"tag-eu","11":"tag-europe","12":"tag-fr","13":"tag-france","14":"tag-news","15":"tag-nice","16":"tag-provence-alpes-cote-dazur","17":"tag-republique-francaise","18":"tag-vie-locale"},"share_on_mastodon":{"url":"https:\/\/pubeurope.com\/@fr\/114342997780969906","error":""},"_links":{"self":[{"href":"https:\/\/www.europesays.com\/fr\/wp-json\/wp\/v2\/posts\/26996","targetHints":{"allow":["GET"]}}],"collection":[{"href":"https:\/\/www.europesays.com\/fr\/wp-json\/wp\/v2\/posts"}],"about":[{"href":"https:\/\/www.europesays.com\/fr\/wp-json\/wp\/v2\/types\/post"}],"author":[{"embeddable":true,"href":"https:\/\/www.europesays.com\/fr\/wp-json\/wp\/v2\/users\/2"}],"replies":[{"embeddable":true,"href":"https:\/\/www.europesays.com\/fr\/wp-json\/wp\/v2\/comments?post=26996"}],"version-history":[{"count":0,"href":"https:\/\/www.europesays.com\/fr\/wp-json\/wp\/v2\/posts\/26996\/revisions"}],"wp:featuredmedia":[{"embeddable":true,"href":"https:\/\/www.europesays.com\/fr\/wp-json\/wp\/v2\/media\/26997"}],"wp:attachment":[{"href":"https:\/\/www.europesays.com\/fr\/wp-json\/wp\/v2\/media?parent=26996"}],"wp:term":[{"taxonomy":"category","embeddable":true,"href":"https:\/\/www.europesays.com\/fr\/wp-json\/wp\/v2\/categories?post=26996"},{"taxonomy":"post_tag","embeddable":true,"href":"https:\/\/www.europesays.com\/fr\/wp-json\/wp\/v2\/tags?post=26996"}],"curies":[{"name":"wp","href":"https:\/\/api.w.org\/{rel}","templated":true}]}}