{"id":269972,"date":"2025-07-24T07:57:14","date_gmt":"2025-07-24T07:57:14","guid":{"rendered":"https:\/\/www.europesays.com\/fr\/269972\/"},"modified":"2025-07-24T07:57:14","modified_gmt":"2025-07-24T07:57:14","slug":"immersion-avec-une-equipe-deboueurs-rippeurs-pour-une-tournee-de-ramassage-des-poubelles","status":"publish","type":"post","link":"https:\/\/www.europesays.com\/fr\/269972\/","title":{"rendered":"immersion avec une \u00e9quipe d&rsquo;\u00e9boueurs-rippeurs pour une tourn\u00e9e de ramassage des poubelles"},"content":{"rendered":"<p class=\"article-p mdl\">Ils sont environ 350 collecteurs sur une partie de la m\u00e9tropole lilloise, mobilis\u00e9s tous les jours pour ramasser des tonnes de d\u00e9chets. Pour la tourn\u00e9e de l&rsquo;apr\u00e8s midi, Jacky Dont, l&rsquo;un des plus anciens conducteurs d&rsquo;Esterra (il a d\u00e9marr\u00e9 en 1994) nous accueille avec ses coll\u00e8gues dans son camion. Chaussures de s\u00e9curit\u00e9, gilet orange et gants font partie de l&rsquo;\u00e9quipement indispensable.\u00a0<\/p>\n<p class=\"article-p mdl\">Direction la commune de Wambrechies, <strong>ces \u00e9boueurs sont charg\u00e9s de collecter les poubelles jaunes<\/strong>, autrement dit les produits \u00e0 recycler, \u00e0 la diff\u00e9rence des d\u00e9chets m\u00e9nagers. \u00ab\u00a0Les deux coll\u00e8gues sont \u00e0 l&rsquo;arri\u00e8re, je les surveille sur la cam\u00e9ra, raconte Jacky. On ramasse tout, parfois certains habitants nous demandent de prendre leurs cartons ou d&rsquo;autres choses en plus.\u00a0\u00bb<\/p>\n<p class=\"article-p mdl\">\u00c0 l&rsquo;arri\u00e8re du camion benne, il faut suivre le rythme, ramener les bacs vers le camion et les pousser vers un syst\u00e8me d&rsquo;accroche automatique pour qu&rsquo;ils se vident directement. \u00ab\u00a0Il faut v\u00e9rifier que tout est bien vid\u00e9 avant de les ranger, confie un des \u00e9quipiers, sinon on recommence, et on fait cela des centaines de fois par jour!\u00a0\u00bb.\u00a0<\/p>\n<p>                <img decoding=\"async\" alt=\"\" class=\"media-item lazy\" src=\"https:\/\/www.europesays.com\/fr\/wp-content\/uploads\/2025\/07\/1770509-les-eboueurs-deposent-leurs-bacs-a-l-arriere-du-camion.jpg\"\/><\/p>\n<p>\n            Les \u00e9boueurs d\u00e9posent leurs bacs \u00e0 l&rsquo;arri\u00e8re du camion<\/p>\n<p>\n            Cr\u00e9dit : Franck Antson<\/p>\n<p class=\"article-p mdl\">Le rythme est assez physique, m\u00eame si les bacs de poubelles, \u00e0 roulettes, sont d\u00e9sormais moins lourds. Amine, l&rsquo;un des rippeurs, confirme qu&rsquo;il a perdu du poids depuis qu&rsquo;il a commenc\u00e9 : \u00ab\u00a0C&rsquo;est un ami \u00e0 moi qui m&rsquo;a conseill\u00e9 de rejoindre l&rsquo;entreprise, il faut s&rsquo;accrocher, c&rsquo;est un bon rythme mais j&rsquo;aime bien. On est bien pay\u00e9. Certains suivent aussi l&rsquo;exemple de leurs p\u00e8res ou d&rsquo;autres proches\u00a0\u00bb.\u00a0<\/p>\n<p class=\"article-p mdl\">Le chauffeur suit le parcours sur un \u00e9cran GPS \u00e0 l&rsquo;int\u00e9rieur de la cabine. La tourn\u00e9e selon les quartiers et les communes s&rsquo;\u00e9tend sur 25 kilom\u00e8tres environ. Pour les \u00e9quipes du matin, <strong>la journ\u00e9e d\u00e9marre \u00e0 6 heures jusque 13 heures et l&rsquo;apr\u00e8s midi<\/strong>, Jacky et ses coll\u00e8gues font 13h30-19h environ.\u00a0<\/p>\n<p class=\"article-p mdl\">Le m\u00e9tier a bien \u00e9volu\u00e9 avec les nouvelles technologies et du mat\u00e9riel de collecte moderne, \u00ab\u00a0<strong>c&rsquo;est moins difficile qu&rsquo;avant<\/strong> assure Jacky Dont. On utilise m\u00eame l&rsquo;Intelligence Artificielle pour v\u00e9rifier que les usagers font bien leur tri.\u00a0\u00bb Les \u00e9boueurs-rippeurs peuvent aussi parfois aller sensibiliser les habitants. \u00ab\u00a0Les gens font plus attention m\u00eame si cela repr\u00e9sente toujours beaucoup de d\u00e9chets \u00e0 traiter, souligne Riad, le deuxi\u00e8me \u00e9quipier \u00e0 l&rsquo;arri\u00e8re qui a d\u00e9marr\u00e9 il y a 3 ans. C&rsquo;est important pour la plan\u00e8te. \u00ab\u00a0<\/p>\n<p class=\"article-p mdl\">Ces agents restent bien conscients de l&rsquo;utilit\u00e9 de leur mission, mais malheureusement ils sont parfois victimes d&rsquo;incivilit\u00e9s. \u00ab\u00a0Parfois des automobilistes s&rsquo;\u00e9nervent quand on est en tourn\u00e9e, on les g\u00eane, cela ne va pas assez vite, mais nous sommes juste l\u00e0 pour les aider\u00a0\u00bb explique Jacky, qui lui m\u00eame n&rsquo;a pas toujours \u00e9t\u00e9 \u00e9pargn\u00e9.<\/p>\n<p>                <img decoding=\"async\" alt=\"\" class=\"media-item lazy\" src=\"https:\/\/www.europesays.com\/fr\/wp-content\/uploads\/2025\/07\/1770510-jacky-dont-au-centre-le-conducteur-et-l-un-des-plus-anciens-eboueurs-lillois-avec-amine-un-d.jpeg\"\/><\/p>\n<p>\n            Jacky Dont (au centre), le conducteur et l&rsquo;un des plus anciens \u00e9boueurs lillois avec Amine, un des \u00e9quipiers et le journaliste RTL Franck Antson.<\/p>\n<p>\n            Cr\u00e9dit : Franck Antson<\/p>\n<p>                <img decoding=\"async\" alt=\"\" class=\"media-item lazy\" src=\"https:\/\/www.europesays.com\/fr\/wp-content\/uploads\/2025\/07\/1770511-les-camions-bennes-de-ramassage-des-dechets-utilisent-aussi-l-ia-pour-verifier-le-bon-tri-de.jpeg\"\/><\/p>\n<p>\n            Les camions-bennes de ramassage des d\u00e9chets utilisent aussi l&rsquo;IA pour v\u00e9rifier le bon tri des d\u00e9chets.<\/p>\n<p>\n            Cr\u00e9dit : Franck Antson<\/p>\n<p class=\"article-p mdl\">Pour devenir \u00e9boueur, il n&rsquo;y a pas vraiment de dipl\u00f4me, m\u00eame s&rsquo;il existe des CAP sp\u00e9cialis\u00e9s. Le salaire varie de 1.500 euros par mois pour un d\u00e9butant jusqu&rsquo;\u00e0 2000-2500 euros pour les plus exp\u00e9riment\u00e9s, ouvert aux femmes, m\u00eame si le m\u00e9tier est encore tr\u00e8s peu f\u00e9minis\u00e9.\u00a0<\/p>\n<p>Jacky Dont devrait tirer sa r\u00e9v\u00e9rence pour un d\u00e9part \u00e0 la retraite l&rsquo;an prochain : \u00ab\u00a0C&rsquo;est un beau m\u00e9tier, je dis \u00e0 tous les jeunes que je forme de s&rsquo;accrocher. Moi je n&rsquo;ai pas toujours bien travaill\u00e9 \u00e0 l&rsquo;\u00e9cole, j&rsquo;ai fait d&rsquo;autres activit\u00e9s. Ce qui me pla\u00eet ici c&rsquo;est le contact avec les gens et le travail en plein air.\u00a0\u00bb<\/p>\n<p>    La r\u00e9daction vous recommande<\/p>\n<p class=\"s-newsletter__title\">\n                L\u2019actualit\u00e9 par la r\u00e9daction de RTL dans votre bo\u00eete mail.\n            <\/p>\n<p class=\"s-newsletter__subtitle\">\n                Gr\u00e2ce \u00e0 votre compte RTL abonnez-vous \u00e0 la newsletter RTL info pour suivre toute l&rsquo;actualit\u00e9 au quotidien\n            <\/p>\n<p>\n                                    Lire la suite\n                                <\/p>\n","protected":false},"excerpt":{"rendered":"Ils sont environ 350 collecteurs sur une partie de la m\u00e9tropole lilloise, mobilis\u00e9s tous les jours pour ramasser&hellip;\n","protected":false},"author":2,"featured_media":269973,"comment_status":"","ping_status":"","sticky":false,"template":"","format":"standard","meta":{"footnotes":""},"categories":[2815],"tags":[1111,11,3008,436,1777,674,107,1011,27,811,1307,12,1308,362,25],"class_list":{"0":"post-269972","1":"post","2":"type-post","3":"status-publish","4":"format-standard","5":"has-post-thumbnail","7":"category-lille","8":"tag-actu","9":"tag-actualites","10":"tag-dechets","11":"tag-environnement","12":"tag-eu","13":"tag-europe","14":"tag-fil-info","15":"tag-fr","16":"tag-france","17":"tag-hauts-de-france","18":"tag-lille","19":"tag-news","20":"tag-nord","21":"tag-replay","22":"tag-republique-francaise"},"share_on_mastodon":{"url":"https:\/\/pubeurope.com\/@fr\/114907148776105385","error":""},"_links":{"self":[{"href":"https:\/\/www.europesays.com\/fr\/wp-json\/wp\/v2\/posts\/269972","targetHints":{"allow":["GET"]}}],"collection":[{"href":"https:\/\/www.europesays.com\/fr\/wp-json\/wp\/v2\/posts"}],"about":[{"href":"https:\/\/www.europesays.com\/fr\/wp-json\/wp\/v2\/types\/post"}],"author":[{"embeddable":true,"href":"https:\/\/www.europesays.com\/fr\/wp-json\/wp\/v2\/users\/2"}],"replies":[{"embeddable":true,"href":"https:\/\/www.europesays.com\/fr\/wp-json\/wp\/v2\/comments?post=269972"}],"version-history":[{"count":0,"href":"https:\/\/www.europesays.com\/fr\/wp-json\/wp\/v2\/posts\/269972\/revisions"}],"wp:featuredmedia":[{"embeddable":true,"href":"https:\/\/www.europesays.com\/fr\/wp-json\/wp\/v2\/media\/269973"}],"wp:attachment":[{"href":"https:\/\/www.europesays.com\/fr\/wp-json\/wp\/v2\/media?parent=269972"}],"wp:term":[{"taxonomy":"category","embeddable":true,"href":"https:\/\/www.europesays.com\/fr\/wp-json\/wp\/v2\/categories?post=269972"},{"taxonomy":"post_tag","embeddable":true,"href":"https:\/\/www.europesays.com\/fr\/wp-json\/wp\/v2\/tags?post=269972"}],"curies":[{"name":"wp","href":"https:\/\/api.w.org\/{rel}","templated":true}]}}