{"id":26998,"date":"2025-04-15T16:47:07","date_gmt":"2025-04-15T16:47:07","guid":{"rendered":"https:\/\/www.europesays.com\/fr\/26998\/"},"modified":"2025-04-15T16:47:07","modified_gmt":"2025-04-15T16:47:07","slug":"une-canalisation-de-gaz-arrachee-42-personnes-confinees","status":"publish","type":"post","link":"https:\/\/www.europesays.com\/fr\/26998\/","title":{"rendered":"une canalisation de gaz arrach\u00e9e, 42 personnes confin\u00e9es"},"content":{"rendered":"<p>            Par<br \/>\n        <strong><br \/>\n            <a href=\"https:\/\/actu.fr\/auteur\/thomas-bernard\" title=\"Consulter tous les articles de Thomas Bernard\" rel=\"nofollow noopener\" target=\"_blank\">Thomas Bernard<\/a><br \/>\n        <\/strong><\/p>\n<p>        Publi\u00e9 le<\/p>\n<p>            15 avr. 2025 \u00e0 18h17        <\/p>\n<p>Peu apr\u00e8s 14h30, ce mardi 15 avril, les sapeurs-pompiers sont intervenus, rue des Coquelicots aux Sorini\u00e8res (Loire-Atlantique), au sud de Nantes, apr\u00e8s <strong>un arrachement d\u2019une<\/strong> <strong>canalisation de gaz sur la voie publique<\/strong>.\u00a0<\/p>\n<p>    <a href=\"https:\/\/www.google.com\/maps\/embed?pb=!1m18!1m12!1m3!1d2067.227736093638!2d-1.5284013248104524!3d47.140245220066866!2m3!1f0!2f0!3f0!3m2!1i1024!2i768!4f13.1!3m3!1m2!1s0x4805e9c5e5f8183d%3A0xe1ae7db57839d3ec!2sRue%20des%20Coquelicots%2C%2044840%20Les%20Sorini%C3%A8res!5e1!3m2!1sfr!2sfr!4v1744733314587!5m2!1sfr!2sfr\" title=\"Ouvrie le lien\" rel=\"nofollow noopener\" target=\"_blank\">Cliquez ici pour visualiser le contenu<\/a><\/p>\n<p>Des employ\u00e9s confin\u00e9s<\/p>\n<p class=\" wall-content\">\u00ab\u00a042 personnes au sein de quatre entreprises ont \u00e9t\u00e9 confin\u00e9es lors de l\u2019intervention\u00a0\u00bb, rapporte le centre op\u00e9rationnel d\u00e9partement d\u2019incendie et de secours (Codis).\u00a0<\/p>\n<p class=\" wall-content\">GRDF a proc\u00e9d\u00e9 \u00e0 la coupure de la conduite de gaz. Selon le Codis,<strong> 60 clients, dont les quatre entreprises, sont impact\u00e9es par cette coupure<\/strong>. Pour autant, il n\u2019y a pas de ch\u00f4mage technique.\u00a0<\/p>\n<p class=\" wall-content\">Au total, 13 sapeurs-pompiers ont \u00e9t\u00e9 mobilis\u00e9s. La gendarmerie, la police municipale, GRDF et un \u00e9lu de permanence \u00e9taient \u00e9galement pr\u00e9sents.\u00a0<\/p>\n<p>Vid\u00e9os : en ce moment sur Actu<\/p>\n<p class=\" wall-content\">Suivez toute l\u2019actualit\u00e9 de vos villes et m\u00e9dias favoris en vous inscrivant \u00e0 <a href=\"https:\/\/moncompte.actu.fr\" title=\"D\u00e9couvez Mon Actu\" rel=\"nofollow noopener\" data-trk=\"{&quot;cta&quot;:{&quot;action&quot;:&quot;https:\\\/\\\/moncompte.actu.fr&quot;,&quot;category&quot;:&quot;mon compte&quot;,&quot;from&quot;:&quot;article footer&quot;,&quot;name&quot;:&quot;Mon actu&quot;,&quot;type&quot;:&quot;cta&quot;}}\" target=\"_blank\">Mon Actu<\/a>.<\/p>\n","protected":false},"excerpt":{"rendered":"Par Thomas Bernard Publi\u00e9 le 15 avr. 2025 \u00e0 18h17 Peu apr\u00e8s 14h30, ce mardi 15 avril, les&hellip;\n","protected":false},"author":2,"featured_media":26999,"comment_status":"","ping_status":"","sticky":false,"template":"","format":"standard","meta":{"footnotes":""},"categories":[2818],"tags":[1111,11,1777,674,118,1011,27,843,766,12,2636,1311,25],"class_list":{"0":"post-26998","1":"post","2":"type-post","3":"status-publish","4":"format-standard","5":"has-post-thumbnail","7":"category-nantes","8":"tag-actu","9":"tag-actualites","10":"tag-eu","11":"tag-europe","12":"tag-faits-divers","13":"tag-fr","14":"tag-france","15":"tag-gaz","16":"tag-nantes","17":"tag-news","18":"tag-pays-de-la-loire","19":"tag-pompiers","20":"tag-republique-francaise"},"share_on_mastodon":{"url":"https:\/\/pubeurope.com\/@fr\/114343001716531872","error":""},"_links":{"self":[{"href":"https:\/\/www.europesays.com\/fr\/wp-json\/wp\/v2\/posts\/26998","targetHints":{"allow":["GET"]}}],"collection":[{"href":"https:\/\/www.europesays.com\/fr\/wp-json\/wp\/v2\/posts"}],"about":[{"href":"https:\/\/www.europesays.com\/fr\/wp-json\/wp\/v2\/types\/post"}],"author":[{"embeddable":true,"href":"https:\/\/www.europesays.com\/fr\/wp-json\/wp\/v2\/users\/2"}],"replies":[{"embeddable":true,"href":"https:\/\/www.europesays.com\/fr\/wp-json\/wp\/v2\/comments?post=26998"}],"version-history":[{"count":0,"href":"https:\/\/www.europesays.com\/fr\/wp-json\/wp\/v2\/posts\/26998\/revisions"}],"wp:featuredmedia":[{"embeddable":true,"href":"https:\/\/www.europesays.com\/fr\/wp-json\/wp\/v2\/media\/26999"}],"wp:attachment":[{"href":"https:\/\/www.europesays.com\/fr\/wp-json\/wp\/v2\/media?parent=26998"}],"wp:term":[{"taxonomy":"category","embeddable":true,"href":"https:\/\/www.europesays.com\/fr\/wp-json\/wp\/v2\/categories?post=26998"},{"taxonomy":"post_tag","embeddable":true,"href":"https:\/\/www.europesays.com\/fr\/wp-json\/wp\/v2\/tags?post=26998"}],"curies":[{"name":"wp","href":"https:\/\/api.w.org\/{rel}","templated":true}]}}