{"id":269980,"date":"2025-07-24T08:01:18","date_gmt":"2025-07-24T08:01:18","guid":{"rendered":"https:\/\/www.europesays.com\/fr\/269980\/"},"modified":"2025-07-24T08:01:18","modified_gmt":"2025-07-24T08:01:18","slug":"il-voulait-rouler-vite-dans-des-berlines-allemandes-il-finit-avec-un-bracelet-a-la-cheville","status":"publish","type":"post","link":"https:\/\/www.europesays.com\/fr\/269980\/","title":{"rendered":"il voulait rouler vite dans des berlines allemandes, il finit avec un bracelet \u00e0 la cheville"},"content":{"rendered":"<p itemprop=\"description\"><strong>Ce jeune homme est un passionn\u00e9 de grosses cylindr\u00e9s et de vitesse. Et il aime un peu moins les r\u00e8gles et les forces de l&rsquo;ordre.<\/strong><\/p>\n<p>Il avait \u00e9t\u00e9 arr\u00eat\u00e9 en septembre dernier alors qu&rsquo;il roulait sans permis avec le v\u00e9hicule de sa m\u00e8re. Les policiers de la BAC avaient retrouv\u00e9 sur lui une arme blanche et 20 grammes de r\u00e9sine de cannabis.<\/p>\n<p>Cela n&rsquo;avait toutefois pas servi de le\u00e7on \u00e0 ce jeune de 19 ans. Car quelques mois plus tard, en avril, il avait refus\u00e9 de se soumettre \u00e0 un contr\u00f4le routier de la police municipale dans les rues de Villefranche-sur-Sa\u00f4ne. A bord cette fois d&rsquo;une berline allemande, il avait expliqu\u00e9 aux forces de l&rsquo;ordre n&rsquo;avoir pas pu r\u00e9sister \u00e0 la tentation de parader en ville avec son Audi RS3 surpuissante.<\/p>\n<p>Jug\u00e9 par le tribunal caladois, il a \u00e9cop\u00e9 d&rsquo;un an de prison dont 9 mois avec sursis. La partie ferme a \u00e9t\u00e9 am\u00e9nag\u00e9e et il l&rsquo;effectuera sous bracelet \u00e9lectronique.<\/p>\n","protected":false},"excerpt":{"rendered":"Ce jeune homme est un passionn\u00e9 de grosses cylindr\u00e9s et de vitesse. Et il aime un peu moins&hellip;\n","protected":false},"author":2,"featured_media":269981,"comment_status":"","ping_status":"","sticky":false,"template":"","format":"standard","meta":{"footnotes":""},"categories":[1889],"tags":[1111,11,2813,2190,2430,1109,251,1112,2811,1777,674,118,1011,27,1922,1110,1114,2428,2810,12,241,316,25,2812,517,800],"class_list":{"0":"post-269980","1":"post","2":"type-post","3":"status-publish","4":"format-standard","5":"has-post-thumbnail","7":"category-lyon","8":"tag-actu","9":"tag-actualites","10":"tag-article","11":"tag-asvel","12":"tag-auvergne-rhone-alpes","13":"tag-breves","14":"tag-culture","15":"tag-depeches","16":"tag-economique","17":"tag-eu","18":"tag-europe","19":"tag-faits-divers","20":"tag-fr","21":"tag-france","22":"tag-info","23":"tag-informations","24":"tag-infos","25":"tag-lyon","26":"tag-lyonmag","27":"tag-news","28":"tag-ol","29":"tag-politique","30":"tag-republique-francaise","31":"tag-sociale","32":"tag-sport","33":"tag-transports"},"share_on_mastodon":{"url":"https:\/\/pubeurope.com\/@fr\/114907164495925477","error":""},"_links":{"self":[{"href":"https:\/\/www.europesays.com\/fr\/wp-json\/wp\/v2\/posts\/269980","targetHints":{"allow":["GET"]}}],"collection":[{"href":"https:\/\/www.europesays.com\/fr\/wp-json\/wp\/v2\/posts"}],"about":[{"href":"https:\/\/www.europesays.com\/fr\/wp-json\/wp\/v2\/types\/post"}],"author":[{"embeddable":true,"href":"https:\/\/www.europesays.com\/fr\/wp-json\/wp\/v2\/users\/2"}],"replies":[{"embeddable":true,"href":"https:\/\/www.europesays.com\/fr\/wp-json\/wp\/v2\/comments?post=269980"}],"version-history":[{"count":0,"href":"https:\/\/www.europesays.com\/fr\/wp-json\/wp\/v2\/posts\/269980\/revisions"}],"wp:featuredmedia":[{"embeddable":true,"href":"https:\/\/www.europesays.com\/fr\/wp-json\/wp\/v2\/media\/269981"}],"wp:attachment":[{"href":"https:\/\/www.europesays.com\/fr\/wp-json\/wp\/v2\/media?parent=269980"}],"wp:term":[{"taxonomy":"category","embeddable":true,"href":"https:\/\/www.europesays.com\/fr\/wp-json\/wp\/v2\/categories?post=269980"},{"taxonomy":"post_tag","embeddable":true,"href":"https:\/\/www.europesays.com\/fr\/wp-json\/wp\/v2\/tags?post=269980"}],"curies":[{"name":"wp","href":"https:\/\/api.w.org\/{rel}","templated":true}]}}