{"id":269982,"date":"2025-07-24T08:02:07","date_gmt":"2025-07-24T08:02:07","guid":{"rendered":"https:\/\/www.europesays.com\/fr\/269982\/"},"modified":"2025-07-24T08:02:07","modified_gmt":"2025-07-24T08:02:07","slug":"en-ile-de-france-le-fonctionnement-de-lautorite-environnementale-se-grippe-actu-environnement","status":"publish","type":"post","link":"https:\/\/www.europesays.com\/fr\/269982\/","title":{"rendered":"En \u00cele-de-France, le fonctionnement de l&#039;autorit\u00e9 environnementale se grippe &#8211; Actu-Environnement"},"content":{"rendered":"<ol>\n<li><a href=\"https:\/\/news.google.com\/rss\/articles\/CBMiwgFBVV95cUxQdDhlcjExZml6VjJrMVRtS0hKZmFGTVREMTAxR3FpN1dhQ2lVbVVQdWZneEZuRzU3clVTQjlHQmFVUFRnSE04X1lJNnhSelZBelpZanFndFFSVThPVzRhblQ0SW8xUmxGNW1ydkdRWDNDOVFGbTk3Vk12SXZHNkFFSG9BY0hKY1NOM3pfS2dyNXhWS1Q5R3JpLWJ5RVBCY2N5a1Aycml4ZjlQWUd1N0RoaTNsTUk1OEthWkh3RERoNjdnQQ?oc=5\" target=\"_blank\" rel=\"nofollow noopener\">En \u00cele-de-France, le fonctionnement de l&rsquo;autorit\u00e9 environnementale se grippe<\/a>&nbsp;&nbsp;Actu-Environnement<\/li>\n<li><a href=\"https:\/\/news.google.com\/rss\/articles\/CBMiswFBVV95cUxNc1hkc2lkVTZwS25XYUR5OWV1YkdMOVJ0MzN0aDR4WVJrWGNsdVhSLXktaGtQMmk4S2F2aDd0Z3ctSUpBcl9zQXRiakw5cnF1MXN6QWRhaVVVT0Z4UHhKTnhvQ3NWLVZiTlVMbEZpalVDV2c5QkVhWFhVZDViZGczekpMUGJsTkFtaXVzSm5vY0FyZnBCbW8xSW5iMUltcmlMMG9YRlRaLTJVbk94UkVjUHlfWQ?oc=5\" target=\"_blank\" rel=\"nofollow noopener\">En \u00cele-de-France, qui veut la peau de l\u2019autorit\u00e9 environnementale ?<\/a>&nbsp;&nbsp;Mediapart<\/li>\n<li><a href=\"https:\/\/news.google.com\/rss\/articles\/CBMitwJBVV95cUxPZVJHMkpvVnlWaUJBY2p0MUtDWGhIME9uTE5KTW92LUhuRDVweGl3VHNQcFhjU3FLcU9Vd2M3UThNS24tc0JWZkMxNFhpWm9mdXlpUUI0cWtMUlo5engyNl9WbWpYWGdsb1p0WVRMVTM1WFM4YXY4bEVqRTJhTDRvV2VraE40NHc4NDlieXZXNm1ZM2J3SmVDbmZpZGFJcGVQY3BEdUxib19iNmlzRDI0emZuNnJtYWwxYk9OS2VOMnpBSmNKVHZyMDhWZGR3UTZRSjlCdG5STTB6SXZKcVlfRWNxOGw5bzhXSmJHTWZGak53a2J0MjZSSVh4Z0pSZ3owb29sSkdiem5DdndncV9LUlUzZzdBTHRaUlNKNUxFd0ktcDFXRm5HRG9rTWhnbGNGQ1NWaGZwRQ?oc=5\" target=\"_blank\" rel=\"nofollow noopener\">\u00ab\u00a0Je ne sais pas s&rsquo;il y a un futur\u00a0\u00bb : les membres de la Mission r\u00e9gionale d&rsquo;autorit\u00e9 environnementale d&rsquo;Ile-de-France d\u00e9missionnent collectivement<\/a>&nbsp;&nbsp;France 3 R\u00e9gions<\/li>\n<li><a href=\"https:\/\/news.google.com\/rss\/articles\/CBMiqgFBVV95cUxPRGFVMGVZdm9PVzBGWFVoVTBZeFNmU2xjQmVJN1Y0X1J5OTRjZGZFVUk1YzN4dVo5VXYxUlBEZGxmMUF3elRFV1N5VUR3UUlFRXo2UU5qOEZhaXI0OEEwYTFaTlE3Zy1lWUVzeTVLRkhtbE5TT210Z0sxRGhFTDRqdWJTbXNsMFowXzREcHhabGtvLTY3c25MamFaekNUM3ZrVUFpUEc5N1prQQ?oc=5\" target=\"_blank\" rel=\"nofollow noopener\">Les raisons de la d\u00e9mission collective de l\u2019Autorit\u00e9 environnementale francilienne<\/a>&nbsp;&nbsp;Le Moniteur<\/li>\n<li><a href=\"https:\/\/news.google.com\/rss\/articles\/CBMivwFBVV95cUxPN2Eya2pkVFhyeHozTnBKZDR2cUw5Q3ZuSUwxR0ZBNE1oZ2lESkpzcFdHeE9sc1NCX3VJZlE3ZERoRE9Wbjk2RjRTQWFUSEJrV2xpLVpHYU9qVnhaNE1HMDlXeXZzV2wyTjNZNmlwYXAzVUpkQWJETndsZ3V0SGNyd2NKOXAzdEZkT0ppQ3ZrZ3ZNOHVneTJ6djlzZXA0VjBXanloYzRYdmdVMFVTcTVSU0EyR0VSdHBVQ0lwQmhzQQ?oc=5\" target=\"_blank\" rel=\"nofollow noopener\">D\u00e9mission collective de la MRAE francilienne : une enqu\u00eate administrative est en cours<\/a>&nbsp;&nbsp;AEF info<\/li>\n<\/ol>\n","protected":false},"excerpt":{"rendered":"En \u00cele-de-France, le fonctionnement de l&rsquo;autorit\u00e9 environnementale se grippe&nbsp;&nbsp;Actu-Environnement En \u00cele-de-France, qui veut la peau de l\u2019autorit\u00e9 environnementale&hellip;\n","protected":false},"author":2,"featured_media":269983,"comment_status":"","ping_status":"","sticky":false,"template":"","format":"standard","meta":{"footnotes":""},"categories":[1592],"tags":[21806,14427,21809,21810,1111,21805,47,11,4763,2965,2813,21811,21807,21804,21808,21818,4858,51,893,436,18315,1777,674,1011,27,21813,21815,662,6417,12,6334,626,21812,1800,4048,21816,21814,3887,25,4510,17429,895,21817],"class_list":{"0":"post-269982","1":"post","2":"type-post","3":"status-publish","4":"format-standard","5":"has-post-thumbnail","7":"category-ile-de-france","8":"tag-cologie","9":"tag-nergie","10":"tag-nergies-renouvelables","11":"tag-olien","12":"tag-actu","13":"tag-actualit","14":"tag-actualite","15":"tag-actualites","16":"tag-agenda","17":"tag-air","18":"tag-article","19":"tag-biomasse","20":"tag-dchet","21":"tag-dveloppement-durable","22":"tag-dechet","23":"tag-e-zine","24":"tag-eau","25":"tag-ecologie","26":"tag-energie","27":"tag-environnement","28":"tag-eolien","29":"tag-eu","30":"tag-europe","31":"tag-fr","32":"tag-france","33":"tag-hse","34":"tag-hygine","35":"tag-ile-de-france","36":"tag-information","37":"tag-news","38":"tag-newsletter","39":"tag-paris","40":"tag-photovoltaique","41":"tag-pollution","42":"tag-presse","43":"tag-propret","44":"tag-qse","45":"tag-recyclage","46":"tag-republique-francaise","47":"tag-risque","48":"tag-sol","49":"tag-solaire","50":"tag-webzine"},"share_on_mastodon":{"url":"","error":"Validation failed: Text character limit of 500 exceeded"},"_links":{"self":[{"href":"https:\/\/www.europesays.com\/fr\/wp-json\/wp\/v2\/posts\/269982","targetHints":{"allow":["GET"]}}],"collection":[{"href":"https:\/\/www.europesays.com\/fr\/wp-json\/wp\/v2\/posts"}],"about":[{"href":"https:\/\/www.europesays.com\/fr\/wp-json\/wp\/v2\/types\/post"}],"author":[{"embeddable":true,"href":"https:\/\/www.europesays.com\/fr\/wp-json\/wp\/v2\/users\/2"}],"replies":[{"embeddable":true,"href":"https:\/\/www.europesays.com\/fr\/wp-json\/wp\/v2\/comments?post=269982"}],"version-history":[{"count":0,"href":"https:\/\/www.europesays.com\/fr\/wp-json\/wp\/v2\/posts\/269982\/revisions"}],"wp:featuredmedia":[{"embeddable":true,"href":"https:\/\/www.europesays.com\/fr\/wp-json\/wp\/v2\/media\/269983"}],"wp:attachment":[{"href":"https:\/\/www.europesays.com\/fr\/wp-json\/wp\/v2\/media?parent=269982"}],"wp:term":[{"taxonomy":"category","embeddable":true,"href":"https:\/\/www.europesays.com\/fr\/wp-json\/wp\/v2\/categories?post=269982"},{"taxonomy":"post_tag","embeddable":true,"href":"https:\/\/www.europesays.com\/fr\/wp-json\/wp\/v2\/tags?post=269982"}],"curies":[{"name":"wp","href":"https:\/\/api.w.org\/{rel}","templated":true}]}}