{"id":269987,"date":"2025-07-24T08:05:24","date_gmt":"2025-07-24T08:05:24","guid":{"rendered":"https:\/\/www.europesays.com\/fr\/269987\/"},"modified":"2025-07-24T08:05:24","modified_gmt":"2025-07-24T08:05:24","slug":"on-les-offre-aux-yeux-du-monde-a-paris-les-statues-des-femmes-illustres-deja-adoptees-porte-de-la-chapelle","status":"publish","type":"post","link":"https:\/\/www.europesays.com\/fr\/269987\/","title":{"rendered":"\u00ab\u00a0On les offre aux yeux du monde\u00a0\u00bb\u00a0: \u00e0 Paris, les statues des femmes illustres d\u00e9j\u00e0 adopt\u00e9es porte de la Chapelle"},"content":{"rendered":"<p class=\"paragraph text_align_left lp-f-body-02\">Il y a comme un go\u00fbt de nostalgie en descendant \u00e0 la station de m\u00e9tro <a href=\"https:\/\/www.leparisien.fr\/paris-75\/avant-apres-la-porte-de-la-chapelle-bientot-metamorphosee-10-06-2023-E5FZTLAANNBVDMNUSGQXRYZMS4.php\" target=\"_blank\" rel=\"noreferrer nofollow noopener\">Porte-de-la-Chapelle<\/a> (XVIIIe). Sur place, il y a toujours ces affiches de la RATP des JOP de Paris 2024 avant d\u2019apercevoir, droit devant nous, <a href=\"https:\/\/www.leparisien.fr\/sports\/basket\/un-cercle-vertueux-comment-ladidas-arena-est-devenue-indispensable-au-succes-du-paris-basketball-17-06-2025-CHM3QQNENJGAFMNTSI3V323FWE.php\" target=\"_blank\" rel=\"noreferrer nofollow noopener\">l\u2019Adidas Arena<\/a>, seule salle de comp\u00e9tition et de concert cr\u00e9\u00e9e sp\u00e9cialement pour les Jeux de Paris.<\/p>\n<p class=\"paragraph text_align_left lp-f-body-02\">Et puis, en se retournant, le visiteur se retrouve nez \u00e0 nez avec deux immenses statues d\u2019or et d\u2019acier : <a href=\"https:\/\/www.leparisien.fr\/culture-loisirs\/tv\/elle-etait-qualifiee-de-fille-facile-olympe-de-gouges-pionniere-du-feminisme-au-coeur-dun-telefilm-02-03-2025-SWWPA2DDLZE3HO7ABSKVYX6RWI.php\" target=\"_blank\" rel=\"noreferrer nofollow noopener\">Olympe de Gouges<\/a>, autrice de la D\u00e9claration des droits de la femme et de la citoyenne, et <a href=\"https:\/\/www.leparisien.fr\/sports\/JO\/cest-quelquun-de-tres-inspirant-il-y-a-100-ans-alice-milliat-creait-les-premiers-jeux-olympiques-feminins-a-paris-24-08-2022-2PEBHEZ5TZGVBBQTZZTIQ7GHRI.php\" target=\"_blank\" rel=\"noreferrer nofollow noopener\">Alice Milliat<\/a>, organisatrice des premiers Jeux olympiques f\u00e9minins en 1922.<\/p>\n","protected":false},"excerpt":{"rendered":"Il y a comme un go\u00fbt de nostalgie en descendant \u00e0 la station de m\u00e9tro Porte-de-la-Chapelle (XVIIIe). Sur&hellip;\n","protected":false},"author":2,"featured_media":269988,"comment_status":"","ping_status":"","sticky":false,"template":"","format":"standard","meta":{"footnotes":""},"categories":[1888],"tags":[1111,1928,11,1927,1777,674,1011,27,1944,12,1926,626,1925,25],"class_list":{"0":"post-269987","1":"post","2":"type-post","3":"status-publish","4":"format-standard","5":"has-post-thumbnail","7":"category-paris","8":"tag-actu","9":"tag-actu-paris","10":"tag-actualites","11":"tag-actualites-paris","12":"tag-eu","13":"tag-europe","14":"tag-fr","15":"tag-france","16":"tag-ma-ville","17":"tag-news","18":"tag-news-paris","19":"tag-paris","20":"tag-paris-news","21":"tag-republique-francaise"},"share_on_mastodon":{"url":"https:\/\/pubeurope.com\/@fr\/114907180298712256","error":""},"_links":{"self":[{"href":"https:\/\/www.europesays.com\/fr\/wp-json\/wp\/v2\/posts\/269987","targetHints":{"allow":["GET"]}}],"collection":[{"href":"https:\/\/www.europesays.com\/fr\/wp-json\/wp\/v2\/posts"}],"about":[{"href":"https:\/\/www.europesays.com\/fr\/wp-json\/wp\/v2\/types\/post"}],"author":[{"embeddable":true,"href":"https:\/\/www.europesays.com\/fr\/wp-json\/wp\/v2\/users\/2"}],"replies":[{"embeddable":true,"href":"https:\/\/www.europesays.com\/fr\/wp-json\/wp\/v2\/comments?post=269987"}],"version-history":[{"count":0,"href":"https:\/\/www.europesays.com\/fr\/wp-json\/wp\/v2\/posts\/269987\/revisions"}],"wp:featuredmedia":[{"embeddable":true,"href":"https:\/\/www.europesays.com\/fr\/wp-json\/wp\/v2\/media\/269988"}],"wp:attachment":[{"href":"https:\/\/www.europesays.com\/fr\/wp-json\/wp\/v2\/media?parent=269987"}],"wp:term":[{"taxonomy":"category","embeddable":true,"href":"https:\/\/www.europesays.com\/fr\/wp-json\/wp\/v2\/categories?post=269987"},{"taxonomy":"post_tag","embeddable":true,"href":"https:\/\/www.europesays.com\/fr\/wp-json\/wp\/v2\/tags?post=269987"}],"curies":[{"name":"wp","href":"https:\/\/api.w.org\/{rel}","templated":true}]}}