{"id":269992,"date":"2025-07-24T08:08:09","date_gmt":"2025-07-24T08:08:09","guid":{"rendered":"https:\/\/www.europesays.com\/fr\/269992\/"},"modified":"2025-07-24T08:08:09","modified_gmt":"2025-07-24T08:08:09","slug":"kiev-a-propose-a-la-russie-un-sommet-zelensky-poutine-avant-la-fin-du-mois-daout-lors-des-pourparlers-a-istanbul","status":"publish","type":"post","link":"https:\/\/www.europesays.com\/fr\/269992\/","title":{"rendered":"Kiev a propos\u00e9 \u00e0 la Russie un sommet Zelensky-Poutine \u00ab\u00a0avant la fin du mois d\u2019ao\u00fbt\u00a0\u00bb, lors des pourparlers \u00e0 Istanbul"},"content":{"rendered":"<p>   Volodymyr Zelensky d\u00e9fend la loi d\u00e9cri\u00e9e mais dit qu\u2019il pr\u00e9sentera un nouveau texte au Parlement qui \u00ab\u00a0renforcera le syst\u00e8me d\u2019application des lois\u00a0\u00bb contre la corruption             <\/p>\n<p class=\"post__live-container--answer-text post__space-node\">Dans la soir\u00e9e, le pr\u00e9sident ukrainien a annonc\u00e9 <a href=\"https:\/\/t.me\/V_Zelenskiy_official\/15253\" target=\"_blank\" rel=\"noopener nofollow\" title=\"Nouvelle fen\u00eatre\">dans son allocution quotidienne<\/a> qu\u2019il proposerait un nouveau projet de loi au Parlement qui \u00ab\u00a0renforcera le syst\u00e8me d\u2019application des lois\u00a0\u00bb contre la corruption, sans en d\u00e9tailler les modalit\u00e9s. \u00ab\u00a0Toutes les normes garantissant l\u2019ind\u00e9pendance des institutions de lutte contre la corruption seront respect\u00e9es\u00a0\u00bb, a promis le pr\u00e9sident ukrainien.<\/p>\n<p class=\"post__live-container--answer-text post__space-node\">\u00ab\u00a0Des mesures l\u00e9gislatives sans ambigu\u00eft\u00e9 sont n\u00e9cessaires pour r\u00e9tablir les garanties r\u00e9voqu\u00e9es par le Parlement\u00a0\u00bb, ont not\u00e9 les deux structures, dans un communiqu\u00e9 diffus\u00e9 apr\u00e8s la r\u00e9union.<\/p>\n<p class=\"post__live-container--answer-text post__space-node\">Plus t\u00f4t dans la journ\u00e9e, le chef de l\u2019Etat ukrainien a pourtant pris fait et cause pour la nouvelle loi, qui taxe d\u2019inefficacit\u00e9 ces structures de lutte contre la corruption. M.\u00a0Zelensky a assur\u00e9 \u00ab\u00a0entendre ce que dit la soci\u00e9t\u00e9\u00a0\u00bb et promis de \u00ab\u00a0r\u00e9gler des contradictions existantes\u00a0\u00bb, apr\u00e8s avoir re\u00e7u les chefs des organismes charg\u00e9s du maintien de l\u2019ordre, dont les structures anticorruption concern\u00e9es.<\/p>\n<p class=\"post__live-container--answer-text post__space-node\">Il a insist\u00e9 sur l\u2019importance de ce texte qui supprime l\u2019ind\u00e9pendance du bureau national anticorruption (Nabu) et du parquet sp\u00e9cialis\u00e9 anticorruption (SAP) en les pla\u00e7ant sous l\u2019autorit\u00e9 directe du procureur g\u00e9n\u00e9ral, nomm\u00e9 quant \u00e0 lui par le pr\u00e9sident.<\/p>\n<p class=\"post__live-container--answer-text post__space-node\">Dans la soir\u00e9e de mardi, quelques heures apr\u00e8s le vote, un millier de personnes, dont beaucoup de jeunes, se sont rassembl\u00e9es dans le centre de Kiev en signe de protestation, les premi\u00e8res manifestations d\u2019importance depuis le d\u00e9but de l\u2019invasion russe, en\u00a02022. Une nouvelle action de protestation du m\u00eame type est pr\u00e9vue mercredi soir, bien que les grands rassemblements soient interdits en vertu de la loi martiale en vigueur en Ukraine.<\/p>\n","protected":false},"excerpt":{"rendered":"Volodymyr Zelensky d\u00e9fend la loi d\u00e9cri\u00e9e mais dit qu\u2019il pr\u00e9sentera un nouveau texte au Parlement qui \u00ab\u00a0renforcera le&hellip;\n","protected":false},"author":2,"featured_media":268869,"comment_status":"","ping_status":"","sticky":false,"template":"","format":"standard","meta":{"footnotes":""},"categories":[1591],"tags":[11,1887,12,1885,1886,132],"class_list":{"0":"post-269992","1":"post","2":"type-post","3":"status-publish","4":"format-standard","5":"has-post-thumbnail","7":"category-russie","8":"tag-actualites","9":"tag-federation-de-russie","10":"tag-news","11":"tag-russia","12":"tag-russian-federation","13":"tag-russie"},"share_on_mastodon":{"url":"https:\/\/pubeurope.com\/@fr\/114907192073033543","error":""},"_links":{"self":[{"href":"https:\/\/www.europesays.com\/fr\/wp-json\/wp\/v2\/posts\/269992","targetHints":{"allow":["GET"]}}],"collection":[{"href":"https:\/\/www.europesays.com\/fr\/wp-json\/wp\/v2\/posts"}],"about":[{"href":"https:\/\/www.europesays.com\/fr\/wp-json\/wp\/v2\/types\/post"}],"author":[{"embeddable":true,"href":"https:\/\/www.europesays.com\/fr\/wp-json\/wp\/v2\/users\/2"}],"replies":[{"embeddable":true,"href":"https:\/\/www.europesays.com\/fr\/wp-json\/wp\/v2\/comments?post=269992"}],"version-history":[{"count":0,"href":"https:\/\/www.europesays.com\/fr\/wp-json\/wp\/v2\/posts\/269992\/revisions"}],"wp:featuredmedia":[{"embeddable":true,"href":"https:\/\/www.europesays.com\/fr\/wp-json\/wp\/v2\/media\/268869"}],"wp:attachment":[{"href":"https:\/\/www.europesays.com\/fr\/wp-json\/wp\/v2\/media?parent=269992"}],"wp:term":[{"taxonomy":"category","embeddable":true,"href":"https:\/\/www.europesays.com\/fr\/wp-json\/wp\/v2\/categories?post=269992"},{"taxonomy":"post_tag","embeddable":true,"href":"https:\/\/www.europesays.com\/fr\/wp-json\/wp\/v2\/tags?post=269992"}],"curies":[{"name":"wp","href":"https:\/\/api.w.org\/{rel}","templated":true}]}}