{"id":269993,"date":"2025-07-24T08:09:09","date_gmt":"2025-07-24T08:09:09","guid":{"rendered":"https:\/\/www.europesays.com\/fr\/269993\/"},"modified":"2025-07-24T08:09:09","modified_gmt":"2025-07-24T08:09:09","slug":"les-etats-unis-approuvent-des-ventes-darmes-a-kiev-pour-renforcer-sa-defense-antiaerienne","status":"publish","type":"post","link":"https:\/\/www.europesays.com\/fr\/269993\/","title":{"rendered":"les \u00c9tats-Unis approuvent des ventes d&rsquo;armes \u00e0 Kiev pour renforcer sa d\u00e9fense antia\u00e9rienne"},"content":{"rendered":"<p><strong>LE POINT SUR LA SITUATION &#8211;<\/strong> La vente d\u2019armes comprend des pi\u00e8ces d\u00e9tach\u00e9es et \u00e9quipements divers pour les missiles de d\u00e9fense antia\u00e9rienne de type Hawk (172 millions de dollars) et des v\u00e9hicules blind\u00e9s Bradley (150 millions de dollars).<\/p>\n<p class=\"fig-paragraph\">Les\u00a0<a href=\"http:\/\/www.lefigaro.fr\/international\/etats-unis-columbia-decrete-des-sanctions-contre-pres-de-80-etudiants-ayant-participe-a-des-manifestations-propalestiniennes-20250723\" data-fig-type=\"NewsFlash\" data-gtm-custom-categorie=\"navigation\" data-gtm-custom-action=\"crossclick\" data-gtm-custom-label=\"Contextuel\" data-gtm-event=\"customEventSPE\" data-fig-domain=\"LEFIGARO\" target=\"_blank\" rel=\"noopener\">\u00c9tats-Unis<\/a>\u00a0ont approuv\u00e9 une vente d\u2019armements \u00e0\u00a0<a href=\"http:\/\/www.lefigaro.fr\/international\/ukraine-quelles-consequences-apres-le-vote-d-une-loi-mettant-en-peril-la-lutte-contre-la-corruption-20250723\" data-fig-type=\"Article\" data-gtm-custom-categorie=\"navigation\" data-gtm-custom-action=\"crossclick\" data-gtm-custom-label=\"Contextuel\" data-gtm-event=\"customEventSPE\" data-fig-domain=\"LEFIGARO\" target=\"_blank\" rel=\"noopener\">l\u2019Ukraine<\/a>\u00a0afin de renforcer sa d\u00e9fense antia\u00e9rienne.<\/p>\n<p class=\"fig-paragraph\">Les\u00a0<a href=\"http:\/\/www.lefigaro.fr\/international\/a-koursk-les-autorites-russes-se-veulent-rassurantes-mais-les-evacues-redoutent-que-les-combats-s-eternisent-20240822\" target=\"_blank\" data-fig-type=\"Article\" rel=\"noopener\" data-gtm-custom-categorie=\"navigation\" data-gtm-custom-action=\"crossclick\" data-gtm-custom-label=\"Contextuel\" data-gtm-event=\"customEventSPE\" data-fig-domain=\"LEFIGARO\">autorit\u00e9s russes\u00a0<\/a>ont de leur c\u00f4t\u00e9 indiqu\u00e9 qu\u2019une femme est morte et qu\u2019une autre a \u00e9t\u00e9 bless\u00e9e dans une attaque de drones ukrainiens \u00e0 Sotchi.<\/p>\n<p>                                    <a class=\"fig-a11y-skip a11y-hidden\" href=\"#fig-a11y-skip-main-inarticle\"><br \/>\n        Passer la publicit\u00e9<br \/>\n    <\/a><\/p>\n<p class=\"fig-paragraph\">Le Figaro fait le point sur la situation.<\/p>\n<p>Une vente d\u2019armes am\u00e9ricaines \u00e0 l\u2019Ukraine pour 322 millions de dollars<\/p>\n<p class=\"fig-paragraph\">Les \u00c9tats-Unis ont annonc\u00e9 ce mercredi 23 juillet avoir approuv\u00e9 une vente d&rsquo;armements \u00e0 l&rsquo;Ukraine visant notamment \u00e0 renforcer sa d\u00e9fense antia\u00e9rienne pour un montant de 322 millions de dollars, selon un communiqu\u00e9. Il s&rsquo;agit de la deuxi\u00e8me vente d&rsquo;armes \u00e0\u00a0l&rsquo;Ukraine, qui comprend aussi des v\u00e9hicules blind\u00e9s, depuis le retour au pouvoir de\u00a0<a href=\"http:\/\/www.lefigaro.fr\/secteur\/high-tech\/avec-son-plan-sur-l-ia-donald-trump-met-du-vent-dans-les-voiles-de-la-tech-americaine-20250723\" data-fig-type=\"Article\" data-gtm-custom-categorie=\"navigation\" data-gtm-custom-action=\"crossclick\" data-gtm-custom-label=\"Contextuel\" data-gtm-event=\"customEventSPE\" data-fig-domain=\"LEFIGARO\" target=\"_blank\" rel=\"noopener\">Donald Trump<\/a>\u00a0en janvier.<\/p>\n<p class=\"fig-paragraph\">Elle intervient apr\u00e8s les d\u00e9clarations du pr\u00e9sident am\u00e9ricain promettant d&rsquo;envoyer des armes pour renforcer les d\u00e9fenses de Kiev face \u00e0 la Russie. La vente d&rsquo;armes, qui a \u00e9t\u00e9 notifi\u00e9e par le d\u00e9partement d&rsquo;\u00c9tat au Congr\u00e8s am\u00e9ricain pour approbation, comprend des pi\u00e8ces d\u00e9tach\u00e9es et \u00e9quipements divers pour les missiles de d\u00e9fense antia\u00e9rienne de type Hawk (172 millions de dollars) et des v\u00e9hicules blind\u00e9s Bradley (150 millions de dollars).<\/p>\n<p class=\"fig-paragraph\">En d\u00e9but de semaine derni\u00e8re, le pr\u00e9sident\u00a0Donald Trump\u00a0s&rsquo;\u00e9tait engag\u00e9 \u00e0 fournir des \u00e9quipements militaires suppl\u00e9mentaires \u00e0 l&rsquo;Ukraine \u00e0 travers l&rsquo;Otan et a donn\u00e9 50 jours \u00e0 la\u00a0Russie\u00a0pour mettre fin \u00e0 son offensive dans ce pays, d\u00e9clench\u00e9e en f\u00e9vrier 2022, sous peine de sanctions s\u00e9v\u00e8res. Il avait aussi promis\u00a0<a href=\"http:\/\/www.lefigaro.fr\/international\/les-etats-unis-vont-finalement-envoyer-des-systemes-antiaeriens-patriot-a-l-ukraine-20250714\" data-fig-type=\"NewsFlash\" data-gtm-custom-categorie=\"navigation\" data-gtm-custom-action=\"crossclick\" data-gtm-custom-label=\"Contextuel\" data-gtm-event=\"customEventSPE\" data-fig-domain=\"LEFIGARO\" target=\"_blank\" rel=\"noopener\">des syst\u00e8mes de d\u00e9fense a\u00e9rienne Patriot<\/a>. Russes et Ukrainiens ont conclu mercredi soir une troisi\u00e8me session de n\u00e9gociations directes \u00e0 Istanbul en constatant l&rsquo;\u00ab\u00e9loignement\u00bb de leurs positions pour mettre fin \u00e0 la guerre et ne s&rsquo;accordant que sur un nouvel \u00e9change de prisonniers.<\/p>\n<p class=\"fig-body-link\">\n            \u00c0 lire aussi<br \/>\n        <a class=\"fig-body-link__link fig-premium-mark\" href=\"http:\/\/www.lefigaro.fr\/international\/guerre-en-ukraine-les-raisons-du-revirement-de-trump-face-a-poutine-20250722\" data-fig-type=\"Article\" data-gtm-custom-categorie=\"navigation\" data-gtm-custom-action=\"crossclick\" data-gtm-custom-label=\"Contextuel\" data-gtm-event=\"customEventSPE\" data-fig-domain=\"LEFIGARO\" target=\"_blank\" rel=\"noopener\">Guerre en Ukraine\u00a0: les raisons du revirement de Donald Trump face \u00e0 Vladimir Poutine<br \/>\n    <\/a>\n<\/p>\n<p>Une attaque de drones ukrainiens fait un mort et un bless\u00e9<\/p>\n<p class=\"fig-paragraph\">Une femme est morte et une autre a \u00e9t\u00e9 bless\u00e9e dans une attaque de drone ukrainien \u00e0\u00a0Sotchi, dans le sud de la Russie, ont indiqu\u00e9 jeudi les autorit\u00e9s russes, au lendemain d\u2019une nouvelle session de n\u00e9gociations russo-ukrainiennes \u00e0 Istanbul.<\/p>\n<p>                                    <a class=\"fig-a11y-skip a11y-hidden\" href=\"#fig-a11y-skip-main-inarticle_mtf\"><br \/>\n        Passer la publicit\u00e9<br \/>\n    <\/a><\/p>\n<p class=\"fig-paragraph\">\u00abUne personne est morte et une autre a \u00e9t\u00e9 gri\u00e8vement bless\u00e9e par des fragments de drone dans le district d\u2019Adler, \u00e0 Sotchi\u00bb, ont pr\u00e9cis\u00e9 les autorit\u00e9s de la r\u00e9gion de\u00a0<a href=\"http:\/\/www.lefigaro.fr\/sports\/football\/guerre-en-ukraine-le-club-russe-de-krasnodar-suspend-le-contrat-de-cabella-et-plusieurs-joueurs-etrangers-20220303\" target=\"_blank\" data-fig-type=\"NewsFlash\" rel=\"noopener\" data-gtm-custom-categorie=\"navigation\" data-gtm-custom-action=\"crossclick\" data-gtm-custom-label=\"Contextuel\" data-gtm-event=\"customEventSPE\" data-fig-domain=\"LEFIGARO\">Krasnodar\u00a0<\/a>(sud) sur Telegram. \u00abCe sont deux femmes qui se trouvaient dans la rue au moment de la chute des fragments\u00bb, selon la m\u00eame source.<\/p>\n<p class=\"fig-paragraph\">Au total, 42 drones ukrainiens ont \u00e9t\u00e9 intercept\u00e9s et d\u00e9truits par les forces antia\u00e9riennes russes dans la nuit de mercredi \u00e0 jeudi, dont sept dans la r\u00e9gion de Krasnodar, a affirm\u00e9 le minist\u00e8re russe de la D\u00e9fense, dans un communiqu\u00e9. Un des drones a touch\u00e9 une base p\u00e9troli\u00e8re \u00e0 Sirius, pr\u00e8s de Sotchi, a indiqu\u00e9 un responsable local, Dmitri Plichkine, sur Telegram. L\u2019Ukraine a pr\u00e9venu qu\u2019elle intensifierait ses frappes en Russie en r\u00e9ponse \u00e0 la multiplication ces derni\u00e8res semaines des attaques russes contre son territoire, qui ont tu\u00e9 des dizaines de civils.<\/p>\n","protected":false},"excerpt":{"rendered":"LE POINT SUR LA SITUATION &#8211; La vente d\u2019armes comprend des pi\u00e8ces d\u00e9tach\u00e9es et \u00e9quipements divers pour les&hellip;\n","protected":false},"author":2,"featured_media":269994,"comment_status":"","ping_status":"","sticky":false,"template":"","format":"standard","meta":{"footnotes":""},"categories":[1590],"tags":[11,6376,73,1777,674,131,12,132,220],"class_list":{"0":"post-269993","1":"post","2":"type-post","3":"status-publish","4":"format-standard","5":"has-post-thumbnail","7":"category-ukraine","8":"tag-actualites","9":"tag-armes","10":"tag-etats-unis","11":"tag-eu","12":"tag-europe","13":"tag-guerre-en-ukraine","14":"tag-news","15":"tag-russie","16":"tag-ukraine"},"share_on_mastodon":{"url":"https:\/\/pubeurope.com\/@fr\/114907195915370993","error":""},"_links":{"self":[{"href":"https:\/\/www.europesays.com\/fr\/wp-json\/wp\/v2\/posts\/269993","targetHints":{"allow":["GET"]}}],"collection":[{"href":"https:\/\/www.europesays.com\/fr\/wp-json\/wp\/v2\/posts"}],"about":[{"href":"https:\/\/www.europesays.com\/fr\/wp-json\/wp\/v2\/types\/post"}],"author":[{"embeddable":true,"href":"https:\/\/www.europesays.com\/fr\/wp-json\/wp\/v2\/users\/2"}],"replies":[{"embeddable":true,"href":"https:\/\/www.europesays.com\/fr\/wp-json\/wp\/v2\/comments?post=269993"}],"version-history":[{"count":0,"href":"https:\/\/www.europesays.com\/fr\/wp-json\/wp\/v2\/posts\/269993\/revisions"}],"wp:featuredmedia":[{"embeddable":true,"href":"https:\/\/www.europesays.com\/fr\/wp-json\/wp\/v2\/media\/269994"}],"wp:attachment":[{"href":"https:\/\/www.europesays.com\/fr\/wp-json\/wp\/v2\/media?parent=269993"}],"wp:term":[{"taxonomy":"category","embeddable":true,"href":"https:\/\/www.europesays.com\/fr\/wp-json\/wp\/v2\/categories?post=269993"},{"taxonomy":"post_tag","embeddable":true,"href":"https:\/\/www.europesays.com\/fr\/wp-json\/wp\/v2\/tags?post=269993"}],"curies":[{"name":"wp","href":"https:\/\/api.w.org\/{rel}","templated":true}]}}