{"id":269997,"date":"2025-07-24T08:11:13","date_gmt":"2025-07-24T08:11:13","guid":{"rendered":"https:\/\/www.europesays.com\/fr\/269997\/"},"modified":"2025-07-24T08:11:13","modified_gmt":"2025-07-24T08:11:13","slug":"le-royaume-uni-et-la-turquie-signent-un-accord-portant-sur-des-avions-de-combat-eurofighter","status":"publish","type":"post","link":"https:\/\/www.europesays.com\/fr\/269997\/","title":{"rendered":"Le Royaume-Uni et la Turquie signent un accord portant sur des avions de combat Eurofighter"},"content":{"rendered":"<p>\n  Par&amp;nbsp<b>Euronews<\/b>\n<\/p>\n<p>\n         Publi\u00e9 le<br \/>\n            23\/07\/2025 &#8211; 17:48 UTC+2\n            <\/p>\n<p>            <img decoding=\"async\" class=\"c-ad__placeholder__logo\" src=\"https:\/\/static.euronews.com\/website\/images\/logos\/logo-euronews-grey-6-180x22.svg\" width=\"180\" height=\"22\" alt=\"\" loading=\"lazy\"\/><br \/>\n            PUBLICIT\u00c9<\/p>\n<p>Le Royaume-Uni et la Turquie ont sign\u00e9 mercredi un accord pr\u00e9liminaire pour la vente d&rsquo;avions de combat Eurofighter Typhoon \u00e0 la Turquie, marquant ainsi une \u00e9tape importante dans les efforts d&rsquo;Ankara pour moderniser sa flotte a\u00e9rienne.<\/p>\n<p>Le ministre turc de la D\u00e9fense, Ya\u015far G\u00fcler a d\u00e9clar\u00e9 avoir sign\u00e9 un protocole d&rsquo;accord avec son homologue britannique, John Healey, lors d&rsquo;un salon de l&rsquo;industrie de la d\u00e9fense \u00e0 Istanbul. <\/p>\n<p>\u00ab\u00a0Les deux ministres accueillent cette signature comme une \u00e9tape positive vers l&rsquo;entr\u00e9e de la Turquie dans le club Typhoon et partagent l&rsquo;ambition de conclure les accords n\u00e9cessaires d\u00e8s que possible\u00a0\u00bb, pr\u00e9cise un communiqu\u00e9 du minist\u00e8re turc de la D\u00e9fense<\/p>\n<p>Les Eurofighters construits par un consortium britannique, allemand et italien<\/p>\n<p>La Turquie, membre de l&rsquo;OTAN, envisage depuis plusieurs ann\u00e9es d&rsquo;acheter 40 avions de combat Eurofighter, construits par un consortium d&rsquo;entreprises britanniques, allemandes et italiennes.<\/p>\n<p>L&rsquo;Allemagne se serait d&rsquo;abord oppos\u00e9e \u00e0 la vente, avant de revenir sur sa position et la Grande-Bretagne a men\u00e9 les n\u00e9gociations au nom du consortium.<\/p>\n<p>Les responsables turcs ont d\u00e9clar\u00e9 qu&rsquo;ils \u00e9taient toujours en train de n\u00e9gocier le prix et les conditions techniques de la vente des avions. Apr\u00e8s r\u00e9ception d&rsquo;une premi\u00e8re offre, ceux-ci comptent soumettre une contre-proposition.<\/p>\n<p>Le programme  d&rsquo;avions de combat F-35 \u00e9galement vis\u00e9 par Ankara<\/p>\n<p>La Turquie cherche \u00e9galement \u00e0 r\u00e9int\u00e9grer le programme d&rsquo;avions de combat F-35 dirig\u00e9 par les \u00c9tats-Unis, apr\u00e8s en avoir \u00e9t\u00e9 exclu en 2019 \u00e0 la suite de l&rsquo;achat de syst\u00e8mes de d\u00e9fense antimissile S-400 de fabrication russe.<\/p>\n<p>Les \u00c9tats-Unis ont d\u00e9clar\u00e9 que les syst\u00e8mes \u00e9taient incompatibles avec la technologie de l&rsquo;OTAN et repr\u00e9sentaient un risque pour les F-35.<\/p>\n<p>La Turquie d\u00e9veloppe \u00e9galement un avion de combat national de cinqui\u00e8me g\u00e9n\u00e9ration, le KAAN, qui devrait \u00eatre op\u00e9rationnel en 2028.<\/p>\n<p>Sources additionnelles<strong> \u2022 AP<\/strong><\/p>\n","protected":false},"excerpt":{"rendered":"Par&amp;nbspEuronews Publi\u00e9 le 23\/07\/2025 &#8211; 17:48 UTC+2 PUBLICIT\u00c9 Le Royaume-Uni et la Turquie ont sign\u00e9 mercredi un accord&hellip;\n","protected":false},"author":2,"featured_media":269998,"comment_status":"","ping_status":"","sticky":false,"template":"","format":"standard","meta":{"footnotes":""},"categories":[1588],"tags":[11,25702,1777,674,12,136,473,1853,3496,40925,1851,1850,1852],"class_list":{"0":"post-269997","1":"post","2":"type-post","3":"status-publish","4":"format-standard","5":"has-post-thumbnail","7":"category-royaume-uni","8":"tag-actualites","9":"tag-armee-de-lair","10":"tag-eu","11":"tag-europe","12":"tag-news","13":"tag-otan","14":"tag-royaume-uni","15":"tag-royaume-uni-de-grande-bretagne-et-dirlande-du-nord","16":"tag-turquie","17":"tag-typhon","18":"tag-uk","19":"tag-united-kingdom","20":"tag-united-kingdom-of-great-britain-and-northern-ireland"},"share_on_mastodon":{"url":"https:\/\/pubeurope.com\/@fr\/114907203927996145","error":""},"_links":{"self":[{"href":"https:\/\/www.europesays.com\/fr\/wp-json\/wp\/v2\/posts\/269997","targetHints":{"allow":["GET"]}}],"collection":[{"href":"https:\/\/www.europesays.com\/fr\/wp-json\/wp\/v2\/posts"}],"about":[{"href":"https:\/\/www.europesays.com\/fr\/wp-json\/wp\/v2\/types\/post"}],"author":[{"embeddable":true,"href":"https:\/\/www.europesays.com\/fr\/wp-json\/wp\/v2\/users\/2"}],"replies":[{"embeddable":true,"href":"https:\/\/www.europesays.com\/fr\/wp-json\/wp\/v2\/comments?post=269997"}],"version-history":[{"count":0,"href":"https:\/\/www.europesays.com\/fr\/wp-json\/wp\/v2\/posts\/269997\/revisions"}],"wp:featuredmedia":[{"embeddable":true,"href":"https:\/\/www.europesays.com\/fr\/wp-json\/wp\/v2\/media\/269998"}],"wp:attachment":[{"href":"https:\/\/www.europesays.com\/fr\/wp-json\/wp\/v2\/media?parent=269997"}],"wp:term":[{"taxonomy":"category","embeddable":true,"href":"https:\/\/www.europesays.com\/fr\/wp-json\/wp\/v2\/categories?post=269997"},{"taxonomy":"post_tag","embeddable":true,"href":"https:\/\/www.europesays.com\/fr\/wp-json\/wp\/v2\/tags?post=269997"}],"curies":[{"name":"wp","href":"https:\/\/api.w.org\/{rel}","templated":true}]}}