{"id":269999,"date":"2025-07-24T08:12:18","date_gmt":"2025-07-24T08:12:18","guid":{"rendered":"https:\/\/www.europesays.com\/fr\/269999\/"},"modified":"2025-07-24T08:12:18","modified_gmt":"2025-07-24T08:12:18","slug":"allemagne-le-secteur-prive-affiche-de-nouveau-une-legere-expansion-en-juillet","status":"publish","type":"post","link":"https:\/\/www.europesays.com\/fr\/269999\/","title":{"rendered":"Allemagne : le secteur priv\u00e9 affiche de nouveau une l\u00e9g\u00e8re expansion en juillet"},"content":{"rendered":"<p>(AOF) &#8211; En juillet, l&rsquo;activit\u00e9 a l\u00e9g\u00e8rement augment\u00e9 pour le deuxi\u00e8me mois cons\u00e9cutif dans le secteur priv\u00e9 allemand, selon une estimation flash de S&amp;P Global. L\u2019indice des directeurs d\u2019achat (PMI) Composite, qui prend en compte les secteurs manufacturier et des services, est ressorti \u00e0 50,3, contre 40,4 en juin. Il \u00e9tait attendu \u00e0 50,7. Le PMI dans les services est pass\u00e9 de 49,7 en juin \u00e0 50,1 en juillet. Il \u00e9tait anticip\u00e9 \u00e0 50. Le PMI dans le secteur manufacturier est pass\u00e9 de 49 en juin \u00e0 49,2 en juillet. Il \u00e9tait attendu \u00e0 49,4.<\/p>\n","protected":false},"excerpt":{"rendered":"(AOF) &#8211; En juillet, l&rsquo;activit\u00e9 a l\u00e9g\u00e8rement augment\u00e9 pour le deuxi\u00e8me mois cons\u00e9cutif dans le secteur priv\u00e9 allemand,&hellip;\n","protected":false},"author":2,"featured_media":16694,"comment_status":"","ping_status":"","sticky":false,"template":"","format":"standard","meta":{"footnotes":""},"categories":[1587],"tags":[11,672,1804,1805,1803,1777,674,1801,12,1802],"class_list":{"0":"post-269999","1":"post","2":"type-post","3":"status-publish","4":"format-standard","5":"has-post-thumbnail","7":"category-allemagne","8":"tag-actualites","9":"tag-allemagne","10":"tag-bundesrepublik-deutschland","11":"tag-de","12":"tag-deutschland","13":"tag-eu","14":"tag-europe","15":"tag-germany","16":"tag-news","17":"tag-republique-federale-dallemagne"},"share_on_mastodon":{"url":"https:\/\/pubeurope.com\/@fr\/114907207853049363","error":""},"_links":{"self":[{"href":"https:\/\/www.europesays.com\/fr\/wp-json\/wp\/v2\/posts\/269999","targetHints":{"allow":["GET"]}}],"collection":[{"href":"https:\/\/www.europesays.com\/fr\/wp-json\/wp\/v2\/posts"}],"about":[{"href":"https:\/\/www.europesays.com\/fr\/wp-json\/wp\/v2\/types\/post"}],"author":[{"embeddable":true,"href":"https:\/\/www.europesays.com\/fr\/wp-json\/wp\/v2\/users\/2"}],"replies":[{"embeddable":true,"href":"https:\/\/www.europesays.com\/fr\/wp-json\/wp\/v2\/comments?post=269999"}],"version-history":[{"count":0,"href":"https:\/\/www.europesays.com\/fr\/wp-json\/wp\/v2\/posts\/269999\/revisions"}],"wp:featuredmedia":[{"embeddable":true,"href":"https:\/\/www.europesays.com\/fr\/wp-json\/wp\/v2\/media\/16694"}],"wp:attachment":[{"href":"https:\/\/www.europesays.com\/fr\/wp-json\/wp\/v2\/media?parent=269999"}],"wp:term":[{"taxonomy":"category","embeddable":true,"href":"https:\/\/www.europesays.com\/fr\/wp-json\/wp\/v2\/categories?post=269999"},{"taxonomy":"post_tag","embeddable":true,"href":"https:\/\/www.europesays.com\/fr\/wp-json\/wp\/v2\/tags?post=269999"}],"curies":[{"name":"wp","href":"https:\/\/api.w.org\/{rel}","templated":true}]}}