{"id":270000,"date":"2025-07-24T08:13:12","date_gmt":"2025-07-24T08:13:12","guid":{"rendered":"https:\/\/www.europesays.com\/fr\/270000\/"},"modified":"2025-07-24T08:13:12","modified_gmt":"2025-07-24T08:13:12","slug":"lafrique-et-leurope-enfin-connectees-le-tunnel-sous-marin-maroc-espagne-valide-apres-40-ans-dattente-et-de-blocages-intenses","status":"publish","type":"post","link":"https:\/\/www.europesays.com\/fr\/270000\/","title":{"rendered":"\u00ab L\u2019Afrique et l\u2019Europe enfin connect\u00e9es \u00bb : le tunnel sous-marin Maroc-Espagne valid\u00e9 apr\u00e8s 40 ans d\u2019attente et de blocages intenses"},"content":{"rendered":"<tr>\n<td><strong>EN BREF<\/strong><\/td>\n<\/tr>\n<tr>\n<td>\n<ul>\n<li>\ud83c\udf0d Le tunnel sous le d\u00e9troit de Gibraltar vise \u00e0 renforcer les liens <strong>g\u00e9ostrat\u00e9giques<\/strong> entre l\u2019Afrique et l\u2019Europe.<\/li>\n<li>\ud83d\udd27 Avec ses <strong>42 kilom\u00e8tres<\/strong> de long, ce projet doit surmonter des d\u00e9fis techniques et environnementaux majeurs.<\/li>\n<li>\ud83e\udd1d Il symbolise une <strong>coop\u00e9ration<\/strong> transnationale et pourrait transformer les relations \u00e9conomiques entre le Maroc et l\u2019UE.<\/li>\n<li>\ud83c\udf31 En tant que vecteur d\u2019int\u00e9gration, le tunnel pourrait devenir un symbole de <strong>solidarit\u00e9<\/strong> euro-africaine au XXIe si\u00e8cle.<\/li>\n<\/ul>\n<\/td>\n<\/tr>\n<p>Le projet ambitieux d\u2019un tunnel sous le d\u00e9troit de Gibraltar entre le Maroc et l\u2019Espagne capte l\u2019attention mondiale. Il vise \u00e0 \u00e9tablir une connexion permanente entre l\u2019Afrique et l\u2019Europe, renfor\u00e7ant ainsi les liens \u00e9conomiques et culturels entre ces continents. Actuellement, les ferries reliant Tanger \u00e0 l\u2019Espagne jouent un r\u00f4le crucial dans le transport, mais un tunnel ferroviaire sous-marin offrirait une solution plus durable et moins expos\u00e9e aux al\u00e9as climatiques. Ce projet prometteur pourrait inaugurer une nouvelle \u00e8re de coop\u00e9ration transcontinentale.<\/p>\n<p>Un d\u00e9fi g\u00e9ostrat\u00e9gique de taille<\/p>\n<p>La construction du tunnel sous le d\u00e9troit de Gibraltar repr\u00e9sente un d\u00e9fi g\u00e9ostrat\u00e9gique majeur pour le Maroc et l\u2019Espagne. Le budget de 1,6 million d\u2019euros allou\u00e9 par l\u2019Espagne pour la mise \u00e0 jour des \u00e9tudes de faisabilit\u00e9 t\u00e9moigne de l\u2019engagement des deux pays envers ce projet ambitieux. S\u2019\u00e9tendant sur <strong>42 kilom\u00e8tres<\/strong> et atteignant des profondeurs de 475 m\u00e8tres, cette infrastructure n\u00e9cessite des solutions d\u2019ing\u00e9nierie avanc\u00e9es pour traverser une r\u00e9gion sujette aux tremblements de terre. Le tunnel ne se limite pas \u00e0 une connexion physique, il est aussi un symbole d\u2019union entre continents, cultures et \u00e9conomies, renfor\u00e7ant les relations entre le Maroc et l\u2019Union europ\u00e9enne.<\/p>\n<p>Relanc\u00e9 en 2023 apr\u00e8s une p\u00e9riode d\u2019incertitude, ce projet incarne les aspirations communes des deux nations. Il refl\u00e8te une coop\u00e9ration g\u00e9opolitique et culturelle dans un monde en proie \u00e0 des incertitudes croissantes, et pourrait bien devenir un mod\u00e8le de collaboration internationale.<\/p>\n<blockquote class=\"wp-embedded-content\" data-secret=\"EBtLcxXlTT\">\n<p><a href=\"https:\/\/www.lejournaleconomique.com\/2025\/01\/10\/avec-larret-du-gaz-russe-une-redistribution-des-cartes\/\" target=\"_blank\" rel=\"noopener\">Avec l\u2019arr\u00eat du gaz russe, une redistribution des cartes<\/a><\/p>\n<\/blockquote>\n<p>Symbolisme et influence douce<\/p>\n<p>Pour le Maroc, ce tunnel repr\u00e9sente une d\u00e9monstration de son <strong>influence douce<\/strong> et de son leadership sur le continent africain. Le pays, qui co-organisera la Coupe du Monde de la FIFA 2030 avec l\u2019Espagne et le Portugal, est d\u00e9j\u00e0 sous les projecteurs mondiaux. Bien que l\u2019ach\u00e8vement du tunnel soit pr\u00e9vu pour 2040, l\u2019\u00e9lan politique et culturel est d\u00e9j\u00e0 palpable. Selon le ministre des Affaires \u00e9trang\u00e8res espagnol, Jose Manuel Albares, renforcer les relations avec le Maroc est essentiel pour l\u2019Europe.<\/p>\n<p>L\u2019initiative \u00ab\u00a0Op\u00e9ration Travers\u00e9e du D\u00e9troit\u00a0\u00bb (OPE) illustre la coop\u00e9ration r\u00e9ussie entre le Maroc et l\u2019Espagne, d\u00e9montrant comment des projets communs peuvent renforcer l\u2019harmonie diplomatique. Le tunnel pourrait devenir un symbole concret de ces ambitions transnationales, consolidant ainsi les relations bilat\u00e9rales entre les deux pays.<\/p>\n<blockquote class=\"wp-embedded-content\" data-secret=\"31QmXxw7BM\">\n<p><a href=\"https:\/\/www.lejournaleconomique.com\/2025\/07\/11\/la-planete-est-devenue-notre-fournaise-en-2025-la-canicule-mortelle-liee-au-climat-triple-le-nombre-de-deces-humains\/\" target=\"_blank\" rel=\"noopener\">\u00ab La plan\u00e8te est devenue notre fournaise \u00bb : en 2025, la canicule mortelle li\u00e9e au climat triple le nombre de d\u00e9c\u00e8s humains<\/a><\/p>\n<\/blockquote>\n<p>Cons\u00e9quences \u00e9conomiques locales<\/p>\n<p>Les r\u00e9percussions \u00e9conomiques du tunnel sur les r\u00e9gions environnantes sont consid\u00e9rables. Les analystes de CAPMAD soulignent que le tunnel s\u2019inscrit dans des ambitions commerciales plus vastes entre l\u2019UE et l\u2019Afrique, notamment dans le cadre du Pacte vert pour l\u2019Europe et de l\u2019\u00e9largissement des cha\u00eenes d\u2019approvisionnement en Afrique du Nord et de l\u2019Ouest. <strong>Le Maroc, d\u00e9j\u00e0 un partenaire commercial crucial de l\u2019UE, pourrait renforcer son r\u00f4le de porte d\u2019entr\u00e9e pour les biens et la main-d\u2019\u0153uvre africains<\/strong>.<\/p>\n<p>Le lancement de nouveaux services de ferry \u00e0 grande vitesse entre Tarifa et Tanger en mai 2025 par Balearia t\u00e9moigne de la demande croissante pour des connexions s\u00fbres et efficaces. Bien que le tunnel ne remplace pas les ferries, il les compl\u00e9tera en offrant une alternative permanente et r\u00e9sistante aux intemp\u00e9ries. Les enjeux \u00e9conomiques sont donc majeurs, avec des perspectives d\u2019acc\u00e9l\u00e9ration \u00e9conomique pour le Maroc gr\u00e2ce \u00e0 cette nouvelle infrastructure.<\/p>\n<blockquote class=\"wp-embedded-content\" data-secret=\"ZfSLbU4yyC\">\n<p><a href=\"https:\/\/www.lejournaleconomique.com\/2024\/10\/31\/sahara-occidental-emmanuel-macron-fache-alger-et-le-polisario\/\" target=\"_blank\" rel=\"noopener\">Sahara occidental\u00a0: Emmanuel Macron f\u00e2che Alger et le Polisario<\/a><\/p>\n<\/blockquote>\n<p>Espoirs et incertitudes autour du tunnel<\/p>\n<p>Au-del\u00e0 des aspects g\u00e9opolitiques et financiers, le tunnel sous le d\u00e9troit de Gibraltar repr\u00e9sente un espoir pour de nombreuses personnes. Pour les familles marocaines ayant des proches en Espagne, les \u00e9tudiants, les travailleurs et les touristes, il symbolise l\u2019int\u00e9gration et l\u2019opportunit\u00e9. Cependant, la r\u00e9alisation de cette vision d\u00e9pendra de la volont\u00e9 politique et de la coop\u00e9ration interr\u00e9gionale.<\/p>\n<p>Les pr\u00e9occupations environnementales, notamment li\u00e9es au forage dans les fonds marins du d\u00e9troit, suscitent \u00e9galement des doutes. Les critiques soulignent les retards pass\u00e9s et les obstacles politiques rencontr\u00e9s par le projet. La complexit\u00e9 technique du tunnel, qui surpasserait l\u2019Eurotunnel et le Ryfast norv\u00e9gien, ajoute une couche de d\u00e9fis suppl\u00e9mentaires. Ce projet audacieux d\u2019unit\u00e9 euro-africaine soul\u00e8ve la question suivante : deviendra-t-il un vecteur d\u2019unit\u00e9 ou r\u00e9v\u00e9lera-t-il de nouvelles divisions ?<\/p>\n<p>Le tunnel sous le d\u00e9troit de Gibraltar entre le Maroc et l\u2019Espagne suscite des espoirs et des d\u00e9fis. Tandis que la coop\u00e9ration internationale est mise en avant, les incertitudes techniques et environnementales demeurent. La question de savoir si ce projet deviendra un symbole d\u2019unit\u00e9 ou g\u00e9n\u00e9rera de nouvelles divisions reste ouverte. Comment le Maroc et l\u2019Espagne r\u00e9ussiront-ils \u00e0 concilier ambition et durabilit\u00e9 environnementale dans cette entreprise historique ?<\/p>\n<p>Cet article s\u2019appuie sur des sources v\u00e9rifi\u00e9es et l\u2019assistance de technologies \u00e9ditoriales.<\/p>\n<p id=\"rating\">\u00c7a vous a plu ?\u00a04.3\/5 (27)<\/p>\n","protected":false},"excerpt":{"rendered":"EN BREF \ud83c\udf0d Le tunnel sous le d\u00e9troit de Gibraltar vise \u00e0 renforcer les liens g\u00e9ostrat\u00e9giques entre l\u2019Afrique&hellip;\n","protected":false},"author":2,"featured_media":270001,"comment_status":"","ping_status":"","sticky":false,"template":"","format":"standard","meta":{"footnotes":""},"categories":[1586],"tags":[11,1777,674,1011,27,2223,12,25,40926],"class_list":{"0":"post-270000","1":"post","2":"type-post","3":"status-publish","4":"format-standard","5":"has-post-thumbnail","7":"category-europe","8":"tag-actualites","9":"tag-eu","10":"tag-europe","11":"tag-fr","12":"tag-france","13":"tag-maroc","14":"tag-news","15":"tag-republique-francaise","16":"tag-tunnel-sous-marin"},"share_on_mastodon":{"url":"https:\/\/pubeurope.com\/@fr\/114907211711208786","error":""},"_links":{"self":[{"href":"https:\/\/www.europesays.com\/fr\/wp-json\/wp\/v2\/posts\/270000","targetHints":{"allow":["GET"]}}],"collection":[{"href":"https:\/\/www.europesays.com\/fr\/wp-json\/wp\/v2\/posts"}],"about":[{"href":"https:\/\/www.europesays.com\/fr\/wp-json\/wp\/v2\/types\/post"}],"author":[{"embeddable":true,"href":"https:\/\/www.europesays.com\/fr\/wp-json\/wp\/v2\/users\/2"}],"replies":[{"embeddable":true,"href":"https:\/\/www.europesays.com\/fr\/wp-json\/wp\/v2\/comments?post=270000"}],"version-history":[{"count":0,"href":"https:\/\/www.europesays.com\/fr\/wp-json\/wp\/v2\/posts\/270000\/revisions"}],"wp:featuredmedia":[{"embeddable":true,"href":"https:\/\/www.europesays.com\/fr\/wp-json\/wp\/v2\/media\/270001"}],"wp:attachment":[{"href":"https:\/\/www.europesays.com\/fr\/wp-json\/wp\/v2\/media?parent=270000"}],"wp:term":[{"taxonomy":"category","embeddable":true,"href":"https:\/\/www.europesays.com\/fr\/wp-json\/wp\/v2\/categories?post=270000"},{"taxonomy":"post_tag","embeddable":true,"href":"https:\/\/www.europesays.com\/fr\/wp-json\/wp\/v2\/tags?post=270000"}],"curies":[{"name":"wp","href":"https:\/\/api.w.org\/{rel}","templated":true}]}}