{"id":270007,"date":"2025-07-24T08:17:11","date_gmt":"2025-07-24T08:17:11","guid":{"rendered":"https:\/\/www.europesays.com\/fr\/270007\/"},"modified":"2025-07-24T08:17:11","modified_gmt":"2025-07-24T08:17:11","slug":"une-premiere-en-france-depuis-1945","status":"publish","type":"post","link":"https:\/\/www.europesays.com\/fr\/270007\/","title":{"rendered":"une premi\u00e8re en France depuis 1945"},"content":{"rendered":"<p class=\"rev-margin-0 rev-text-xs-normal\">Les femmes ont en moyenne leur premier enfant \u00e0 29 ans, soit 5 ans plus tard qu&rsquo;en 1974, selon une \u00e9tude publi\u00e9e mercredi 16 juillet par l&rsquo;Insee qui confirme une tendance observ\u00e9e depuis la fin des ann\u00e9es 1970 en France et dans l&rsquo;Union europ\u00e9enne.<\/p>\n<p class=\"rev-margin-0 rev-text-xs-bold\">\/ PHOTO AFP \/ Didier PALLAGES<\/p>\n<p>Le nombre de d\u00e9c\u00e8s cumul\u00e9s sur 12 mois glissants a d\u00e9pass\u00e9 celui des naissances en France pour la premi\u00e8re fois depuis 1945, d&rsquo;apr\u00e8s <a href=\"https:\/\/www.insee.fr\/fr\/accueil\" target=\"_blank\" rel=\"noopener\">l&rsquo;Insee<\/a>.<\/p>\n<p>Du 1er juin 2024 au 31 mai 2025, la France a d\u00e9compt\u00e9 651 000 d\u00e9c\u00e8s et 650 000 naissances, soit <strong>un solde d\u00e9mographique n\u00e9gatif <\/strong>(-1000)\u00a0: une premi\u00e8re depuis <strong>80 ans<\/strong>, selon l&rsquo;Insee. Depuis 1945, le nombre de naissances avait toujours \u00e9t\u00e9 sup\u00e9rieur \u00e0 celui des d\u00e9c\u00e8s.<\/p>\n<p>\u00ab\u00a0C&rsquo;est une nouveaut\u00e9 que de basculer du c\u00f4t\u00e9 n\u00e9gatif\u00a0\u00bb, analyse Julien Damon, d\u00e9mographe et ancien directeur des \u00e9tudes de la Caisse nationale des allocations familiales (Cnaf), aupr\u00e8s de <a href=\"https:\/\/www.franceinfo.fr\/societe\/les-deces-viennent-de-depasser-les-naissances-en-france-une-premiere-depuis-la-seconde-guerre-mondiale_7394833.html\" target=\"_blank\" rel=\"noopener\">France Info<\/a>. \u00ab\u00a0Il y a eu une acc\u00e9l\u00e9ration du changement d\u00e9mographique.\u00a0Cette bascule \u00e9tait pr\u00e9vue par l&rsquo;Insee <strong>pour 2035<\/strong>, donc on a pris <strong>10 ans d&rsquo;avance<\/strong>. C&rsquo;est dire combien la <strong>baisse de la f\u00e9condit\u00e9<\/strong> est importante.\u00a0\u00bb<\/p>\n<p>La France doit-elle s&rsquo;inqui\u00e9ter? \u00ab\u00a0Oui\u00a0\u00bb, estime Julien Damon, qui rappelle que \u00ab\u00a0la plupart des pays de l&rsquo;Union europ\u00e9enne sont dans cette situation depuis longtemps\u00a0\u00bb. \u00ab\u00a0La France change de r\u00e9gime d\u00e9mographique\u00a0\u00bb, poursuit le d\u00e9mographe, qui pr\u00e9dit que \u00ab\u00a0l&rsquo;ensemble de nos \u00e9quilibres sociaux peut progressivement \u00eatre d\u00e9stabilis\u00e9\u00a0\u00bb. <\/p>\n<p>Les femmes ont en moyenne leur premier enfant \u00e0 29 ans<\/p>\n<p>Les femmes <a href=\"https:\/\/www.laprovence.com\/article\/france-monde\/64888598571396\/naissances-en-france-un-recul-du-a-de-multiples-facteurs-difficile-a-freiner\" target=\"_blank\" rel=\"noopener\">ont en moyenne leur premier enfant \u00e0 29 ans<\/a>, soit 5 ans plus tard qu&rsquo;en 1974, selon une \u00e9tude publi\u00e9e mercredi 16 juillet par l&rsquo;Insee qui confirme une tendance observ\u00e9e depuis la fin des ann\u00e9es 1970 en France et dans l&rsquo;Union europ\u00e9enne.\u00a0<\/p>\n<p>\u00ab\u00a0L&rsquo;\u00e2ge conjoncturel moyen des m\u00e8res \u00e0 la\u00a0naissance\u00a0de leur premier enfant atteint 29,1 ans en 2023, soit 0,9 an de plus qu&rsquo;en 2013, 5,1 ans de plus qu&rsquo;en 1974 et 4,9 ans de plus qu&rsquo;en 1967\u00a0\u00bb, pr\u00e9cise l&rsquo;institut national de la statistique et des \u00e9tudes \u00e9conomiques.\u00a0<\/p>\n<p>Du milieu des ann\u00e9es 1970 \u00e0 la fin des ann\u00e9es 1990, ce recul de l&rsquo;\u00e2ge pouvait s&rsquo;expliquer par la diffusion des m\u00e9thodes de contraception, l&rsquo;allongement des \u00e9tudes et \u00ab\u00a0la participation croissante des femmes au march\u00e9 du travail\u00a0\u00bb, souligne l&rsquo;institut. <a href=\"https:\/\/www.laprovence.com\/article\/region\/2808691718848514\/avec-877-000-habitants-marseille-grossit-mais-tres-lentement-selon-les-chiffres-de-linsee\" target=\"_blank\" rel=\"noopener\">D&rsquo;autres facteurs ont depuis pris le relais<\/a>, comme le contexte socio-\u00e9conomique, politique ou environnemental qui a pu \u00ab\u00a0conduire \u00e0 reporter des d\u00e9cisions de f\u00e9condit\u00e9\u00a0\u00bb, ou encore une dur\u00e9e de scolarisation accrue.<\/p>\n<p><a href=\"https:\/\/www.laprovence.com\/article\/societe\/33160696937145\/la-population-grimpe-en-region-paca-en-2023-malgre-une-baisse-spectaculaire-des-naissances\" target=\"_blank\" rel=\"noopener\">La hausse de l&rsquo;\u00e2ge \u00e0 la premi\u00e8re maternit\u00e9<\/a> d\u00e9cale sans surprise l&rsquo;\u00e2ge aux maternit\u00e9s suivantes, rel\u00e8ve l&rsquo;Insee : les m\u00e8res qui mettent au monde leur deuxi\u00e8me enfant en 2023 sont \u00e2g\u00e9es de 31,6 ans en moyenne, soit 4,8 ans de plus qu&rsquo;en 1967. Quant au d\u00e9lai entre les\u00a0naissances, il n&rsquo;augmente \u00ab\u00a0que tr\u00e8s l\u00e9g\u00e8rement\u00a0\u00bb, \u00e0 4,2 ann\u00e9es en moyenne, soit 0,1 an de plus qu&rsquo;en 2013.<\/p>\n<p>Loin d&rsquo;\u00eatre une exception fran\u00e7aise, cette hausse de l&rsquo;\u00e2ge au premier enfant concerne l&rsquo;ensemble des pays de l&rsquo;Union europ\u00e9enne.<\/p>\n","protected":false},"excerpt":{"rendered":"Les femmes ont en moyenne leur premier enfant \u00e0 29 ans, soit 5 ans plus tard qu&rsquo;en 1974,&hellip;\n","protected":false},"author":2,"featured_media":270008,"comment_status":"","ping_status":"","sticky":false,"template":"","format":"standard","meta":{"footnotes":""},"categories":[4],"tags":[17,11,3983,1011,27,40927,12,378,3051,746,25,104,96],"class_list":{"0":"post-270007","1":"post","2":"type-post","3":"status-publish","4":"format-standard","5":"has-post-thumbnail","7":"category-france","8":"tag-17","9":"tag-actualites","10":"tag-deces","11":"tag-fr","12":"tag-france","13":"tag-naissances","14":"tag-news","15":"tag-plus","16":"tag-premiere","17":"tag-que","18":"tag-republique-francaise","19":"tag-societe","20":"tag-une"},"share_on_mastodon":{"url":"https:\/\/pubeurope.com\/@fr\/114907227426041618","error":""},"_links":{"self":[{"href":"https:\/\/www.europesays.com\/fr\/wp-json\/wp\/v2\/posts\/270007","targetHints":{"allow":["GET"]}}],"collection":[{"href":"https:\/\/www.europesays.com\/fr\/wp-json\/wp\/v2\/posts"}],"about":[{"href":"https:\/\/www.europesays.com\/fr\/wp-json\/wp\/v2\/types\/post"}],"author":[{"embeddable":true,"href":"https:\/\/www.europesays.com\/fr\/wp-json\/wp\/v2\/users\/2"}],"replies":[{"embeddable":true,"href":"https:\/\/www.europesays.com\/fr\/wp-json\/wp\/v2\/comments?post=270007"}],"version-history":[{"count":0,"href":"https:\/\/www.europesays.com\/fr\/wp-json\/wp\/v2\/posts\/270007\/revisions"}],"wp:featuredmedia":[{"embeddable":true,"href":"https:\/\/www.europesays.com\/fr\/wp-json\/wp\/v2\/media\/270008"}],"wp:attachment":[{"href":"https:\/\/www.europesays.com\/fr\/wp-json\/wp\/v2\/media?parent=270007"}],"wp:term":[{"taxonomy":"category","embeddable":true,"href":"https:\/\/www.europesays.com\/fr\/wp-json\/wp\/v2\/categories?post=270007"},{"taxonomy":"post_tag","embeddable":true,"href":"https:\/\/www.europesays.com\/fr\/wp-json\/wp\/v2\/tags?post=270007"}],"curies":[{"name":"wp","href":"https:\/\/api.w.org\/{rel}","templated":true}]}}