{"id":270009,"date":"2025-07-24T08:18:14","date_gmt":"2025-07-24T08:18:14","guid":{"rendered":"https:\/\/www.europesays.com\/fr\/270009\/"},"modified":"2025-07-24T08:18:14","modified_gmt":"2025-07-24T08:18:14","slug":"cette-fois-bryson-dechambeau-a-un-plan-pour-battre-rory-mcilroy-a-la-ryder-cup","status":"publish","type":"post","link":"https:\/\/www.europesays.com\/fr\/270009\/","title":{"rendered":"Cette fois, Bryson DeChambeau a un plan pour battre Rory McIlroy \u00e0 la Ryder Cup !"},"content":{"rendered":"<p>\t\t\t\t\t\t<img width=\"770\" height=\"556\" src=\"https:\/\/www.europesays.com\/fr\/wp-content\/uploads\/2025\/07\/rory-mcilroy-bryson-dechambeau-ryder-cup-masters-770x556.jpg\" class=\"img-responsive wp-post-image\" alt=\"Rory McIlroy Bryson DeChambeau Photo by Harry How \/ GETTY IMAGES NORTH AMERICA \/ Getty Images via AFP)\" decoding=\"async\" fetchpriority=\"high\"  \/>\t\t\t\t\t<\/p>\n<p>\t\t\t\t\t\t Partager cet article <\/p>\n<p class=\"screen-reader-text juiz_sps_maybe_hidden_text\">Partager la publication \u00ab\u00a0Cette fois, Bryson DeChambeau a un plan pour battre Rory McIlroy \u00e0 la Ryder Cup !\u00a0\u00bb<\/p>\n<p><strong>Quasi certain de faire partie de l\u2019\u00e9quipe am\u00e9ricaine de Keegan Bradley \u00e0 la prochaine Ryder Cup \u00e0 Bethpage au mois de septembre, Bryson DeChambeau esp\u00e8re que le sort lui offrira une revanche face \u00e0 Rory McIlroy, avec une id\u00e9e derri\u00e8re la t\u00eate.<\/strong><\/p>\n<p>\t\t\t\t\t<a id=\"179399\" href=\"https:\/\/www.terre-blanche.com\/landing\/summer-deals?mtm_campaign=summer_deals_golf_planet_juil_2025&amp;mtm_medium=display&amp;mtm_source=golf_planet&amp;mtm_content=_CTA_&amp;mtm_group=trafic\" target=\"_blank\" rel=\"sponsorised nofollow noopener\"><img decoding=\"async\" src=\"data:image\/svg+xml,%3Csvg%20xmlns=\" http:=\"\" class=\"img-responsive\" alt=\"\" data-lazy-src=\"https:\/\/www.europesays.com\/fr\/wp-content\/uploads\/2025\/07\/terreblanche-e01-summer-deals-1170x275-1.gif\"\/><\/a><\/p>\n<p>Domin\u00e9 par <strong>Rory McIlroy<\/strong> dans le dernier tour du <strong>Masters<\/strong> \u00e0 Augusta en avril, <strong>Bryson DeChambeau<\/strong> avait notamment point\u00e9 du doigt le comportement du num\u00e9ro 2 mondial, lui reprochant de ne pas lui avoir adress\u00e9 la parole pendant toute la partie.<\/p>\n<blockquote><p>\nJe vais lui gazouiller \u00e0 l\u2019oreille<\/p>\n<p>Bryson DeChambeau veut jouer contre Rory McIlroy en Ryder Cup<\/p>\n<\/blockquote>\n<p>Alors si le tirage des simples du dimanche du 28 septembre en <strong>Ryder Cup<\/strong> propose une nouvelle confrontation directe entre les deux hommes, le double vainqueur de l\u2019<strong>U.S. Open<\/strong> a un plan.\u00a0<\/p>\n<p>\u00ab Je vais lui gazouiller \u00e0 l\u2019oreille, a-t-il expliqu\u00e9 \u00e0 la presse lors de l\u2019avant-premi\u00e8re de Happy Gilmore 2. Cette fois, je vais lui faire la le\u00e7on. Si on se retrouve face \u00e0 face, vous pouvez \u00eatre s\u00fbrs. Je vais lui faire la le\u00e7on. \u00bb<\/p>\n<p>Pilier de l\u2019\u00e9quipe am\u00e9ricaine<\/p>\n<p>Auteur d\u2019une nouvelle excellente saison en Majeur, avec trois top 10 au Masters, au <strong>PGA Championship<\/strong> et dans <strong>The Open<\/strong> dimanche dernier, DeChambeau sera l\u2019un des hommes sur lequel le capitaine du Team USA, <strong>Keegan Bradley<\/strong>, <a href=\"https:\/\/www.golfplanete.com\/actualites\/keegan-bradley-fait-de-bryson-dechambeau-lune-de-ses-pieces-maitresses-a-bethpage\/\" target=\"_blank\" rel=\"noopener nofollow\">compte s\u2019appuyer \u00e0 Bethpage<\/a>.\u00a0<\/p>\n<p>\u00ab Bryson sera un \u00e9l\u00e9ment essentiel de notre victoire \u00e0 la Ryder Cup. Il apporte tellement. Il apporte de l\u2019\u00e9nergie, de la passion, mais surtout, il est l\u2019un des meilleurs joueurs de la plan\u00e8te. \u00bb<\/p>\n<p>\t\t\t\t<img loading=\"lazy\" decoding=\"async\" src=\"data:image\/svg+xml,%3Csvg%20xmlns=\" http:=\"\" attributionsrc=\"\" border=\"0\" height=\"1\" width=\"1\" alt=\"Advertisement\" data-lazy-src=\"https:\/\/www.europesays.com\/fr\/wp-content\/uploads\/2025\/06\/B33661776.421948095;dc_trk_aid=614321628;dc_trk_cid=235413172;ord=[timestamp];dc_lat=;dc_rdid=;tag_f.gif\"\/><\/p>\n<p>\t\t\t\t\t<a id=\"174697\" href=\"https:\/\/ad.doubleclick.net\/ddm\/trackclk\/N6600.3770024GOLFPLANATE\/B33661776.421948095;dc_trk_aid=614321628;dc_trk_cid=235413172;dc_lat=;dc_rdid=;tag_for_child_directed_treatment=;tfua=;gdpr=${GDPR};gdpr_consent=${GDPR_CONSENT_755};ltd=;dc_tdv=1\" target=\"_blank\" rel=\"sponsorised nofollow noopener\"><img decoding=\"async\" src=\"data:image\/svg+xml,%3Csvg%20xmlns=\" http:=\"\" class=\"img-responsive\" alt=\"\" data-lazy-src=\"https:\/\/www.europesays.com\/fr\/wp-content\/uploads\/2025\/06\/amundi-e01-retraite-2506-1170x275-1.jpg\"\/><\/a><\/p>\n<p>\u00a9 Harry How \/ GETTY IMAGES NORTH AMERICA \/ Getty Images via AFP)<\/p>\n","protected":false},"excerpt":{"rendered":"Partager cet article Partager la publication \u00ab\u00a0Cette fois, Bryson DeChambeau a un plan pour battre Rory McIlroy \u00e0&hellip;\n","protected":false},"author":2,"featured_media":270010,"comment_status":"","ping_status":"","sticky":false,"template":"","format":"standard","meta":{"footnotes":""},"categories":[1418],"tags":[1011,27,1472,60],"class_list":{"0":"post-270009","1":"post","2":"type-post","3":"status-publish","4":"format-standard","5":"has-post-thumbnail","7":"category-golf","8":"tag-fr","9":"tag-france","10":"tag-golf","11":"tag-sports"},"share_on_mastodon":{"url":"https:\/\/pubeurope.com\/@fr\/114907231194724047","error":""},"_links":{"self":[{"href":"https:\/\/www.europesays.com\/fr\/wp-json\/wp\/v2\/posts\/270009","targetHints":{"allow":["GET"]}}],"collection":[{"href":"https:\/\/www.europesays.com\/fr\/wp-json\/wp\/v2\/posts"}],"about":[{"href":"https:\/\/www.europesays.com\/fr\/wp-json\/wp\/v2\/types\/post"}],"author":[{"embeddable":true,"href":"https:\/\/www.europesays.com\/fr\/wp-json\/wp\/v2\/users\/2"}],"replies":[{"embeddable":true,"href":"https:\/\/www.europesays.com\/fr\/wp-json\/wp\/v2\/comments?post=270009"}],"version-history":[{"count":0,"href":"https:\/\/www.europesays.com\/fr\/wp-json\/wp\/v2\/posts\/270009\/revisions"}],"wp:featuredmedia":[{"embeddable":true,"href":"https:\/\/www.europesays.com\/fr\/wp-json\/wp\/v2\/media\/270010"}],"wp:attachment":[{"href":"https:\/\/www.europesays.com\/fr\/wp-json\/wp\/v2\/media?parent=270009"}],"wp:term":[{"taxonomy":"category","embeddable":true,"href":"https:\/\/www.europesays.com\/fr\/wp-json\/wp\/v2\/categories?post=270009"},{"taxonomy":"post_tag","embeddable":true,"href":"https:\/\/www.europesays.com\/fr\/wp-json\/wp\/v2\/tags?post=270009"}],"curies":[{"name":"wp","href":"https:\/\/api.w.org\/{rel}","templated":true}]}}