{"id":270013,"date":"2025-07-24T08:21:15","date_gmt":"2025-07-24T08:21:15","guid":{"rendered":"https:\/\/www.europesays.com\/fr\/270013\/"},"modified":"2025-07-24T08:21:15","modified_gmt":"2025-07-24T08:21:15","slug":"tennis-cetait-exceptionnel-la-caledonie-a-pu-participer-a-la-celebre-coupe-davis","status":"publish","type":"post","link":"https:\/\/www.europesays.com\/fr\/270013\/","title":{"rendered":"TENNIS. \u00ab\u00a0C&rsquo;\u00e9tait exceptionnel\u00a0\u00bb, la Cal\u00e9donie a pu participer \u00e0 la c\u00e9l\u00e8bre Coupe Davis"},"content":{"rendered":"<p>Un \u00e9v\u00e8nement pour le tennis cal\u00e9donien\u00a0:\u00a0des repr\u00e9sentants du Caillou ont particip\u00e9 \u00e0 la prestigieuse coupe Davis au sein de l&rsquo;\u00e9quipe du Pacifique.\u00a0Un mois apr\u00e8s\u00a0Carolann\u00a0Delaunay chez les dames,\u00a0Nickolas\u00a0Ngodrela a v\u00e9cu l&rsquo;exp\u00e9rience, c\u00f4t\u00e9 messieurs.<\/p>\n<p lang=\"FR-FR\">Il entra\u00eene de jeunes joueurs de l\u2019Olympique de Noum\u00e9a qui disputeront\u00a0peut-\u00eatre\u00a0un jour, comme lui, la Coupe Davis. Avant de retrouver ses licenci\u00e9s de l&rsquo;\u00e9cole de tennis \u00e0 Sainte-Marie, Nickolas Ngodrela a eu un immense privil\u00e8ge\u00a0:\u00a0participer \u00e0 ce\u00a0troph\u00e9e l\u00e9gendaire, cr\u00e9e il y a plus de 120 ans, qui\u00a0oppose\u00a0dans son format actuel\u00a0plus de 150 pays \u00e0 travers le monde.\u00a0<\/p>\n<p lang=\"FR-FR\">Il est revenu mardi soir de Kuala Lumpur, en Malaisie, o\u00f9 il a port\u00e9 pour la premi\u00e8re fois les couleurs de l&rsquo;\u00e9quipe du Pacifique, inscrite en quatri\u00e8me division de la comp\u00e9tition, dans la zone Asie-Oc\u00e9anie.\u00a0<\/p>\n<p lang=\"FR-FR\">\u00ab\u00a0Comme nous sommes affili\u00e9s \u00e0 la f\u00e9d\u00e9ration fran\u00e7aise, en tant que joueurs cal\u00e9doniens, nous n&rsquo;avions pas le droit de participer jusqu&rsquo;ici, explique Nickolas Ngodrela. Cette ann\u00e9e, l&rsquo;autorisation nous a \u00e9t\u00e9 donn\u00e9e d&rsquo;\u00eatre s\u00e9lectionnable par l&rsquo;\u00e9quipe du Pacifique. Cela d\u00e9pend de la f\u00e9d\u00e9ration oc\u00e9anienne et du capitaine d&rsquo;\u00e9quipe. C&rsquo;est \u00e0 nous de faire nos preuves. Nous n&rsquo;avons pas de place assur\u00e9e, mais ils veulent que nous aidions \u00e0 les faire remonter au classement \u00ab\u00a0.<\/p>\n<p lang=\"FR-FR\">Sollicit\u00e9s, nos meilleurs \u00e9l\u00e9ments actuellement dans l&rsquo;Hexagone, comme Maxime Chazal, Heremana Courte ou Jalane Sala\u00fcn, ne pouvaient \u00eatre disponibles\u00a0du fait d\u2019un calendrier charg\u00e9 en Europe. Mais le n\u00b01 sur le\u00a0territoire, capitaine embl\u00e9matique des Cagous aux Jeux du Pacifique, \u00e9tait\u00a0disponible.\u00a0<\/p>\n<p lang=\"FR-FR\">\u00ab\u00a0C&rsquo;est notre grand fr\u00e8re. Il a un niveau entre 0 et n\u00e9gatif. Tout lui r\u00e9ussit sur les courts et en dehors. C&rsquo;est un beau parcours et une belle personne, explique Pierre-Henri Guillaume, conseiller technique r\u00e9gional. Le concern\u00e9 r\u00eavait, lui de cette opportunit\u00e9 depuis tr\u00e8s longtemps. \u00ab\u00a0On l&rsquo;avait d\u00e9j\u00e0 envisag\u00e9e en 2010 avec Cyrille Mainguy. Cette ann\u00e9e, des places se sont lib\u00e9r\u00e9es, et un vieux projet s&rsquo;est r\u00e9alis\u00e9.\u00a0\u00bb<\/p>\n<p>                                    <img class=\"a-article__image lazy libre\" width=\"0\" height=\"0\" data-src=\"https:\/\/www.europesays.com\/fr\/wp-content\/uploads\/2025\/07\/519426158-1033800588923252-6875359007744750276-n-68819e7a2237b019862267.jpg\" style=\"--img-placeholder: url('\/assets\/img\/placeholders\/article-800-450.svg');\" alt=\"Dans l'\u00e9quipe Pacifique, Gillian Osmont, Nickolas Ngodrela, Brett Baudinet ou encore Aymeric Mara. coupe davis\" aria-hidden=\"true\"\/><\/p>\n<p>                Dans l&rsquo;\u00e9quipe Pacifique, Gillian Osmont, Nickolas Ngodrela, Brett Baudinet ou encore Aymeric Mara.<br \/>\n                     \u2022<br \/>\n                            \u00a9Oceania tennis<\/p>\n<p lang=\"FR-FR\">Nickolas s&rsquo;est donc retrouv\u00e9 dans cette formation du Pacifique, pr\u00e9sente en Coupe Davis depuis trente ans\u00a0! \u00c0 Kuala Lumpur, elle\u00a0s\u2019est mesur\u00e9e dans la poule B\u00a0au\u00a0Koweit, au Qatar et aux Philippines.\u00a0\u00ab\u00a0Une exp\u00e9rience magnifique avec des amis comme Brett Baudinet, des \u00eeles Cook, que je connais de longue date, et Aymeric Mara, le capitaine, un petit du Vanuatu que j&rsquo;ai entra\u00een\u00e9 en Cal\u00e9donie. Il y avait aussi Gillian Osmont de Tahiti, et Maka Ofati, un jeune joueur de 19 ans de Tuvalu. C&rsquo;\u00e9tait exceptionnel. On retrouve les valeurs du Pacifique et \u00e7a m&rsquo;a fait plaisir.\u00a0\u00bb<\/p>\n<p lang=\"FR-FR\">Sur les courts, Ngodrela a failli surprendre le Philippin Alberto Lim, ex-1\u00a0123e mondial, dans le premier set de leur duel avant de s&rsquo;incliner 7-5, 6-1. Le lendemain, face au Qatari Mossa\u00a0Alharassi, il parvient \u00e0 prendre une manche et n&rsquo;est pas loin de l&#8217;emporter\u00a0(3-6, 6-3, 5-7). Les rencontres s&rsquo;encha\u00eenent et pour le dernier match de poule contre le Kowe\u00eftien Qabazard, le Cal\u00e9donien doit \u00e9galement c\u00e9der 6-2, 7-5.\u00a0Au final, lui et ses co\u00e9quipiers remportent deux de leurs sept matchs.\u00a0<\/p>\n<p lang=\"FR-FR\">\u00ab\u00a0C&rsquo;est compliqu\u00e9 parce qu&rsquo;il y a trois jours de phase de poule, et apr\u00e8s, sur la derni\u00e8re journ\u00e9e de barrages, une mont\u00e9e ou une descente. Cela fait quatre journ\u00e9es de comp\u00e9tition tr\u00e8s intenses et malheureusement, physiquement, cela a \u00e9t\u00e9 un peu juste pour moi.\u00a0\u00bb\u00a0S&rsquo;il a sorti une belle prestation devant l&rsquo;Irakien Abdullah Ali Hatem Ghrairi dans le playoff de rel\u00e9gation, apr\u00e8s avoir men\u00e9 6-4, 2-0, il n&rsquo;avait plus suffisamment d&rsquo;\u00e9nergie pour finir le travail (6-4, 3-6, 3-6).<\/p>\n<p lang=\"FR-FR\">\u00a0\u00bb Si je garde le regret d&rsquo;avoir particip\u00e9 \u00e0 la descente de l&rsquo;\u00e9quipe en cinqui\u00e8me division, il y a quand m\u00eame eu un point positif : notre co\u00e9quipier Brett Baudinet a battu le record mondial de victoires en double en Coupe Davis, d\u00e9tenu par l&rsquo;Indien Leander Paes (45). J&rsquo;esp\u00e8re qu&rsquo;on aura l&rsquo;occasion, nous les Cal\u00e9doniens, de faire remonter cette \u00e9quipe l\u00e0 o\u00f9 elle m\u00e9rite d&rsquo;\u00eatre, en troisi\u00e8me ou deuxi\u00e8me division.\u00a0\u00bb\u00a0<\/p>\n<p lang=\"FR-FR\">Une opportunit\u00e9 d\u00e9sormais possible pour les Cagous, chez les hommes, comme chez les femmes.\u00a0\u00ab\u00a0Il y a un mois, Carolann Delaunay, qui joue actuellement dans une structure en r\u00e9gion parisienne, nous a repr\u00e9sent\u00e9s en Coupe Davis dans cette \u00e9quipe. Elle est toujours dans un projet de haut niveau et participe actuellement \u00e0 un tournoi au Mexique\u00a0\u00bb, raconte Pierre-Henri Guillaume. L&rsquo;histoire avec la Coupe Davis ne fait donc que commencer.<\/p>\n<p lang=\"FR-FR\"><strong>Voyez aussi le reportage de Martin Charmasson et Christian Favennec<\/strong><\/p>\n<p>\n          \u00a9nouvellecaledonie\n  <\/p>\n","protected":false},"excerpt":{"rendered":"Un \u00e9v\u00e8nement pour le tennis cal\u00e9donien\u00a0:\u00a0des repr\u00e9sentants du Caillou ont particip\u00e9 \u00e0 la prestigieuse coupe Davis au sein&hellip;\n","protected":false},"author":2,"featured_media":270014,"comment_status":"","ping_status":"","sticky":false,"template":"","format":"standard","meta":{"footnotes":""},"categories":[1415],"tags":[1011,27,60,1467],"class_list":{"0":"post-270013","1":"post","2":"type-post","3":"status-publish","4":"format-standard","5":"has-post-thumbnail","7":"category-tennis","8":"tag-fr","9":"tag-france","10":"tag-sports","11":"tag-tennis"},"share_on_mastodon":{"url":"https:\/\/pubeurope.com\/@fr\/114907242938797302","error":""},"_links":{"self":[{"href":"https:\/\/www.europesays.com\/fr\/wp-json\/wp\/v2\/posts\/270013","targetHints":{"allow":["GET"]}}],"collection":[{"href":"https:\/\/www.europesays.com\/fr\/wp-json\/wp\/v2\/posts"}],"about":[{"href":"https:\/\/www.europesays.com\/fr\/wp-json\/wp\/v2\/types\/post"}],"author":[{"embeddable":true,"href":"https:\/\/www.europesays.com\/fr\/wp-json\/wp\/v2\/users\/2"}],"replies":[{"embeddable":true,"href":"https:\/\/www.europesays.com\/fr\/wp-json\/wp\/v2\/comments?post=270013"}],"version-history":[{"count":0,"href":"https:\/\/www.europesays.com\/fr\/wp-json\/wp\/v2\/posts\/270013\/revisions"}],"wp:featuredmedia":[{"embeddable":true,"href":"https:\/\/www.europesays.com\/fr\/wp-json\/wp\/v2\/media\/270014"}],"wp:attachment":[{"href":"https:\/\/www.europesays.com\/fr\/wp-json\/wp\/v2\/media?parent=270013"}],"wp:term":[{"taxonomy":"category","embeddable":true,"href":"https:\/\/www.europesays.com\/fr\/wp-json\/wp\/v2\/categories?post=270013"},{"taxonomy":"post_tag","embeddable":true,"href":"https:\/\/www.europesays.com\/fr\/wp-json\/wp\/v2\/tags?post=270013"}],"curies":[{"name":"wp","href":"https:\/\/api.w.org\/{rel}","templated":true}]}}