{"id":270015,"date":"2025-07-24T08:23:21","date_gmt":"2025-07-24T08:23:21","guid":{"rendered":"https:\/\/www.europesays.com\/fr\/270015\/"},"modified":"2025-07-24T08:23:21","modified_gmt":"2025-07-24T08:23:21","slug":"fabio-quartararo-en-pole-pour-la-quatrieme-fois-de-la-saison","status":"publish","type":"post","link":"https:\/\/www.europesays.com\/fr\/270015\/","title":{"rendered":"Fabio Quartararo en pole pour la quatri\u00e8me fois de la saison"},"content":{"rendered":"<p>Le pilote fran\u00e7ais <a href=\"https:\/\/www.ledauphine.com\/p\/fabio-quartararo\" target=\"_blank\" rel=\"noopener\">Fabio Quartararo<\/a> a d\u00e9croch\u00e9, samedi la pole position du Grand Prix des Pays-Bas, sa quatri\u00e8me de la saison. Il s&rsquo;\u00e9lancera en t\u00eate \u00e0 15h \u00e0 l&rsquo;occasion de la course sprint, puis lors du Grand Prix dimanche. La premi\u00e8re ligne est compl\u00e9t\u00e9e par l&rsquo;Italien Francesco Bagnaia (Ducati), vainqueur des trois derni\u00e8res \u00e9ditions de l&rsquo;\u00e9preuve n\u00e9erlandaise, et l&rsquo;Espagnol Alex Marquez (Ducati-Gresini).<\/p>\n<p>Ce contenu est bloqu\u00e9 car vous n&rsquo;avez pas accept\u00e9 les cookies et autres traceurs.<\/p>\n<p>En cliquant sur \u00ab J\u2019accepte \u00bb, les cookies et autres traceurs seront d\u00e9pos\u00e9s et vous pourrez visualiser les contenus  (<a href=\"\" class=\"consentModule_policy\" target=\"_blank\" title=\"Consulter la politique de protection des donn\u00e9es du fournisseur\">plus d&rsquo;informations<\/a>).<\/p>\n<p>En cliquant sur \u00ab J\u2019accepte tous les cookies \u00bb, vous autorisez des d\u00e9p\u00f4ts de cookies et autres traceurs pour le stockage de vos donn\u00e9es sur nos sites et applications \u00e0 des fins de personnalisation et de ciblage publicitaire.<\/p>\n<p class=\"consentModule_secondaryText\">Vous gardez la possibilit\u00e9 de retirer votre consentement \u00e0 tout moment en consultant notre <a href=\"https:\/\/www.ledauphine.com\/protection-des-donnees\" target=\"_blank\" title=\"Consulter notre politique de protection des donn\u00e9es\" rel=\"noopener\">politique de protection des donn\u00e9es<\/a>. <br \/>&#13;<br \/>\n            <a href=\"https:\/\/www.ledauphine.com\/sport\/2025\/06\/28\/javascript:Didomi.notice.show()\" class=\"consentModule_cmp\" target=\"_blank\" rel=\"noopener\">G\u00e9rer mes choix<\/a>&#13;\n        <\/p>\n<p>&#13;<br \/>\n                        J&rsquo;accepte&#13;<br \/>\n            J&rsquo;accepte tous les cookies&#13;\n        <\/p>\n<p>Arriv\u00e9 revanchard mais en manque de confiance \u00e0 Assen, apr\u00e8s trois GP conclus par des abandons et une 14e place le week-end dernier en Italie, Quartararo a rapidement trouv\u00e9 ses marques aux Pays-Bas. Vendredi d\u00e9j\u00e0, il avait sign\u00e9 le meilleur temps des essais qualificatifs. De quoi en faire un candidat \u00e0 la victoire d\u00e8s la course sprint l&rsquo;apr\u00e8s-midi.<\/p>\n<p>Marc Marquez en difficult\u00e9<\/p>\n<p>\u00ab Je ne dirais pas que je suis favori mais je fais probablement partie des candidats \u00e0 un top 3. Je me sens bien, la moto fonctionne bien \u00bb, a d\u00e9clar\u00e9 le champion du monde 2021 qui s&rsquo;\u00e9tait plaint ces derni\u00e8res semaines du comportement de sa Yamaha. Sur un circuit n\u00e9cessitant un pilotage \u00ab fluide et pr\u00e9cis \u00bb, le Ni\u00e7ois a visiblement trouv\u00e9 les bons r\u00e9glages pour signer la vingti\u00e8me pole de sa carri\u00e8re.<\/p>\n<p>Ce contenu est bloqu\u00e9 car vous n&rsquo;avez pas accept\u00e9 les cookies et autres traceurs.<\/p>\n<p>En cliquant sur \u00ab J\u2019accepte \u00bb, les cookies et autres traceurs seront d\u00e9pos\u00e9s et vous pourrez visualiser les contenus  (<a href=\"\" class=\"consentModule_policy\" target=\"_blank\" title=\"Consulter la politique de protection des donn\u00e9es du fournisseur\">plus d&rsquo;informations<\/a>).<\/p>\n<p>En cliquant sur \u00ab J\u2019accepte tous les cookies \u00bb, vous autorisez des d\u00e9p\u00f4ts de cookies et autres traceurs pour le stockage de vos donn\u00e9es sur nos sites et applications \u00e0 des fins de personnalisation et de ciblage publicitaire.<\/p>\n<p class=\"consentModule_secondaryText\">Vous gardez la possibilit\u00e9 de retirer votre consentement \u00e0 tout moment en consultant notre <a href=\"https:\/\/www.ledauphine.com\/protection-des-donnees\" target=\"_blank\" title=\"Consulter notre politique de protection des donn\u00e9es\" rel=\"noopener\">politique de protection des donn\u00e9es<\/a>. <br \/>&#13;<br \/>\n            <a href=\"https:\/\/www.ledauphine.com\/sport\/2025\/06\/28\/javascript:Didomi.notice.show()\" class=\"consentModule_cmp\" target=\"_blank\" rel=\"noopener\">G\u00e9rer mes choix<\/a>&#13;\n        <\/p>\n<p>&#13;<br \/>\n                        J&rsquo;accepte&#13;<br \/>\n            J&rsquo;accepte tous les cookies&#13;\n        <\/p>\n<p>\u00c0 l&rsquo;inverse, <a href=\"https:\/\/www.ledauphine.com\/sport\/2025\/06\/22\/marc-marquez-s-impose-au-mugello-apres-une-superbe-bataille-avec-son-frere-alex-et-bagnaia\" target=\"_blank\" rel=\"noopener\">le leader du championnat, Marc Marquez<\/a>, est apparu en difficult\u00e9 au lendemain d&rsquo;une journ\u00e9e chahut\u00e9e par deux lourdes chutes qui lui ont occasionn\u00e9 plusieurs ecchymoses et ont n\u00e9cessit\u00e9 la pose d&rsquo;un point de suture au menton. \u00ab Ce n&rsquo;\u00e9tait pas des chutes \u00e0 grande vitesse mais les aires de d\u00e9gagement sont faites de gros cailloux et non de gravier comme sur les autres \u00e9preuves \u00bb, s&rsquo;est plaint le sextuple champion du monde en MotoGP.<\/p>\n<p>Pour la deuxi\u00e8me fois cette saison, Marquez ne s&rsquo;\u00e9lancera pas de la premi\u00e8re ligne au contraire de son \u00e9quipier chez Ducati, \u00ab Pecco \u00bb Bagnaia, qui veut profiter de l&rsquo;\u00e9preuve n\u00e9erlandaise <a href=\"https:\/\/www.ledauphine.com\/sport\/2025\/06\/27\/l-italien-francesco-bagnaia-en-quete-de-redemption-aux-pays-bas\" target=\"_blank\" rel=\"noopener\">pour se rapprocher au championnat<\/a>. Un classement domin\u00e9 par Marquez avec 40 points d&rsquo;avance sur son fr\u00e8re Alex et 110 points sur Bagnaia.<\/p>\n","protected":false},"excerpt":{"rendered":"Le pilote fran\u00e7ais Fabio Quartararo a d\u00e9croch\u00e9, samedi la pole position du Grand Prix des Pays-Bas, sa quatri\u00e8me&hellip;\n","protected":false},"author":2,"featured_media":270016,"comment_status":"","ping_status":"","sticky":false,"template":"","format":"standard","meta":{"footnotes":""},"categories":[1413],"tags":[1976,1011,27,329,1457,1456,517,1947,60],"class_list":{"0":"post-270015","1":"post","2":"type-post","3":"status-publish","4":"format-standard","5":"has-post-thumbnail","7":"category-moto","8":"tag-auto-moto","9":"tag-fr","10":"tag-france","11":"tag-france-monde","12":"tag-moto","13":"tag-motocycle","14":"tag-sport","15":"tag-sport-national","16":"tag-sports"},"share_on_mastodon":{"url":"https:\/\/pubeurope.com\/@fr\/114907250855975220","error":""},"_links":{"self":[{"href":"https:\/\/www.europesays.com\/fr\/wp-json\/wp\/v2\/posts\/270015","targetHints":{"allow":["GET"]}}],"collection":[{"href":"https:\/\/www.europesays.com\/fr\/wp-json\/wp\/v2\/posts"}],"about":[{"href":"https:\/\/www.europesays.com\/fr\/wp-json\/wp\/v2\/types\/post"}],"author":[{"embeddable":true,"href":"https:\/\/www.europesays.com\/fr\/wp-json\/wp\/v2\/users\/2"}],"replies":[{"embeddable":true,"href":"https:\/\/www.europesays.com\/fr\/wp-json\/wp\/v2\/comments?post=270015"}],"version-history":[{"count":0,"href":"https:\/\/www.europesays.com\/fr\/wp-json\/wp\/v2\/posts\/270015\/revisions"}],"wp:featuredmedia":[{"embeddable":true,"href":"https:\/\/www.europesays.com\/fr\/wp-json\/wp\/v2\/media\/270016"}],"wp:attachment":[{"href":"https:\/\/www.europesays.com\/fr\/wp-json\/wp\/v2\/media?parent=270015"}],"wp:term":[{"taxonomy":"category","embeddable":true,"href":"https:\/\/www.europesays.com\/fr\/wp-json\/wp\/v2\/categories?post=270015"},{"taxonomy":"post_tag","embeddable":true,"href":"https:\/\/www.europesays.com\/fr\/wp-json\/wp\/v2\/tags?post=270015"}],"curies":[{"name":"wp","href":"https:\/\/api.w.org\/{rel}","templated":true}]}}